{"id":15944,"date":"2023-09-15T15:45:00","date_gmt":"2023-09-15T13:45:00","guid":{"rendered":"https:\/\/passporterapp.com\/it\/blog\/?p=15944"},"modified":"2023-12-14T13:48:26","modified_gmt":"2023-12-14T12:48:26","slug":"viaggio-eje-cafetero-colombia","status":"publish","type":"post","link":"https:\/\/passporterapp.com\/it\/blog\/colombia\/viaggio-eje-cafetero-colombia\/","title":{"rendered":"Cosa vedere e fare nell&#8217;Eje Cafetero della Colombia?"},"content":{"rendered":"\n\n<div class=\"kk-star-ratings kksr-auto kksr-align-left kksr-valign-top\"\n    data-payload='{&quot;align&quot;:&quot;left&quot;,&quot;id&quot;:&quot;15944&quot;,&quot;slug&quot;:&quot;default&quot;,&quot;valign&quot;:&quot;top&quot;,&quot;ignore&quot;:&quot;&quot;,&quot;reference&quot;:&quot;auto&quot;,&quot;class&quot;:&quot;&quot;,&quot;count&quot;:&quot;3&quot;,&quot;legendonly&quot;:&quot;&quot;,&quot;readonly&quot;:&quot;&quot;,&quot;score&quot;:&quot;3&quot;,&quot;starsonly&quot;:&quot;&quot;,&quot;best&quot;:&quot;5&quot;,&quot;gap&quot;:&quot;4&quot;,&quot;greet&quot;:&quot;Rate this post&quot;,&quot;legend&quot;:&quot;3\\\/5&quot;,&quot;size&quot;:&quot;24&quot;,&quot;title&quot;:&quot;Cosa vedere e fare nell\\u0026#039;Eje Cafetero della Colombia?&quot;,&quot;width&quot;:&quot;82&quot;,&quot;_legend&quot;:&quot;{score}\\\/{best}&quot;,&quot;font_factor&quot;:&quot;1.25&quot;}'>\n            \n<div class=\"kksr-stars\">\n    \n<div class=\"kksr-stars-inactive\">\n            <div class=\"kksr-star\" data-star=\"1\" style=\"padding-right: 4px\">\n            \n\n<div class=\"kksr-icon\" style=\"width: 24px; height: 24px;\"><\/div>\n        <\/div>\n            <div class=\"kksr-star\" data-star=\"2\" style=\"padding-right: 4px\">\n            \n\n<div class=\"kksr-icon\" style=\"width: 24px; height: 24px;\"><\/div>\n        <\/div>\n            <div class=\"kksr-star\" data-star=\"3\" style=\"padding-right: 4px\">\n            \n\n<div class=\"kksr-icon\" style=\"width: 24px; height: 24px;\"><\/div>\n        <\/div>\n            <div class=\"kksr-star\" data-star=\"4\" style=\"padding-right: 4px\">\n            \n\n<div class=\"kksr-icon\" style=\"width: 24px; height: 24px;\"><\/div>\n        <\/div>\n            <div class=\"kksr-star\" data-star=\"5\" style=\"padding-right: 4px\">\n            \n\n<div class=\"kksr-icon\" style=\"width: 24px; height: 24px;\"><\/div>\n        <\/div>\n    <\/div>\n    \n<div class=\"kksr-stars-active\" style=\"width: 82px;\">\n            <div class=\"kksr-star\" style=\"padding-right: 4px\">\n            \n\n<div class=\"kksr-icon\" style=\"width: 24px; height: 24px;\"><\/div>\n        <\/div>\n            <div class=\"kksr-star\" style=\"padding-right: 4px\">\n            \n\n<div class=\"kksr-icon\" style=\"width: 24px; height: 24px;\"><\/div>\n        <\/div>\n            <div class=\"kksr-star\" style=\"padding-right: 4px\">\n            \n\n<div class=\"kksr-icon\" style=\"width: 24px; height: 24px;\"><\/div>\n        <\/div>\n            <div class=\"kksr-star\" style=\"padding-right: 4px\">\n            \n\n<div class=\"kksr-icon\" style=\"width: 24px; height: 24px;\"><\/div>\n        <\/div>\n            <div class=\"kksr-star\" style=\"padding-right: 4px\">\n            \n\n<div class=\"kksr-icon\" style=\"width: 24px; height: 24px;\"><\/div>\n        <\/div>\n    <\/div>\n<\/div>\n                \n\n<div class=\"kksr-legend\" style=\"font-size: 19.2px;\">\n            3\/5    <\/div>\n    <\/div>\n\n<p>Localizzato nella regione andina della Colombia, l&#8217;Eje Cafetero \u00e8 una regione geografica, culturale ed economica di grande valore. Comprende i dipartimenti di Caldas, Risaralda e Quind\u00edo, oltre a parti di Tolima, Antioqu\u00eda e Valle del Cauca. Il suo nome deriva dal fatto che \u00e8 la pi\u00f9 grande area di coltivazione ed esportazione di caff\u00e8 del Paese, nonch\u00e9 il motore della sua economia.<\/p>\n\n\n\n<p>\u00c8 una regione delle aree di coltivazione ed esportazione di caff\u00e8 del Paese.<\/p>\n\n\n\n<p>L&#8217;Eje Cafetero della Colombia \u00e8 anche una delle zone pi\u00f9 visitate del Paese per i suoi paesaggi naturali che sembrano usciti da un film, per le sue affascinanti citt\u00e0 e cittadine, naturalmente per il suo delizioso caff\u00e8 e la sua gastronomia e per la sua gente amichevole e ospitale. Continuate a leggere e scoprite con noi perch\u00e9 l&#8217;Eje Cafetero \u00e8 una delle tappe fondamentali del vostro itinerario di viaggio in Colombia.<\/p>\n\n\n\n<div id=\"ez-toc-container\" class=\"ez-toc-v2_0_71 counter-hierarchy ez-toc-counter ez-toc-custom ez-toc-container-direction\">\n<p class=\"ez-toc-title\" style=\"cursor:inherit\">Contenuto del post<\/p>\n<label for=\"ez-toc-cssicon-toggle-item-69f1055795d7f\" class=\"ez-toc-cssicon-toggle-label\"><span class=\"\"><span class=\"eztoc-hide\" style=\"display:none;\">Toggle<\/span><span class=\"ez-toc-icon-toggle-span\"><svg style=\"fill: #000000;color:#000000\" xmlns=\"http:\/\/www.w3.org\/2000\/svg\" class=\"list-377408\" width=\"20px\" height=\"20px\" viewBox=\"0 0 24 24\" fill=\"none\"><path d=\"M6 6H4v2h2V6zm14 0H8v2h12V6zM4 11h2v2H4v-2zm16 0H8v2h12v-2zM4 16h2v2H4v-2zm16 0H8v2h12v-2z\" fill=\"currentColor\"><\/path><\/svg><svg style=\"fill: #000000;color:#000000\" class=\"arrow-unsorted-368013\" xmlns=\"http:\/\/www.w3.org\/2000\/svg\" width=\"10px\" height=\"10px\" viewBox=\"0 0 24 24\" version=\"1.2\" baseProfile=\"tiny\"><path d=\"M18.2 9.3l-6.2-6.3-6.2 6.3c-.2.2-.3.4-.3.7s.1.5.3.7c.2.2.4.3.7.3h11c.3 0 .5-.1.7-.3.2-.2.3-.5.3-.7s-.1-.5-.3-.7zM5.8 14.7l6.2 6.3 6.2-6.3c.2-.2.3-.5.3-.7s-.1-.5-.3-.7c-.2-.2-.4-.3-.7-.3h-11c-.3 0-.5.1-.7.3-.2.2-.3.5-.3.7s.1.5.3.7z\"\/><\/svg><\/span><\/span><\/label><input type=\"checkbox\"  id=\"ez-toc-cssicon-toggle-item-69f1055795d7f\"  aria-label=\"Toggle\" \/><nav><ul class='ez-toc-list ez-toc-list-level-1 ' ><li class='ez-toc-page-1 ez-toc-heading-level-2'><a class=\"ez-toc-link ez-toc-heading-1\" href=\"https:\/\/passporterapp.com\/it\/blog\/colombia\/viaggio-eje-cafetero-colombia\/#9-cose-da-fare-nellEje-Cafetero\" title=\"9 cose da fare nell&#8217;Eje Cafetero\">9 cose da fare nell&#8217;Eje Cafetero<\/a><ul class='ez-toc-list-level-3' ><li class='ez-toc-heading-level-3'><a class=\"ez-toc-link ez-toc-heading-2\" href=\"https:\/\/passporterapp.com\/it\/blog\/colombia\/viaggio-eje-cafetero-colombia\/#1-Tour-della-Valle-del-Cocora\" title=\"1 Tour della Valle del Cocora\">1 Tour della Valle del Cocora<\/a><\/li><li class='ez-toc-page-1 ez-toc-heading-level-3'><a class=\"ez-toc-link ez-toc-heading-3\" href=\"https:\/\/passporterapp.com\/it\/blog\/colombia\/viaggio-eje-cafetero-colombia\/#2-Visitare-il-Salento\" title=\"2 Visitare il Salento\">2 Visitare il Salento<\/a><\/li><li class='ez-toc-page-1 ez-toc-heading-level-3'><a class=\"ez-toc-link ez-toc-heading-4\" href=\"https:\/\/passporterapp.com\/it\/blog\/colombia\/viaggio-eje-cafetero-colombia\/#3-Scoprire-la-Filandria\" title=\"3 Scoprire la Filandria\">3 Scoprire la Filandria<\/a><\/li><li class='ez-toc-page-1 ez-toc-heading-level-3'><a class=\"ez-toc-link ez-toc-heading-5\" href=\"https:\/\/passporterapp.com\/it\/blog\/colombia\/viaggio-eje-cafetero-colombia\/#4-Degustazione-dellautentico-caffe-colombiano-in-una-fattoria-di-caffe\" title=\"4 Degustazione dell&#8217;autentico caff\u00e8 colombiano in una fattoria di caff\u00e8\">4 Degustazione dell&#8217;autentico caff\u00e8 colombiano in una fattoria di caff\u00e8<\/a><\/li><li class='ez-toc-page-1 ez-toc-heading-level-3'><a class=\"ez-toc-link ez-toc-heading-6\" href=\"https:\/\/passporterapp.com\/it\/blog\/colombia\/viaggio-eje-cafetero-colombia\/#5-Armenia\" title=\"5 Armenia\">5 Armenia<\/a><\/li><li class='ez-toc-page-1 ez-toc-heading-level-3'><a class=\"ez-toc-link ez-toc-heading-7\" href=\"https:\/\/passporterapp.com\/it\/blog\/colombia\/viaggio-eje-cafetero-colombia\/#6-Scoprire-Pijao\" title=\"6 Scoprire Pijao\">6 Scoprire Pijao<\/a><\/li><li class='ez-toc-page-1 ez-toc-heading-level-3'><a class=\"ez-toc-link ez-toc-heading-8\" href=\"https:\/\/passporterapp.com\/it\/blog\/colombia\/viaggio-eje-cafetero-colombia\/#7-Pereira\" title=\"7 Pereira\">7 Pereira<\/a><\/li><li class='ez-toc-page-1 ez-toc-heading-level-3'><a class=\"ez-toc-link ez-toc-heading-9\" href=\"https:\/\/passporterapp.com\/it\/blog\/colombia\/viaggio-eje-cafetero-colombia\/#8-Manizales\" title=\"8 Manizales\">8 Manizales<\/a><\/li><li class='ez-toc-page-1 ez-toc-heading-level-3'><a class=\"ez-toc-link ez-toc-heading-10\" href=\"https:\/\/passporterapp.com\/it\/blog\/colombia\/viaggio-eje-cafetero-colombia\/#9-Bagni-a-Santa-Rosa-de-Cabal\" title=\"9 Bagni a Santa Rosa de Cabal\">9 Bagni a Santa Rosa de Cabal<\/a><\/li><\/ul><\/li><li class='ez-toc-page-1 ez-toc-heading-level-2'><a class=\"ez-toc-link ez-toc-heading-11\" href=\"https:\/\/passporterapp.com\/it\/blog\/colombia\/viaggio-eje-cafetero-colombia\/#Gastronomia-dellEje-Cafetero\" title=\"Gastronomia dell&#8217;Eje Cafetero\">Gastronomia dell&#8217;Eje Cafetero<\/a><\/li><li class='ez-toc-page-1 ez-toc-heading-level-2'><a class=\"ez-toc-link ez-toc-heading-12\" href=\"https:\/\/passporterapp.com\/it\/blog\/colombia\/viaggio-eje-cafetero-colombia\/#Dove-dormire-nellEje-Cafetero\" title=\"Dove dormire nell&#8217;Eje Cafetero\">Dove dormire nell&#8217;Eje Cafetero<\/a><\/li><li class='ez-toc-page-1 ez-toc-heading-level-2'><a class=\"ez-toc-link ez-toc-heading-13\" href=\"https:\/\/passporterapp.com\/it\/blog\/colombia\/viaggio-eje-cafetero-colombia\/#Cosa-devo-sapere-prima-di-un-viaggio-allEje-Cafetero\" title=\"Cosa devo sapere prima di un viaggio all&#8217;Eje Cafetero?\">Cosa devo sapere prima di un viaggio all&#8217;Eje Cafetero?<\/a><\/li><li class='ez-toc-page-1 ez-toc-heading-level-2'><a class=\"ez-toc-link ez-toc-heading-14\" href=\"https:\/\/passporterapp.com\/it\/blog\/colombia\/viaggio-eje-cafetero-colombia\/#Come-organizzare-il-mio-viaggio-allEje-Cafetero\" title=\"Come organizzare il mio viaggio all&#8217;Eje Cafetero?\">Come organizzare il mio viaggio all&#8217;Eje Cafetero?<\/a><\/li><li class='ez-toc-page-1 ez-toc-heading-level-2'><a class=\"ez-toc-link ez-toc-heading-15\" href=\"https:\/\/passporterapp.com\/it\/blog\/colombia\/viaggio-eje-cafetero-colombia\/#Domande-frequenti-su-un-viaggio-nel-Triangolo-del-Caffe\" title=\"Domande frequenti su un viaggio nel Triangolo del Caff\u00e8\">Domande frequenti su un viaggio nel Triangolo del Caff\u00e8<\/a><\/li><\/ul><\/nav><\/div>\n<h2 class=\"wp-block-heading\" id=\"h-9-cose-da-fare-nell-eje-cafetero\"><span class=\"ez-toc-section\" id=\"9-cose-da-fare-nellEje-Cafetero\"><\/span>9 cose da fare nell&#8217;Eje Cafetero<span class=\"ez-toc-section-end\"><\/span><\/h2>\n\n\n\n<h3 class=\"wp-block-heading\" id=\"h-1-tour-della-valle-del-cocora\"><span class=\"ez-toc-section\" id=\"1-Tour-della-Valle-del-Cocora\"><\/span>1 Tour della Valle del Cocora<span class=\"ez-toc-section-end\"><\/span><\/h3>\n\n\n\n<p>La Valle del Cocora&nbsp;\u00e8 una meravigliosa enclave naturale situata nella catena montuosa centrale delle Ande colombiane. Pi\u00f9 precisamente, nella citt\u00e0 di Salento, a 30 km da Armenia, uno dei punti chiave dell&#8217;Eje Cafetero.<\/p>\n\n\n\n<p>La Valle del Cocora presenta una grande diversit\u00e0 di fauna e flora. Infatti, l&#8217;attrazione principale di questo parco sono le&nbsp;<strong>Palme de Cera<\/strong>, le pi\u00f9 alte del mondo e l&#8217;albero nazionale della Colombia. Se siete appassionati di natura, una visita alla Valle del Cocora \u00e8 una tappa obbligata del vostro itinerario di viaggio verso l&#8217;Eje Cafetero.<\/p>\n\n\n\n<figure class=\"wp-block-image size-full\"><img data-recalc-dims=\"1\" decoding=\"async\" src=\"https:\/\/i0.wp.com\/passporterapp.com\/es\/blog\/wp-content\/uploads\/2021\/09\/valle-del-cocora-colombia-1.jpeg?w=1140&#038;ssl=1\" alt=\"cosa fare in eje cafetero valle del cocora\" class=\"wp-image-33743\"\/><figcaption class=\"wp-element-caption\">Palmas de Cera en el Valle del Cocora @Unsplash<\/figcaption><\/figure>\n\n\n\n<p>L&#8217;attivit\u00e0 principale nella Valle del Cocora \u00e8 un trekking di 4-6 ore e 14 km. L&#8217;itinerario segue un percorso circolare di moderata complessit\u00e0. A volte, per\u00f2, sar\u00e0 necessario addentrarsi nella giungla e attraversare alcuni torrenti attraverso ponti sospesi in legno che offrono un ulteriore punto di emozione. I luoghi da visitare lungo il percorso includono: Acaime, una riserva di colibr\u00ec; vari punti panoramici e, naturalmente, la foresta di palme. Inoltre, \u00e8 possibile partecipare ad attivit\u00e0 interessanti come l&#8217;equitazione, la piantumazione di una palma o i picnic di fronte a uno dei panorami pi\u00f9 impressionanti della Colombia.<\/p>\n\n\n\n<h3 class=\"wp-block-heading\" id=\"h-2-visitare-il-salento\"><span class=\"ez-toc-section\" id=\"2-Visitare-il-Salento\"><\/span>2 Visitare il Salento<span class=\"ez-toc-section-end\"><\/span><\/h3>\n\n\n\n<p>Salento \u00e8 il comune pi\u00f9 antico del dipartimento di Quind\u00edo e il pi\u00f9 vicino alla Valle del Cocora, nonch\u00e9 uno dei pi\u00f9 belli e visitati dell&#8217;Eje Cafetero. Vi consigliamo di cogliere l&#8217;occasione per visitare questa pittoresca cittadina che vi conquister\u00e0 con i suoi colori e la cordialit\u00e0 della sua gente. Ecco cosa non si pu\u00f2 perdere:<\/p>\n\n\n\n<p>Cosa non si pu\u00f2 perdere:<\/p>\n\n\n\n<ul class=\"wp-block-list\">\n<li><strong>Piazza Sim\u00f3n Bol\u00edvar<\/strong>: oltre a essere il luogo in cui si prende la Willys Jeep per raggiungere la Valle del Cocora, questa piazza \u00e8 un brulicare di vita e movida il sabato, che contrasta con la pace della messa domenicale nella Chiesa di Nuestra Se\u00f1ora del Carmen de Salento. <\/li>\n\n\n\n<li><strong>Calle Real<\/strong>: Anche se tutte le strade della citt\u00e0 meritano di essere percorse con la loro architettura bianca e i loro colori vivaci, se dovessimo sceglierne solo una, Calle Real non dovrebbe mancare nel vostro itinerario. <\/li>\n\n\n\n<li><strong>Portare a casa l&#8217;autentico caff\u00e8 colombiano<\/strong>: approfittate di essere nell&#8217;Eje Cafetero per portare a casa uno (o forse qualche altro) pacchetto di caff\u00e8 colombiano acquistato alla <strong>&nbsp;Tienda Caf\u00e9 Salento<\/strong>, in Calle Real.<\/li>\n<\/ul>\n\n\n\n<figure class=\"wp-block-gallery has-nested-images columns-default is-cropped wp-block-gallery-1 is-layout-flex wp-block-gallery-is-layout-flex\">\n<figure class=\"wp-block-image size-large\"><img data-recalc-dims=\"1\" decoding=\"async\" data-id=\"33826\" src=\"https:\/\/i0.wp.com\/passporterapp.com\/es\/blog\/wp-content\/uploads\/2021\/09\/salento-calles-colombia.jpeg?w=1140&#038;ssl=1\" alt=\"salento colombia\" class=\"wp-image-33826\"\/><\/figure>\n\n\n\n<figure class=\"wp-block-image size-large\"><img data-recalc-dims=\"1\" height=\"1024\" width=\"768\" decoding=\"async\" data-id=\"46603\" src=\"https:\/\/i0.wp.com\/passporterapp.com\/es\/blog\/wp-content\/uploads\/2022\/08\/salento-turismo-en-eje-cafetero-768x1024.jpeg?resize=768%2C1024&#038;ssl=1\" alt=\"\" class=\"wp-image-46603\"\/><\/figure>\n<figcaption class=\"blocks-gallery-caption wp-element-caption\">Salento strade @jonathancano<\/figcaption><\/figure>\n\n\n\n<h3 class=\"wp-block-heading\" id=\"h-3-scoprire-la-filandria\"><span class=\"ez-toc-section\" id=\"3-Scoprire-la-Filandria\"><\/span>3 Scoprire la Filandria<span class=\"ez-toc-section-end\"><\/span><\/h3>\n\n\n\n<p>Situata anch&#8217;essa nel dipartimento di Quindio, Filandia \u00e8 uno dei comuni pi\u00f9 rappresentativi dell&#8217;Asse del Caff\u00e8, ricco di interessanti attrazioni turistiche.<\/p>\n\n\n\n<p>Come nel Salento, passeggiare per le strade di Filandia \u00e8 una delle cose migliori da fare nell&#8217;Eje Cafetero. Le sue case coloniali bianche con finestre e dettagli di tutti i colori e i suoi bellissimi negozi di artigianato lasciano tutti i visitatori a bocca aperta. Non perdete la Calle del tiempo detenido, dove potrete acquistare souvenir del vostro viaggio, e la Calle el convento.<\/p>\n\n\n\n<p>La Parroquia Inmaculada Concepci\u00f3n va vista almeno dall&#8217;esterno: \u00e8 una vera meraviglia e non ha nulla da invidiare a nessun altro tempio religioso europeo, grazie al suo sorprendente colore blu. Se siete interessati alla fauna e alla natura, potete fare una passeggiata di 3,5 km attraverso il Canyon del fiume Barbas, dove potrete vedere e ascoltare una specie autoctona, la&nbsp;<strong>scimmia urlatrice rossa<\/strong><\/p>\n\n\n\n<figure class=\"wp-block-gallery has-nested-images columns-default is-cropped wp-block-gallery-2 is-layout-flex wp-block-gallery-is-layout-flex\">\n<figure class=\"wp-block-image size-large\"><img data-recalc-dims=\"1\" decoding=\"async\" data-id=\"46610\" src=\"https:\/\/i0.wp.com\/passporterapp.com\/es\/blog\/wp-content\/uploads\/2022\/08\/itinerario-eje-cafetero-filandia.jpg?w=1140&#038;ssl=1\" alt=\"\" class=\"wp-image-46610\"\/><figcaption class=\"wp-element-caption\">Scimmia urlatrice rossa @Pixabay<\/figcaption><\/figure>\n\n\n\n<figure class=\"wp-block-image size-large\"><img data-recalc-dims=\"1\" decoding=\"async\" data-id=\"33825\" src=\"https:\/\/i0.wp.com\/passporterapp.com\/es\/blog\/wp-content\/uploads\/2021\/09\/catedral-salento-colombia.jpeg?w=1140&#038;ssl=1\" alt=\"filandia que hacer en el eje cafetero\" class=\"wp-image-33825\"\/><figcaption class=\"wp-element-caption\">Parroquia de la Inmaculada Concepci\u00f3n de Filandia @javier18<\/figcaption><\/figure>\n<figcaption class=\"blocks-gallery-caption wp-element-caption\">Filandia \u00e8 una delle principali destinazioni da visitare nell&#8217;Eje Cafetero<\/figcaption><\/figure>\n\n\n\n<h3 class=\"wp-block-heading\" id=\"h-4-degustazione-dell-autentico-caffe-colombiano-in-una-fattoria-di-caffe\"><span class=\"ez-toc-section\" id=\"4-Degustazione-dellautentico-caffe-colombiano-in-una-fattoria-di-caffe\"><\/span>4 Degustazione dell&#8217;autentico caff\u00e8 colombiano in una fattoria di caff\u00e8<span class=\"ez-toc-section-end\"><\/span><\/h3>\n\n\n\n<p>Naturalmente, una delle esperienze da non perdere durante un viaggio nell&#8217;Eje Cafetero \u00e8 quella di visitare una piantagione di caff\u00e8 e provare il miglior caff\u00e8 colombiano sul posto. Come si pu\u00f2 immaginare, ce ne sono molti, dato che la coltivazione del caff\u00e8 \u00e8 la principale attivit\u00e0 economica di questa regione della Colombia, e molti di essi offrono visite guidate che spiegano il processo.<\/p>\n\n\n\n<figure class=\"wp-block-image size-full\"><img data-recalc-dims=\"1\" decoding=\"async\" src=\"https:\/\/i0.wp.com\/passporterapp.com\/es\/blog\/wp-content\/uploads\/2022\/08\/cafe-de-manizales-colombia-edited.jpeg?w=1140&#038;ssl=1\" alt=\"finca cafetera que hacer en eje cafetero\" class=\"wp-image-46590\"\/><figcaption class=\"wp-element-caption\">Il caff\u00e8 \u00e8 la principale attivit\u00e0 economica nella regione di coltivazione del caff\u00e8 @Unsplash<\/figcaption><\/figure>\n\n\n\n<p><strong>Recuca<\/strong>, nel Quind\u00edo, \u00e8 una delle pi\u00f9 famose. Qui i visitatori hanno l&#8217;opportunit\u00e0 di diventare coltivatori di caff\u00e8 per un giorno e di vivere l&#8217;esperienza del caff\u00e8 dall&#8217;interno. Dall&#8217;indossare gli abiti da lavoro e recarsi nelle piantagioni di caff\u00e8 per raccogliere i frutti, fino alla degustazione del caff\u00e8, i visitatori attraversano tutte le fasi della sua produzione. Tariffe: da 22.000 COP a 36.000 COP (5-8&#8217;15\u20ac), a seconda del servizio stipulato.<\/p>\n\n\n\n<p>Ma non \u00e8 l&#8217;unica, ci sono molte altre fattorie famose e altamente raccomandate come&nbsp;<strong>El Ocaso<\/strong>,&nbsp;<strong>Caficultur<\/strong>,&nbsp;<strong>Las Acacias, Hacienda Combia&#8230;<\/strong><\/p>\n\n\n\n<p>Ma non \u00e8 l&#8217;unica.<\/p>\n\n\n\n<h3 class=\"wp-block-heading\" id=\"h-5-armenia\"><span class=\"ez-toc-section\" id=\"5-Armenia\"><\/span>5 Armenia<span class=\"ez-toc-section-end\"><\/span><\/h3>\n\n\n\n<p>Armenia \u00e8 la capitale del dipartimento di Quindio e una delle citt\u00e0 pi\u00f9 importanti da visitare nell&#8217;Eje Cafetero in Colombia. La principale attivit\u00e0 economica e turistica \u00e8 il caff\u00e8, quindi vi consigliamo di approfittare della vostra visita per visitare le&nbsp;<strong>fattorie di caff\u00e8<\/strong>&nbsp;e immergervi nella sua tradizione e cultura. Essendo uno dei principali esportatori di caff\u00e8 al mondo, si pu\u00f2 immaginare che l&#8217;Armenia sia una citt\u00e0 immersa nella natura e nel verde, che la rende la destinazione ideale per una&nbsp;<strong>fuga rurale<\/strong>&nbsp;dove riconnettersi con se stessi. Alcuni luoghi importanti da vedere in questa citt\u00e0 colombiana sono il&nbsp;<strong>Giardino Botanico<\/strong>, la&nbsp;<strong>Plaza de Bolivar<\/strong>, il&nbsp;<strong>Museo del Oro<\/strong>&nbsp;e il&nbsp;<strong>Parque de la Vida<\/strong>.<\/p>\n\n\n\n<div class=\"wp-block-buttons is-horizontal is-content-justification-center is-layout-flex wp-container-core-buttons-is-layout-499968f5 wp-block-buttons-is-layout-flex\">\n<div class=\"wp-block-button\"><a class=\"wp-block-button__link has-background wp-element-button\" href=\"https:\/\/passporterapp.com\/download\/?&amp;ref=blogpassporteri&amp;utm_source=blog&amp;utm_medium=cosa-vedere-eje-cafetero-colombiaa&amp;utm_term=scaricare-l-applicazione\" style=\"background-color:#2a7057\" target=\"_blank\" rel=\"noreferrer noopener\">scaricate l&#8217;app Passporter, \u00e8 gratis! \ud83d\ude09<\/a><\/div>\n<\/div>\n\n\n\n<h3 class=\"wp-block-heading\" id=\"h-6-scoprire-pijao\"><span class=\"ez-toc-section\" id=\"6-Scoprire-Pijao\"><\/span>6 Scoprire Pijao<span class=\"ez-toc-section-end\"><\/span><\/h3>\n\n\n\n<p>Anche se Pijao non \u00e8 in cima alla lista delle destinazioni pi\u00f9 visitate, preceduto da Filandia e Salento, \u00e8 uno dei comuni pi\u00f9 belli della regione. Soprattutto se amate i luoghi pi\u00f9 tranquilli e meno turistici, Pijao vi affasciner\u00e0 con le sue stradine dall&#8217;architettura tipica del caff\u00e8, le case bianche piene di dettagli colorati e i fiori che adornano i balconi. Inoltre, a Pijao potrete godere di qualcosa di diverso: un&#8217;autentica galleria di strada. Alcune strade, soprattutto la principale, sono decorate con autentiche opere di graffiti.<\/p>\n\n\n\n<p>Un&#8217;altra attrazione di Pijao \u00e8 la&nbsp;<strong>Laguna de las Mellizas<\/strong>, nel Parco Naturale di Los Nevados. Tuttavia, per arrivarci bisogna camminare per circa cinque ore su sentieri paludosi, quindi \u00e8 un&#8217;esperienza riservata agli escursionisti e agli amanti della natura. Lo sforzo vale la pena perch\u00e9 conduce a un paesaggio unico, con una splendida laguna tra le verdi montagne della Colombia &#8211; una meraviglia!<\/p>\n\n\n\n<p>E&#8217; una meraviglia!<\/p>\n\n\n\n<h3 class=\"wp-block-heading\" id=\"h-7-pereira\"><span class=\"ez-toc-section\" id=\"7-Pereira\"><\/span>7 Pereira<span class=\"ez-toc-section-end\"><\/span><\/h3>\n\n\n\n<p>Come l&#8217;Armenia, Pereira \u00e8 una delle tre capitali dell&#8217;Eje Cafetero. Il suo&nbsp;<strong>paesaggio verde<\/strong>, la cordialit\u00e0 della sua gente e il&nbsp;<strong>caff\u00e8<\/strong>&nbsp;sono motivi sufficienti per visitare la capitale del dipartimento di Risaralda. Qui potrete visitare le&nbsp;<strong>fattorie di caff\u00e8<\/strong>, visitare il&nbsp;<strong>Parco Nazionale dei Nevados<\/strong>&nbsp;e rilassarvi nelle&nbsp;<strong>sorgenti termali di Santa Rosa de Cabal<\/strong>, a 15 km da Pereira.<\/p>\n\n\n\n<h3 class=\"wp-block-heading\" id=\"h-8-manizales\"><span class=\"ez-toc-section\" id=\"8-Manizales\"><\/span>8 Manizales<span class=\"ez-toc-section-end\"><\/span><\/h3>\n\n\n\n<p>Manizales \u00e8 la capitale del dipartimento di Caldas. Qui \u00e8 particolarmente interessante visitare la&nbsp;<strong>Cattedrale Basilica Nuestra Se\u00f1ora del Rosario<\/strong>&nbsp;di stile gotico e bizantino e alta 113 metri. Un altro luogo emblematico \u00e8 il&nbsp;<strong>Barrio de Chipre<\/strong>&nbsp;dove si trovano due delle attrazioni imperdibili: il&nbsp;<strong>Monumento ai Colonizzatori<\/strong>&nbsp;che rievoca la fondazione della citt\u00e0 dopo la colonizzazione antioquena e il&nbsp;<strong>Mirador de Chipre<\/strong>&nbsp;da cui si pu\u00f2 apprezzare la vista di tutta la citt\u00e0. Si consiglia di visitarla nei primi giorni di gennaio per assistere alla Fiera di Manizales, dichiarata Patrimonio Culturale Nazionale.<\/p>\n\n\n\n<figure class=\"wp-block-image size-large\"><img data-recalc-dims=\"1\" height=\"682\" width=\"1024\" decoding=\"async\" src=\"https:\/\/i0.wp.com\/passporterapp.com\/es\/blog\/wp-content\/uploads\/2021\/09\/manizales-colombia-1024x682.jpg?resize=1024%2C682&#038;ssl=1\" alt=\"manizales eje cafetero\" class=\"wp-image-33493\"\/><figcaption class=\"wp-element-caption\">Manizales, una delle mete imperdibili dell&#8217;Eje Cafetero @unsplash<\/figcaption><\/figure>\n\n\n\n<h3 class=\"wp-block-heading\" id=\"h-9-bagni-a-santa-rosa-de-cabal\"><span class=\"ez-toc-section\" id=\"9-Bagni-a-Santa-Rosa-de-Cabal\"><\/span>9 Bagni a Santa Rosa de Cabal<span class=\"ez-toc-section-end\"><\/span><\/h3>\n\n\n\n<p>Santa Rosa de Cabal \u00e8 una famosa destinazione dell&#8217;Eje Cafetero, nota soprattutto per le sue fantastiche sorgenti termali. Ci sono due centri dove si pu\u00f2 godere delle meravigliose acque termali della citt\u00e0, con le loro propriet\u00e0 rilassanti e, secondo molti, curative. Si tratta della&nbsp;<strong>Reserva Termal San Vicente<\/strong>&nbsp;e della&nbsp;<strong>Termale Santa Rosa de Cabal<\/strong>, che offre anche un ristorante, un hotel e altre attivit\u00e0 rilassanti come i massaggi.<\/p>\n\n\n\n<p>Le terme di Santa Rosa de Cabal si trovano nella&nbsp;<strong>Riserva Termale San Vicente<\/strong>.<\/p>\n\n\n\n<p>Ma questa non \u00e8 l&#8217;unica cosa da fare a Santa Rosa de Cabal, vale la pena visitare anche il Parque Las Araucarias, il Monumento al Machete e la Bas\u00edlica menor de Nuestra Se\u00f1ora de las Victorias.<\/p>\n\n\n\n<h2 class=\"wp-block-heading\" id=\"h-gastronomia-dell-eje-cafetero\"><span class=\"ez-toc-section\" id=\"Gastronomia-dellEje-Cafetero\"><\/span>Gastronomia dell&#8217;Eje Cafetero<span class=\"ez-toc-section-end\"><\/span><\/h2>\n\n\n\n<p>La Colombia \u00e8 un Paese con una gastronomia molto ricca e variegata, con piatti che hanno raggiunto uno status internazionale e sono acclamati in tutto il mondo come le arepas e ingredienti come, ovviamente, il caff\u00e8. La regione dell&#8217;Eje Cafetero ha alcuni piatti che meritano una menzione speciale in questo post e che non possono mancare nel vostro viaggio nell&#8217;Eje Cafetero.<\/p>\n\n\n\n<p>La regione dell&#8217;Eje Cafetero ha alcuni piatti che meritano una menzione speciale in questo post.<\/p>\n\n\n\n<ul class=\"wp-block-list\">\n<li><strong>Bandeja Paisa:<\/strong> una delle ricette pi\u00f9 tipiche dell&#8217;Eje Cafetero e della Colombia in generale. \u00c8 un piatto molto sostanzioso composto da 9 ingredienti: riso, chorizo, uova, carne macinata, fagioli, avocado, cotenne di maiale e fette di piantaggine.<\/li>\n\n\n\n<li><strong>Sancocho:<\/strong> una delle zuppe pi\u00f9 famose del Paese che nel corso degli anni si \u00e8 adattata ai gusti di ogni regione. Ci sono diversi ingredienti che sono sempre comuni, come la yucca, il mais, le patate e la piantaggine, e nella regione di coltivazione del caff\u00e8 si aggiungono solitamente pollo, maiale e manzo.<\/li>\n\n\n\n<li><strong>Trota:<\/strong> La trota \u00e8 uno degli ingredienti pi\u00f9 comuni nella regione di coltivazione del caff\u00e8 e ci sono migliaia di modi per mangiarla, con l&#8217;aglio, in salsa, nelle zuppe&#8230;<\/li>\n<\/ul>\n\n\n\n<figure class=\"wp-block-image size-large\"><img data-recalc-dims=\"1\" height=\"575\" width=\"1024\" decoding=\"async\" src=\"https:\/\/i0.wp.com\/passporterapp.com\/es\/blog\/wp-content\/uploads\/2022\/08\/gastronomia-eje-cafetero-colombia-1024x575.jpg?resize=1024%2C575&#038;ssl=1\" alt=\"Gastonomia Eje Cafetero Colombia\" class=\"wp-image-46578\"\/><figcaption class=\"wp-element-caption\">Sanchoco, un piatto da provare durante il vostro viaggio all&#8217;Eje Cafetero @Unsplash<\/figcaption><\/figure>\n\n\n\n<h2 class=\"wp-block-heading\" id=\"h-dove-dormire-nell-eje-cafetero\"><span class=\"ez-toc-section\" id=\"Dove-dormire-nellEje-Cafetero\"><\/span>Dove dormire nell&#8217;Eje Cafetero<span class=\"ez-toc-section-end\"><\/span><\/h2>\n\n\n\n<p>Questi sono alcuni consigli per l&#8217;alloggio in diverse zone dell&#8217;Eje Cafetero in Colombia.<\/p>\n\n\n\n<ul class=\"wp-block-list\">\n<li><strong>Caba\u00f1as Valle del Cocora La Truchera<\/strong>: splendide cabine con camera da letto, soggiorno e bagno privato, oltre a fantastiche viste sulla valle e colazione inclusa. Animali ammessi (36-62\u20ac a notte)<\/li>\n\n\n\n<li><strong>Hotel Salento Plaza: <\/strong>Uno dei migliori posti dove soggiornare nel Salento. L&#8217;Hotel Salento Plaza si distingue per la sua fantastica posizione a 100 metri dalla piazza principale, per la pulizia, il comfort e l&#8217;ottimo trattamento, oltre che per le splendide viste dalle sue camere sulle montagne o sul piacevole giardino dell&#8217;hotel. Ottima colazione inclusa (47-60\u20ac a notte)<\/li>\n\n\n\n<li><strong>El Reloj Casa Hotel<\/strong>: Uno dei migliori alloggi di Filandia. Questo hotel a 4 stelle, oltre all&#8217;arredamento accogliente, offre camere confortevoli e pulite in una posizione perfetta nel centro di Filandia. Ottima colazione inclusa (46-50\u20ac a notte)<\/li>\n<\/ul>\n\n\n\n<h2 class=\"wp-block-heading\"><span class=\"ez-toc-section\" id=\"Cosa-devo-sapere-prima-di-un-viaggio-allEje-Cafetero\"><\/span>Cosa devo sapere prima di un viaggio all&#8217;Eje Cafetero? <span class=\"ez-toc-section-end\"><\/span><\/h2>\n\n\n\n<ul class=\"wp-block-list\">\n<li>La moneta in Colombia \u00e8 il peso colombiano (1\u20ac = 4.412,08 pesos colombiani)<\/li>\n\n\n\n<li>Indossate indumenti comodi e traspiranti, poich\u00e9 il clima \u00e8 molto umido, nonch\u00e9 una giacca a vento e scarpe da trekking o da ginnastica per le passeggiate nella natura.<\/li>\n\n\n\n<li>Portate con voi abiti caldi e una giacca a vento per il periodo dell&#8217;anno in cui viaggiate.<\/li>\n\n\n\n<li>Nella Valle del Cocora portate sempre con voi acqua e cibo. Essendo un parco naturale, non ci sono chioschi dove potersi fermare per ricaricare le batterie.<\/li>\n\n\n\n<li>Indossate un repellente per insetti prima di addentrarvi nella giungla.<\/li>\n\n\n\n<li>Vi consigliamo di portare con voi un power bank per il cellulare se fate lunghe passeggiate nella natura e di scaricare un GPS che non richieda l&#8217;accesso a internet nel caso in cui non ci sia copertura. <\/li>\n\n\n\n<li>Portate sempre con voi dei contanti, perch\u00e9 non tutti i negozi, soprattutto quelli pi\u00f9 piccoli, accettano le carte.<\/li>\n\n\n\n<li>L&#8217;Eje Cafetero \u00e8 una zona sicura, ma come in ogni viaggio, \u00e8 meglio essere prudenti con i propri effetti personali e non portare oggetti di valore in bella vista.<\/li>\n\n\n\n<li>Proteggetevi dalle emergenze mediche: viaggiate assicurati.<\/li>\n<\/ul>\n\n\n\n<h2 class=\"wp-block-heading\" id=\"h-come-organizzare-il-mio-viaggio-all-eje-cafetero\"><span class=\"ez-toc-section\" id=\"Come-organizzare-il-mio-viaggio-allEje-Cafetero\"><\/span>Come organizzare il mio viaggio all&#8217;Eje Cafetero?<span class=\"ez-toc-section-end\"><\/span><\/h2>\n\n\n\n<p>Registratevi o scaricate l&#8217;applicazione Passporter e approfittate di tutti i suoi vantaggi:<\/p>\n\n\n\n<div class=\"wp-block-buttons is-horizontal is-content-justification-center is-layout-flex wp-container-core-buttons-is-layout-499968f5 wp-block-buttons-is-layout-flex\">\n<div class=\"wp-block-button\"><a class=\"wp-block-button__link has-background wp-element-button\" href=\"https:\/\/passporterapp.com\/it\/auth\/signup?&amp;ref=blogpassporter5&amp;utm_source=blog&amp;utm_medium=cosa-vedere-eje-cafetero-colombia&amp;utm_term=registrazione-gratuita\" style=\"background-color:#2a7057\" target=\"_blank\" rel=\"noreferrer noopener\">Registrati gratuitamente su Passpoter<\/a><\/div>\n<\/div>\n\n\n\n<ul class=\"wp-block-list\">\n<li>Fatevi ispirare dalle esperienze di altri viaggiatori.<\/li>\n\n\n\n<li>Create il vostro itinerario personale e aggiungeteci i suggerimenti dell&#8217;app.<\/li>\n\n\n\n<li>Aggiungete le tappe che vi interessano di pi\u00f9, cos\u00ec come i ristoranti e i bar dove volete mangiare (potete usare i punti di interesse elencati in questo post come riferimento). <\/li>\n\n\n\n<li>Organizza il tuo itinerario per giorni di percorso in base alla loro posizione sulla mappa (puoi prendere ispirazione dagli itinerari che presentiamo nel post).<\/li>\n\n\n\n<li>Controlla il budget di viaggio che l&#8217;app calcola in base alle tue tappe, ai ristoranti e alle attivit\u00e0 di svago.<\/li>\n\n\n\n<li>Aggiungi le modifiche necessarie e sarai pronto per il tuo viaggio.<\/li>\n\n\n\n<li>Condividi la tua esperienza. Caricate sull&#8217;app le foto di tutti i luoghi che avete visitato durante il vostro viaggio per ispirare gli altri utenti.<\/li>\n<\/ul>\n\n\n\n<p>Se avete dubbi su come fare, potete consultare il nostro post:&nbsp;<a href=\"https:\/\/passporterapp.com\/it\/blog\/spagna\/itinerario-di-viaggio\/\" target=\"_blank\" rel=\"noreferrer noopener\"><strong>Come creare un itinerario di viaggio in Passporter<\/strong>.<\/a><\/p>\n\n\n\n<h2 class=\"wp-block-heading\"><span class=\"ez-toc-section\" id=\"Domande-frequenti-su-un-viaggio-nel-Triangolo-del-Caffe\"><\/span>Domande frequenti su un viaggio nel Triangolo del Caff\u00e8<span class=\"ez-toc-section-end\"><\/span><\/h2>\n\n\n\n<div class=\"schema-faq wp-block-yoast-faq-block\"><div class=\"schema-faq-section\" id=\"faq-question-1661434205057\"><strong class=\"schema-faq-question\">Qual \u00e8 il clima nell&#8217;Eje Cafetero?<\/strong> <p class=\"schema-faq-answer\">Le temperature nell&#8217;Eje Cafetero colombiano sono abbastanza stabili durante tutto l&#8217;anno, con temperature medie di circa 25\u00baC. Il clima \u00e8 molto umido e le precipitazioni sono pi\u00f9 abbondanti in primavera e in autunno, anche se pu\u00f2 piovere in qualsiasi mese dell&#8217;anno. Sebbene le temperature siano miti, la sera tendono a scendere, quindi \u00e8 bene mettere in valigia qualche indumento caldo e un mackintosh.<\/p> <\/div> <div class=\"schema-faq-section\" id=\"faq-question-1661434247321\"><strong class=\"schema-faq-question\">Quando \u00e8 il momento migliore per recarsi all&#8217;Eje Cafetero?<\/strong> <p class=\"schema-faq-answer\">Come abbiamo detto, le temperature sono miti e il clima \u00e8 umido tutto l&#8217;anno, quindi non c&#8217;\u00e8 un momento sbagliato per recarsi all&#8217;Eje Cafetero. I mesi estivi e invernali tendono a essere pi\u00f9 confortevoli perch\u00e9 le precipitazioni sono meno frequenti, ma pu\u00f2 piovere in qualsiasi mese dell&#8217;anno.<\/p> <\/div> <div class=\"schema-faq-section\" id=\"faq-question-1661434333123\"><strong class=\"schema-faq-question\">Come raggiungere l&#8217;Eje Cafetero?<\/strong> <p class=\"schema-faq-answer\">Il modo pi\u00f9 pratico per raggiungere l&#8217;Eje Cafetero \u00e8 volare fino a una delle sue citt\u00e0 principali (Pereira, Armenia o Caldas), poich\u00e9 le distanze in Colombia sono molto lunghe, soprattutto se non si possiede un&#8217;auto. Per esempio, il viaggio da Bogot\u00e0 all&#8217;Armenia dura 8 ore in autobus, 4 ore in auto e 1 ora in aereo.<\/p> <\/div> <div class=\"schema-faq-section\" id=\"faq-question-1661434402457\"><strong class=\"schema-faq-question\">Come muoversi nell&#8217;Eje Cafetero?<\/strong> <p class=\"schema-faq-answer\">Sebbene sia possibile viaggiare in autobus, il modo pi\u00f9 semplice e pratico per spostarsi nelle diverse citt\u00e0 e aree dell&#8217;Eje Cafetero in Colombia \u00e8 l&#8217;automobile. Se non avete la vostra auto, potete noleggiarne una nelle principali citt\u00e0 come Armenia, Pereira e Manizabal per circa 25 euro al giorno.<\/p> <\/div> <\/div>\n","protected":false},"excerpt":{"rendered":"<p>Localizzato nella regione andina della Colombia, l&#8217;Eje Cafetero \u00e8 una regione geografica, culturale ed economica di grande valore. Comprende i dipartimenti di Caldas, Risaralda e Quind\u00edo, oltre a parti di Tolima, Antioqu\u00eda e Valle del Cauca. Il suo nome deriva dal fatto che \u00e8 la pi\u00f9 grande area di coltivazione ed esportazione di caff\u00e8 del Paese, nonch\u00e9 il motore della sua economia. \u00c8 una regione delle aree di coltivazione ed esportazione di caff\u00e8 del Paese. L&#8217;Eje Cafetero della Colombia \u00e8 anche una delle zone pi\u00f9 visitate del Paese per i suoi paesaggi naturali che sembrano usciti da un film, per le sue affascinanti citt\u00e0 e cittadine, naturalmente per il suo delizioso caff\u00e8 e la sua gastronomia e per la sua gente amichevole e ospitale. Continuate a leggere e scoprite con noi perch\u00e9 l&#8217;Eje Cafetero \u00e8 [&hellip;]<\/p>\n","protected":false},"author":183705619,"featured_media":15945,"comment_status":"open","ping_status":"open","sticky":false,"template":"","format":"standard","meta":{"_coblocks_attr":"","_coblocks_dimensions":"","_coblocks_responsive_height":"","_coblocks_accordion_ie_support":"","jetpack_post_was_ever_published":false,"_jetpack_newsletter_access":"","_jetpack_dont_email_post_to_subs":false,"_jetpack_newsletter_tier_id":0,"_jetpack_memberships_contains_paywalled_content":false,"_jetpack_memberships_contains_paid_content":false,"footnotes":"","jetpack_publicize_message":"","jetpack_publicize_feature_enabled":true,"jetpack_social_post_already_shared":true,"jetpack_social_options":{"image_generator_settings":{"template":"highway","enabled":false},"version":2}},"categories":[1471],"tags":[],"class_list":["post-15944","post","type-post","status-publish","format-standard","has-post-thumbnail","hentry","category-colombia"],"jetpack_publicize_connections":[],"yoast_head":"<!-- This site is optimized with the Yoast SEO Premium plugin v24.0 (Yoast SEO v24.0) - https:\/\/yoast.com\/wordpress\/plugins\/seo\/ -->\n<title>Cosa vedere e fare nell&#039;Eje Cafetero della Colombia? - Passporter Blog<\/title>\n<meta name=\"description\" content=\"Scoprite cosa fare nell&#039;Eje Cafetero della Colombia, dalla visita alla Valle del Cocora alle citt\u00e0, ai villaggi e a un&#039;autentica fattoria del caff\u00e8.\" \/>\n<meta name=\"robots\" content=\"index, follow, max-snippet:-1, max-image-preview:large, max-video-preview:-1\" \/>\n<link rel=\"canonical\" href=\"https:\/\/passporterapp.com\/it\/blog\/colombia\/viaggio-eje-cafetero-colombia\/\" \/>\n<meta property=\"og:locale\" content=\"it_IT\" \/>\n<meta property=\"og:type\" content=\"article\" \/>\n<meta property=\"og:title\" content=\"Cosa vedere e fare nell&#039;Eje Cafetero della Colombia?\" \/>\n<meta property=\"og:description\" content=\"Scoprite cosa fare nell&#039;Eje Cafetero della Colombia, dalla visita alla Valle del Cocora alle citt\u00e0, ai villaggi e a un&#039;autentica fattoria del caff\u00e8.\" \/>\n<meta property=\"og:url\" content=\"https:\/\/passporterapp.com\/it\/blog\/colombia\/viaggio-eje-cafetero-colombia\/\" \/>\n<meta property=\"og:site_name\" content=\"Passporter Blog\" \/>\n<meta property=\"article:published_time\" content=\"2023-09-15T13:45:00+00:00\" \/>\n<meta property=\"article:modified_time\" content=\"2023-12-14T12:48:26+00:00\" \/>\n<meta property=\"og:image\" content=\"https:\/\/passporterapp.com\/it\/blog\/wp-content\/uploads\/2022\/08\/viaggio-eje-cafetero-colombia.jpeg\" \/>\n\t<meta property=\"og:image:width\" content=\"2560\" \/>\n\t<meta property=\"og:image:height\" content=\"1702\" \/>\n\t<meta property=\"og:image:type\" content=\"image\/jpeg\" \/>\n<meta name=\"author\" content=\"janethvelandia\" \/>\n<meta name=\"twitter:card\" content=\"summary_large_image\" \/>\n<meta name=\"twitter:label1\" content=\"Scritto da\" \/>\n\t<meta name=\"twitter:data1\" content=\"janethvelandia\" \/>\n\t<meta name=\"twitter:label2\" content=\"Tempo di lettura stimato\" \/>\n\t<meta name=\"twitter:data2\" content=\"15 minuti\" \/>\n<script type=\"application\/ld+json\" class=\"yoast-schema-graph\">{\"@context\":\"https:\/\/schema.org\",\"@graph\":[{\"@type\":[\"WebPage\",\"FAQPage\"],\"@id\":\"https:\/\/passporterapp.com\/it\/blog\/colombia\/viaggio-eje-cafetero-colombia\/\",\"url\":\"https:\/\/passporterapp.com\/it\/blog\/colombia\/viaggio-eje-cafetero-colombia\/\",\"name\":\"Cosa vedere e fare nell'Eje Cafetero della Colombia? - Passporter Blog\",\"isPartOf\":{\"@id\":\"https:\/\/passporterapp.com\/it\/blog\/#website\"},\"primaryImageOfPage\":{\"@id\":\"https:\/\/passporterapp.com\/it\/blog\/colombia\/viaggio-eje-cafetero-colombia\/#primaryimage\"},\"image\":{\"@id\":\"https:\/\/passporterapp.com\/it\/blog\/colombia\/viaggio-eje-cafetero-colombia\/#primaryimage\"},\"thumbnailUrl\":\"https:\/\/i0.wp.com\/passporterapp.com\/it\/blog\/wp-content\/uploads\/2022\/08\/viaggio-eje-cafetero-colombia.jpeg?fit=2560%2C1702&ssl=1\",\"datePublished\":\"2023-09-15T13:45:00+00:00\",\"dateModified\":\"2023-12-14T12:48:26+00:00\",\"author\":{\"@id\":\"https:\/\/passporterapp.com\/it\/blog\/#\/schema\/person\/04d27a56953cba93509b8353a97f0aa4\"},\"description\":\"Scoprite cosa fare nell'Eje Cafetero della Colombia, dalla visita alla Valle del Cocora alle citt\u00e0, ai villaggi e a un'autentica fattoria del caff\u00e8.\",\"breadcrumb\":{\"@id\":\"https:\/\/passporterapp.com\/it\/blog\/colombia\/viaggio-eje-cafetero-colombia\/#breadcrumb\"},\"mainEntity\":[{\"@id\":\"https:\/\/passporterapp.com\/it\/blog\/colombia\/viaggio-eje-cafetero-colombia\/#faq-question-1661434205057\"},{\"@id\":\"https:\/\/passporterapp.com\/it\/blog\/colombia\/viaggio-eje-cafetero-colombia\/#faq-question-1661434247321\"},{\"@id\":\"https:\/\/passporterapp.com\/it\/blog\/colombia\/viaggio-eje-cafetero-colombia\/#faq-question-1661434333123\"},{\"@id\":\"https:\/\/passporterapp.com\/it\/blog\/colombia\/viaggio-eje-cafetero-colombia\/#faq-question-1661434402457\"}],\"inLanguage\":\"it-IT\",\"potentialAction\":[{\"@type\":\"ReadAction\",\"target\":[\"https:\/\/passporterapp.com\/it\/blog\/colombia\/viaggio-eje-cafetero-colombia\/\"]}]},{\"@type\":\"ImageObject\",\"inLanguage\":\"it-IT\",\"@id\":\"https:\/\/passporterapp.com\/it\/blog\/colombia\/viaggio-eje-cafetero-colombia\/#primaryimage\",\"url\":\"https:\/\/i0.wp.com\/passporterapp.com\/it\/blog\/wp-content\/uploads\/2022\/08\/viaggio-eje-cafetero-colombia.jpeg?fit=2560%2C1702&ssl=1\",\"contentUrl\":\"https:\/\/i0.wp.com\/passporterapp.com\/it\/blog\/wp-content\/uploads\/2022\/08\/viaggio-eje-cafetero-colombia.jpeg?fit=2560%2C1702&ssl=1\",\"width\":2560,\"height\":1702},{\"@type\":\"BreadcrumbList\",\"@id\":\"https:\/\/passporterapp.com\/it\/blog\/colombia\/viaggio-eje-cafetero-colombia\/#breadcrumb\",\"itemListElement\":[{\"@type\":\"ListItem\",\"position\":1,\"name\":\"Home\",\"item\":\"https:\/\/passporterapp.com\/it\/blog\/\"},{\"@type\":\"ListItem\",\"position\":2,\"name\":\"Cosa vedere e fare nell&#8217;Eje Cafetero della Colombia?\"}]},{\"@type\":\"WebSite\",\"@id\":\"https:\/\/passporterapp.com\/it\/blog\/#website\",\"url\":\"https:\/\/passporterapp.com\/it\/blog\/\",\"name\":\"Passporter Blog\",\"description\":\"Passporter Blog\",\"potentialAction\":[{\"@type\":\"SearchAction\",\"target\":{\"@type\":\"EntryPoint\",\"urlTemplate\":\"https:\/\/passporterapp.com\/it\/blog\/?s={search_term_string}\"},\"query-input\":{\"@type\":\"PropertyValueSpecification\",\"valueRequired\":true,\"valueName\":\"search_term_string\"}}],\"inLanguage\":\"it-IT\"},{\"@type\":\"Person\",\"@id\":\"https:\/\/passporterapp.com\/it\/blog\/#\/schema\/person\/04d27a56953cba93509b8353a97f0aa4\",\"name\":\"janethvelandia\",\"image\":{\"@type\":\"ImageObject\",\"inLanguage\":\"it-IT\",\"@id\":\"https:\/\/passporterapp.com\/it\/blog\/#\/schema\/person\/image\/\",\"url\":\"https:\/\/secure.gravatar.com\/avatar\/ebcaab75c3d05420c323d120150136ae447e420bd77d039f5e901cc7356534a1?s=96&d=identicon&r=g\",\"contentUrl\":\"https:\/\/secure.gravatar.com\/avatar\/ebcaab75c3d05420c323d120150136ae447e420bd77d039f5e901cc7356534a1?s=96&d=identicon&r=g\",\"caption\":\"janethvelandia\"},\"url\":\"https:\/\/passporterapp.com\/it\/blog\/author\/janethvelandia\/\"},{\"@type\":\"Question\",\"@id\":\"https:\/\/passporterapp.com\/it\/blog\/colombia\/viaggio-eje-cafetero-colombia\/#faq-question-1661434205057\",\"position\":1,\"url\":\"https:\/\/passporterapp.com\/it\/blog\/colombia\/viaggio-eje-cafetero-colombia\/#faq-question-1661434205057\",\"name\":\"Qual \u00e8 il clima nell'Eje Cafetero?\",\"answerCount\":1,\"acceptedAnswer\":{\"@type\":\"Answer\",\"text\":\"Le temperature nell'Eje Cafetero colombiano sono abbastanza stabili durante tutto l'anno, con temperature medie di circa 25\u00baC. Il clima \u00e8 molto umido e le precipitazioni sono pi\u00f9 abbondanti in primavera e in autunno, anche se pu\u00f2 piovere in qualsiasi mese dell'anno. Sebbene le temperature siano miti, la sera tendono a scendere, quindi \u00e8 bene mettere in valigia qualche indumento caldo e un mackintosh.\",\"inLanguage\":\"it-IT\"},\"inLanguage\":\"it-IT\"},{\"@type\":\"Question\",\"@id\":\"https:\/\/passporterapp.com\/it\/blog\/colombia\/viaggio-eje-cafetero-colombia\/#faq-question-1661434247321\",\"position\":2,\"url\":\"https:\/\/passporterapp.com\/it\/blog\/colombia\/viaggio-eje-cafetero-colombia\/#faq-question-1661434247321\",\"name\":\"Quando \u00e8 il momento migliore per recarsi all'Eje Cafetero?\",\"answerCount\":1,\"acceptedAnswer\":{\"@type\":\"Answer\",\"text\":\"Come abbiamo detto, le temperature sono miti e il clima \u00e8 umido tutto l'anno, quindi non c'\u00e8 un momento sbagliato per recarsi all'Eje Cafetero. I mesi estivi e invernali tendono a essere pi\u00f9 confortevoli perch\u00e9 le precipitazioni sono meno frequenti, ma pu\u00f2 piovere in qualsiasi mese dell'anno.\",\"inLanguage\":\"it-IT\"},\"inLanguage\":\"it-IT\"},{\"@type\":\"Question\",\"@id\":\"https:\/\/passporterapp.com\/it\/blog\/colombia\/viaggio-eje-cafetero-colombia\/#faq-question-1661434333123\",\"position\":3,\"url\":\"https:\/\/passporterapp.com\/it\/blog\/colombia\/viaggio-eje-cafetero-colombia\/#faq-question-1661434333123\",\"name\":\"Come raggiungere l'Eje Cafetero?\",\"answerCount\":1,\"acceptedAnswer\":{\"@type\":\"Answer\",\"text\":\"Il modo pi\u00f9 pratico per raggiungere l'Eje Cafetero \u00e8 volare fino a una delle sue citt\u00e0 principali (Pereira, Armenia o Caldas), poich\u00e9 le distanze in Colombia sono molto lunghe, soprattutto se non si possiede un'auto. Per esempio, il viaggio da Bogot\u00e0 all'Armenia dura 8 ore in autobus, 4 ore in auto e 1 ora in aereo.\",\"inLanguage\":\"it-IT\"},\"inLanguage\":\"it-IT\"},{\"@type\":\"Question\",\"@id\":\"https:\/\/passporterapp.com\/it\/blog\/colombia\/viaggio-eje-cafetero-colombia\/#faq-question-1661434402457\",\"position\":4,\"url\":\"https:\/\/passporterapp.com\/it\/blog\/colombia\/viaggio-eje-cafetero-colombia\/#faq-question-1661434402457\",\"name\":\"Come muoversi nell'Eje Cafetero?\",\"answerCount\":1,\"acceptedAnswer\":{\"@type\":\"Answer\",\"text\":\"Sebbene sia possibile viaggiare in autobus, il modo pi\u00f9 semplice e pratico per spostarsi nelle diverse citt\u00e0 e aree dell'Eje Cafetero in Colombia \u00e8 l'automobile. Se non avete la vostra auto, potete noleggiarne una nelle principali citt\u00e0 come Armenia, Pereira e Manizabal per circa 25 euro al giorno.\",\"inLanguage\":\"it-IT\"},\"inLanguage\":\"it-IT\"}]}<\/script>\n<!-- \/ Yoast SEO Premium plugin. -->","yoast_head_json":{"title":"Cosa vedere e fare nell'Eje Cafetero della Colombia? - Passporter Blog","description":"Scoprite cosa fare nell'Eje Cafetero della Colombia, dalla visita alla Valle del Cocora alle citt\u00e0, ai villaggi e a un'autentica fattoria del caff\u00e8.","robots":{"index":"index","follow":"follow","max-snippet":"max-snippet:-1","max-image-preview":"max-image-preview:large","max-video-preview":"max-video-preview:-1"},"canonical":"https:\/\/passporterapp.com\/it\/blog\/colombia\/viaggio-eje-cafetero-colombia\/","og_locale":"it_IT","og_type":"article","og_title":"Cosa vedere e fare nell'Eje Cafetero della Colombia?","og_description":"Scoprite cosa fare nell'Eje Cafetero della Colombia, dalla visita alla Valle del Cocora alle citt\u00e0, ai villaggi e a un'autentica fattoria del caff\u00e8.","og_url":"https:\/\/passporterapp.com\/it\/blog\/colombia\/viaggio-eje-cafetero-colombia\/","og_site_name":"Passporter Blog","article_published_time":"2023-09-15T13:45:00+00:00","article_modified_time":"2023-12-14T12:48:26+00:00","og_image":[{"width":2560,"height":1702,"url":"https:\/\/passporterapp.com\/it\/blog\/wp-content\/uploads\/2022\/08\/viaggio-eje-cafetero-colombia.jpeg","type":"image\/jpeg"}],"author":"janethvelandia","twitter_card":"summary_large_image","twitter_misc":{"Scritto da":"janethvelandia","Tempo di lettura stimato":"15 minuti"},"schema":{"@context":"https:\/\/schema.org","@graph":[{"@type":["WebPage","FAQPage"],"@id":"https:\/\/passporterapp.com\/it\/blog\/colombia\/viaggio-eje-cafetero-colombia\/","url":"https:\/\/passporterapp.com\/it\/blog\/colombia\/viaggio-eje-cafetero-colombia\/","name":"Cosa vedere e fare nell'Eje Cafetero della Colombia? - Passporter Blog","isPartOf":{"@id":"https:\/\/passporterapp.com\/it\/blog\/#website"},"primaryImageOfPage":{"@id":"https:\/\/passporterapp.com\/it\/blog\/colombia\/viaggio-eje-cafetero-colombia\/#primaryimage"},"image":{"@id":"https:\/\/passporterapp.com\/it\/blog\/colombia\/viaggio-eje-cafetero-colombia\/#primaryimage"},"thumbnailUrl":"https:\/\/i0.wp.com\/passporterapp.com\/it\/blog\/wp-content\/uploads\/2022\/08\/viaggio-eje-cafetero-colombia.jpeg?fit=2560%2C1702&ssl=1","datePublished":"2023-09-15T13:45:00+00:00","dateModified":"2023-12-14T12:48:26+00:00","author":{"@id":"https:\/\/passporterapp.com\/it\/blog\/#\/schema\/person\/04d27a56953cba93509b8353a97f0aa4"},"description":"Scoprite cosa fare nell'Eje Cafetero della Colombia, dalla visita alla Valle del Cocora alle citt\u00e0, ai villaggi e a un'autentica fattoria del caff\u00e8.","breadcrumb":{"@id":"https:\/\/passporterapp.com\/it\/blog\/colombia\/viaggio-eje-cafetero-colombia\/#breadcrumb"},"mainEntity":[{"@id":"https:\/\/passporterapp.com\/it\/blog\/colombia\/viaggio-eje-cafetero-colombia\/#faq-question-1661434205057"},{"@id":"https:\/\/passporterapp.com\/it\/blog\/colombia\/viaggio-eje-cafetero-colombia\/#faq-question-1661434247321"},{"@id":"https:\/\/passporterapp.com\/it\/blog\/colombia\/viaggio-eje-cafetero-colombia\/#faq-question-1661434333123"},{"@id":"https:\/\/passporterapp.com\/it\/blog\/colombia\/viaggio-eje-cafetero-colombia\/#faq-question-1661434402457"}],"inLanguage":"it-IT","potentialAction":[{"@type":"ReadAction","target":["https:\/\/passporterapp.com\/it\/blog\/colombia\/viaggio-eje-cafetero-colombia\/"]}]},{"@type":"ImageObject","inLanguage":"it-IT","@id":"https:\/\/passporterapp.com\/it\/blog\/colombia\/viaggio-eje-cafetero-colombia\/#primaryimage","url":"https:\/\/i0.wp.com\/passporterapp.com\/it\/blog\/wp-content\/uploads\/2022\/08\/viaggio-eje-cafetero-colombia.jpeg?fit=2560%2C1702&ssl=1","contentUrl":"https:\/\/i0.wp.com\/passporterapp.com\/it\/blog\/wp-content\/uploads\/2022\/08\/viaggio-eje-cafetero-colombia.jpeg?fit=2560%2C1702&ssl=1","width":2560,"height":1702},{"@type":"BreadcrumbList","@id":"https:\/\/passporterapp.com\/it\/blog\/colombia\/viaggio-eje-cafetero-colombia\/#breadcrumb","itemListElement":[{"@type":"ListItem","position":1,"name":"Home","item":"https:\/\/passporterapp.com\/it\/blog\/"},{"@type":"ListItem","position":2,"name":"Cosa vedere e fare nell&#8217;Eje Cafetero della Colombia?"}]},{"@type":"WebSite","@id":"https:\/\/passporterapp.com\/it\/blog\/#website","url":"https:\/\/passporterapp.com\/it\/blog\/","name":"Passporter Blog","description":"Passporter Blog","potentialAction":[{"@type":"SearchAction","target":{"@type":"EntryPoint","urlTemplate":"https:\/\/passporterapp.com\/it\/blog\/?s={search_term_string}"},"query-input":{"@type":"PropertyValueSpecification","valueRequired":true,"valueName":"search_term_string"}}],"inLanguage":"it-IT"},{"@type":"Person","@id":"https:\/\/passporterapp.com\/it\/blog\/#\/schema\/person\/04d27a56953cba93509b8353a97f0aa4","name":"janethvelandia","image":{"@type":"ImageObject","inLanguage":"it-IT","@id":"https:\/\/passporterapp.com\/it\/blog\/#\/schema\/person\/image\/","url":"https:\/\/secure.gravatar.com\/avatar\/ebcaab75c3d05420c323d120150136ae447e420bd77d039f5e901cc7356534a1?s=96&d=identicon&r=g","contentUrl":"https:\/\/secure.gravatar.com\/avatar\/ebcaab75c3d05420c323d120150136ae447e420bd77d039f5e901cc7356534a1?s=96&d=identicon&r=g","caption":"janethvelandia"},"url":"https:\/\/passporterapp.com\/it\/blog\/author\/janethvelandia\/"},{"@type":"Question","@id":"https:\/\/passporterapp.com\/it\/blog\/colombia\/viaggio-eje-cafetero-colombia\/#faq-question-1661434205057","position":1,"url":"https:\/\/passporterapp.com\/it\/blog\/colombia\/viaggio-eje-cafetero-colombia\/#faq-question-1661434205057","name":"Qual \u00e8 il clima nell'Eje Cafetero?","answerCount":1,"acceptedAnswer":{"@type":"Answer","text":"Le temperature nell'Eje Cafetero colombiano sono abbastanza stabili durante tutto l'anno, con temperature medie di circa 25\u00baC. Il clima \u00e8 molto umido e le precipitazioni sono pi\u00f9 abbondanti in primavera e in autunno, anche se pu\u00f2 piovere in qualsiasi mese dell'anno. Sebbene le temperature siano miti, la sera tendono a scendere, quindi \u00e8 bene mettere in valigia qualche indumento caldo e un mackintosh.","inLanguage":"it-IT"},"inLanguage":"it-IT"},{"@type":"Question","@id":"https:\/\/passporterapp.com\/it\/blog\/colombia\/viaggio-eje-cafetero-colombia\/#faq-question-1661434247321","position":2,"url":"https:\/\/passporterapp.com\/it\/blog\/colombia\/viaggio-eje-cafetero-colombia\/#faq-question-1661434247321","name":"Quando \u00e8 il momento migliore per recarsi all'Eje Cafetero?","answerCount":1,"acceptedAnswer":{"@type":"Answer","text":"Come abbiamo detto, le temperature sono miti e il clima \u00e8 umido tutto l'anno, quindi non c'\u00e8 un momento sbagliato per recarsi all'Eje Cafetero. I mesi estivi e invernali tendono a essere pi\u00f9 confortevoli perch\u00e9 le precipitazioni sono meno frequenti, ma pu\u00f2 piovere in qualsiasi mese dell'anno.","inLanguage":"it-IT"},"inLanguage":"it-IT"},{"@type":"Question","@id":"https:\/\/passporterapp.com\/it\/blog\/colombia\/viaggio-eje-cafetero-colombia\/#faq-question-1661434333123","position":3,"url":"https:\/\/passporterapp.com\/it\/blog\/colombia\/viaggio-eje-cafetero-colombia\/#faq-question-1661434333123","name":"Come raggiungere l'Eje Cafetero?","answerCount":1,"acceptedAnswer":{"@type":"Answer","text":"Il modo pi\u00f9 pratico per raggiungere l'Eje Cafetero \u00e8 volare fino a una delle sue citt\u00e0 principali (Pereira, Armenia o Caldas), poich\u00e9 le distanze in Colombia sono molto lunghe, soprattutto se non si possiede un'auto. Per esempio, il viaggio da Bogot\u00e0 all'Armenia dura 8 ore in autobus, 4 ore in auto e 1 ora in aereo.","inLanguage":"it-IT"},"inLanguage":"it-IT"},{"@type":"Question","@id":"https:\/\/passporterapp.com\/it\/blog\/colombia\/viaggio-eje-cafetero-colombia\/#faq-question-1661434402457","position":4,"url":"https:\/\/passporterapp.com\/it\/blog\/colombia\/viaggio-eje-cafetero-colombia\/#faq-question-1661434402457","name":"Come muoversi nell'Eje Cafetero?","answerCount":1,"acceptedAnswer":{"@type":"Answer","text":"Sebbene sia possibile viaggiare in autobus, il modo pi\u00f9 semplice e pratico per spostarsi nelle diverse citt\u00e0 e aree dell'Eje Cafetero in Colombia \u00e8 l'automobile. Se non avete la vostra auto, potete noleggiarne una nelle principali citt\u00e0 come Armenia, Pereira e Manizabal per circa 25 euro al giorno.","inLanguage":"it-IT"},"inLanguage":"it-IT"}]}},"jetpack_featured_media_url":"https:\/\/i0.wp.com\/passporterapp.com\/it\/blog\/wp-content\/uploads\/2022\/08\/viaggio-eje-cafetero-colombia.jpeg?fit=2560%2C1702&ssl=1","jetpack_likes_enabled":true,"jetpack_sharing_enabled":true,"jetpack_shortlink":"https:\/\/wp.me\/pd1Cww-49a","_links":{"self":[{"href":"https:\/\/passporterapp.com\/it\/blog\/wp-json\/wp\/v2\/posts\/15944","targetHints":{"allow":["GET"]}}],"collection":[{"href":"https:\/\/passporterapp.com\/it\/blog\/wp-json\/wp\/v2\/posts"}],"about":[{"href":"https:\/\/passporterapp.com\/it\/blog\/wp-json\/wp\/v2\/types\/post"}],"author":[{"embeddable":true,"href":"https:\/\/passporterapp.com\/it\/blog\/wp-json\/wp\/v2\/users\/183705619"}],"replies":[{"embeddable":true,"href":"https:\/\/passporterapp.com\/it\/blog\/wp-json\/wp\/v2\/comments?post=15944"}],"version-history":[{"count":0,"href":"https:\/\/passporterapp.com\/it\/blog\/wp-json\/wp\/v2\/posts\/15944\/revisions"}],"wp:featuredmedia":[{"embeddable":true,"href":"https:\/\/passporterapp.com\/it\/blog\/wp-json\/wp\/v2\/media\/15945"}],"wp:attachment":[{"href":"https:\/\/passporterapp.com\/it\/blog\/wp-json\/wp\/v2\/media?parent=15944"}],"wp:term":[{"taxonomy":"category","embeddable":true,"href":"https:\/\/passporterapp.com\/it\/blog\/wp-json\/wp\/v2\/categories?post=15944"},{"taxonomy":"post_tag","embeddable":true,"href":"https:\/\/passporterapp.com\/it\/blog\/wp-json\/wp\/v2\/tags?post=15944"}],"curies":[{"name":"wp","href":"https:\/\/api.w.org\/{rel}","templated":true}]}}