{"id":15626,"date":"2021-10-06T05:49:07","date_gmt":"2021-10-06T03:49:07","guid":{"rendered":"https:\/\/passporterapp.com\/fr\/blog\/?p=15626"},"modified":"2024-03-05T10:18:08","modified_gmt":"2024-03-05T09:18:08","slug":"communaute-valencienne-que-faire","status":"publish","type":"post","link":"https:\/\/passporterapp.com\/fr\/blog\/espagne\/communaute-valencienne-que-faire\/","title":{"rendered":"Communaut\u00e9 Valencienne: que faire"},"content":{"rendered":"\n\n<div class=\"kk-star-ratings kksr-auto kksr-align-left kksr-valign-top\"\n    data-payload='{&quot;align&quot;:&quot;left&quot;,&quot;id&quot;:&quot;15626&quot;,&quot;slug&quot;:&quot;default&quot;,&quot;valign&quot;:&quot;top&quot;,&quot;ignore&quot;:&quot;&quot;,&quot;reference&quot;:&quot;auto&quot;,&quot;class&quot;:&quot;&quot;,&quot;count&quot;:&quot;0&quot;,&quot;legendonly&quot;:&quot;&quot;,&quot;readonly&quot;:&quot;&quot;,&quot;score&quot;:&quot;0&quot;,&quot;starsonly&quot;:&quot;&quot;,&quot;best&quot;:&quot;5&quot;,&quot;gap&quot;:&quot;4&quot;,&quot;greet&quot;:&quot;Rate this post&quot;,&quot;legend&quot;:&quot;0\\\/5&quot;,&quot;size&quot;:&quot;24&quot;,&quot;title&quot;:&quot;Communaut\u00e9 Valencienne: que faire&quot;,&quot;width&quot;:&quot;0&quot;,&quot;_legend&quot;:&quot;{score}\\\/{best}&quot;,&quot;font_factor&quot;:&quot;1.25&quot;}'>\n            \n<div class=\"kksr-stars\">\n    \n<div class=\"kksr-stars-inactive\">\n            <div class=\"kksr-star\" data-star=\"1\" style=\"padding-right: 4px\">\n            \n\n<div class=\"kksr-icon\" style=\"width: 24px; height: 24px;\"><\/div>\n        <\/div>\n            <div class=\"kksr-star\" data-star=\"2\" style=\"padding-right: 4px\">\n            \n\n<div class=\"kksr-icon\" style=\"width: 24px; height: 24px;\"><\/div>\n        <\/div>\n            <div class=\"kksr-star\" data-star=\"3\" style=\"padding-right: 4px\">\n            \n\n<div class=\"kksr-icon\" style=\"width: 24px; height: 24px;\"><\/div>\n        <\/div>\n            <div class=\"kksr-star\" data-star=\"4\" style=\"padding-right: 4px\">\n            \n\n<div class=\"kksr-icon\" style=\"width: 24px; height: 24px;\"><\/div>\n        <\/div>\n            <div class=\"kksr-star\" data-star=\"5\" style=\"padding-right: 4px\">\n            \n\n<div class=\"kksr-icon\" style=\"width: 24px; height: 24px;\"><\/div>\n        <\/div>\n    <\/div>\n    \n<div class=\"kksr-stars-active\" style=\"width: 0px;\">\n            <div class=\"kksr-star\" style=\"padding-right: 4px\">\n            \n\n<div class=\"kksr-icon\" style=\"width: 24px; height: 24px;\"><\/div>\n        <\/div>\n            <div class=\"kksr-star\" style=\"padding-right: 4px\">\n            \n\n<div class=\"kksr-icon\" style=\"width: 24px; height: 24px;\"><\/div>\n        <\/div>\n            <div class=\"kksr-star\" style=\"padding-right: 4px\">\n            \n\n<div class=\"kksr-icon\" style=\"width: 24px; height: 24px;\"><\/div>\n        <\/div>\n            <div class=\"kksr-star\" style=\"padding-right: 4px\">\n            \n\n<div class=\"kksr-icon\" style=\"width: 24px; height: 24px;\"><\/div>\n        <\/div>\n            <div class=\"kksr-star\" style=\"padding-right: 4px\">\n            \n\n<div class=\"kksr-icon\" style=\"width: 24px; height: 24px;\"><\/div>\n        <\/div>\n    <\/div>\n<\/div>\n                \n\n<div class=\"kksr-legend\" style=\"font-size: 19.2px;\">\n            <span class=\"kksr-muted\">Rate this post<\/span>\n    <\/div>\n    <\/div>\n\n<p>La Communaut\u00e9 Valencienne est culture et tradition; elle est nature et mer. Il est synonyme d&rsquo;\u00e9t\u00e9 et de beau temps, de chaleur, de sel et d&rsquo;air frais. Ceux qui le savent, le savent. Plongez dans ses criques, explorez ses parcs naturels, apprenez \u00e0 conna\u00eetre ses villages et ses habitants. Et surtout, d\u00e9couvrez les paysages les plus \u00e9poustouflants qu&rsquo;offre cette commune des bords de la M\u00e9diterran\u00e9e.<\/p>\n\n\n\n<p>Nous vous pr\u00e9sentons ici quelques-uns des plus beaux endroits et villages de la r\u00e9gion de Valence, \u00e0 travers cette vid\u00e9o inspir\u00e9e des vers du po\u00e8te Lope de Vega, qui vous fera revivre les \u00e9motions que cette terre provoque.<\/p>\n\n\n\n<figure class=\"wp-block-pullquote\"><blockquote><p><em>Organisez votre itin\u00e9raire de voyage avec&nbsp;<a href=\"https:\/\/passporterapp.com\/en?action=modal&amp;target=register&amp;ref=blogpassporter\" target=\"_blank\" rel=\"noreferrer noopener\">Passporter<\/a>, totalement gratuit, facile et fonctionnel. Inspirez-vous des exp\u00e9riences d\u2019autres voyageurs et choisissez les lieux qui vous int\u00e9ressent le plus, en les ajoutant \u00e0 la carte de l\u2019itin\u00e9raire.<\/em><\/p><\/blockquote><\/figure>\n\n\n\n<div id=\"ez-toc-container\" class=\"ez-toc-v2_0_81 counter-hierarchy ez-toc-counter ez-toc-custom ez-toc-container-direction\">\n<p class=\"ez-toc-title\" style=\"cursor:inherit\">Contenu de l&#039;article<\/p>\n<label for=\"ez-toc-cssicon-toggle-item-69f19f6ef203b\" class=\"ez-toc-cssicon-toggle-label\"><span class=\"\"><span class=\"eztoc-hide\" style=\"display:none;\">Toggle<\/span><span class=\"ez-toc-icon-toggle-span\"><svg style=\"fill: #000000;color:#000000\" xmlns=\"http:\/\/www.w3.org\/2000\/svg\" class=\"list-377408\" width=\"20px\" height=\"20px\" viewBox=\"0 0 24 24\" fill=\"none\"><path d=\"M6 6H4v2h2V6zm14 0H8v2h12V6zM4 11h2v2H4v-2zm16 0H8v2h12v-2zM4 16h2v2H4v-2zm16 0H8v2h12v-2z\" fill=\"currentColor\"><\/path><\/svg><svg style=\"fill: #000000;color:#000000\" class=\"arrow-unsorted-368013\" xmlns=\"http:\/\/www.w3.org\/2000\/svg\" width=\"10px\" height=\"10px\" viewBox=\"0 0 24 24\" version=\"1.2\" baseProfile=\"tiny\"><path d=\"M18.2 9.3l-6.2-6.3-6.2 6.3c-.2.2-.3.4-.3.7s.1.5.3.7c.2.2.4.3.7.3h11c.3 0 .5-.1.7-.3.2-.2.3-.5.3-.7s-.1-.5-.3-.7zM5.8 14.7l6.2 6.3 6.2-6.3c.2-.2.3-.5.3-.7s-.1-.5-.3-.7c-.2-.2-.4-.3-.7-.3h-11c-.3 0-.5.1-.7.3-.2.2-.3.5-.3.7s.1.5.3.7z\"\/><\/svg><\/span><\/span><\/label><input type=\"checkbox\"  id=\"ez-toc-cssicon-toggle-item-69f19f6ef203b\"  aria-label=\"Toggle\" \/><nav><ul class='ez-toc-list ez-toc-list-level-1 ' ><li class='ez-toc-page-1 ez-toc-heading-level-2'><a class=\"ez-toc-link ez-toc-heading-1\" href=\"https:\/\/passporterapp.com\/fr\/blog\/espagne\/communaute-valencienne-que-faire\/#Les-villages-les-plus-jolis-de-la-Communaute-Valencienne\" >Les villages les plus jolis de la Communaut\u00e9 Valencienne<\/a><ul class='ez-toc-list-level-3' ><li class='ez-toc-heading-level-3'><a class=\"ez-toc-link ez-toc-heading-2\" href=\"https:\/\/passporterapp.com\/fr\/blog\/espagne\/communaute-valencienne-que-faire\/#Altea\" >Altea<\/a><\/li><li class='ez-toc-page-1 ez-toc-heading-level-3'><a class=\"ez-toc-link ez-toc-heading-3\" href=\"https:\/\/passporterapp.com\/fr\/blog\/espagne\/communaute-valencienne-que-faire\/#Guadalest\" >Guadalest<\/a><\/li><li class='ez-toc-page-1 ez-toc-heading-level-3'><a class=\"ez-toc-link ez-toc-heading-4\" href=\"https:\/\/passporterapp.com\/fr\/blog\/espagne\/communaute-valencienne-que-faire\/#Morella\" >Morella<\/a><\/li><li class='ez-toc-page-1 ez-toc-heading-level-3'><a class=\"ez-toc-link ez-toc-heading-5\" href=\"https:\/\/passporterapp.com\/fr\/blog\/espagne\/communaute-valencienne-que-faire\/#Montanejos\" >Montanejos<\/a><\/li><li class='ez-toc-page-1 ez-toc-heading-level-3'><a class=\"ez-toc-link ez-toc-heading-6\" href=\"https:\/\/passporterapp.com\/fr\/blog\/espagne\/communaute-valencienne-que-faire\/#Peniscola\" >Pe\u00f1iscola<\/a><\/li><\/ul><\/li><li class='ez-toc-page-1 ez-toc-heading-level-2'><a class=\"ez-toc-link ez-toc-heading-7\" href=\"https:\/\/passporterapp.com\/fr\/blog\/espagne\/communaute-valencienne-que-faire\/#Meilleurs-lieux-a-visiter-dans-la-Communaute-Valencienne\" >Meilleurs lieux \u00e0 visiter dans la Communaut\u00e9 Valencienne<\/a><ul class='ez-toc-list-level-3' ><li class='ez-toc-heading-level-3'><a class=\"ez-toc-link ez-toc-heading-8\" href=\"https:\/\/passporterapp.com\/fr\/blog\/espagne\/communaute-valencienne-que-faire\/#Parc-Naturel-de-lAlbufera\" >Parc Naturel de l&rsquo;Albufera<\/a><\/li><li class='ez-toc-page-1 ez-toc-heading-level-3'><a class=\"ez-toc-link ez-toc-heading-9\" href=\"https:\/\/passporterapp.com\/fr\/blog\/espagne\/communaute-valencienne-que-faire\/#Ponts-suspendus-de-Chulilla\" >Ponts suspendus de Chulilla<\/a><\/li><li class='ez-toc-page-1 ez-toc-heading-level-3'><a class=\"ez-toc-link ez-toc-heading-10\" href=\"https:\/\/passporterapp.com\/fr\/blog\/espagne\/communaute-valencienne-que-faire\/#Chartreuse-de-Portacoeli\" >Chartreuse de Portacoeli<\/a><\/li><li class='ez-toc-page-1 ez-toc-heading-level-3'><a class=\"ez-toc-link ez-toc-heading-11\" href=\"https:\/\/passporterapp.com\/fr\/blog\/espagne\/communaute-valencienne-que-faire\/#Cala-de-Portixol\" >Cala de Portixol<\/a><\/li><li class='ez-toc-page-1 ez-toc-heading-level-3'><a class=\"ez-toc-link ez-toc-heading-12\" href=\"https:\/\/passporterapp.com\/fr\/blog\/espagne\/communaute-valencienne-que-faire\/#Cala-del-Moraig\" >Cala del Moraig<\/a><\/li><li class='ez-toc-page-1 ez-toc-heading-level-3'><a class=\"ez-toc-link ez-toc-heading-13\" href=\"https:\/\/passporterapp.com\/fr\/blog\/espagne\/communaute-valencienne-que-faire\/#Salines-de-Torrevieja\" >Salines de Torrevieja<\/a><\/li><li class='ez-toc-page-1 ez-toc-heading-level-3'><a class=\"ez-toc-link ez-toc-heading-14\" href=\"https:\/\/passporterapp.com\/fr\/blog\/espagne\/communaute-valencienne-que-faire\/#Els-Frares-de-Guatretonda-Alicante\" >Els Frares de Guatretonda, Alicante<\/a><\/li><li class='ez-toc-page-1 ez-toc-heading-level-3'><a class=\"ez-toc-link ez-toc-heading-15\" href=\"https:\/\/passporterapp.com\/fr\/blog\/espagne\/communaute-valencienne-que-faire\/#Parc-Naturel-dEl-Hondo\" >Parc Naturel d&rsquo;El Hondo<\/a><\/li><li class='ez-toc-page-1 ez-toc-heading-level-3'><a class=\"ez-toc-link ez-toc-heading-16\" href=\"https:\/\/passporterapp.com\/fr\/blog\/espagne\/communaute-valencienne-que-faire\/#Cala-la-Foradada-a-Vinaroz\" >Cala la Foradada \u00e0 Vinaroz<\/a><\/li><li class='ez-toc-page-1 ez-toc-heading-level-3'><a class=\"ez-toc-link ez-toc-heading-17\" href=\"https:\/\/passporterapp.com\/fr\/blog\/espagne\/communaute-valencienne-que-faire\/#Salto-de-la-Novia\" >Salto de la Novia<\/a><\/li><\/ul><\/li><li class='ez-toc-page-1 ez-toc-heading-level-2'><a class=\"ez-toc-link ez-toc-heading-18\" href=\"https:\/\/passporterapp.com\/fr\/blog\/espagne\/communaute-valencienne-que-faire\/#Conseils-pour-un-voyage-a-la-Communaute-Valencienne\" >Conseils pour un voyage \u00e0 la Communaut\u00e9 Valencienne<\/a><\/li><li class='ez-toc-page-1 ez-toc-heading-level-2'><a class=\"ez-toc-link ez-toc-heading-19\" href=\"https:\/\/passporterapp.com\/fr\/blog\/espagne\/communaute-valencienne-que-faire\/#Comment-organiser-ce-que-faire-a-la-Communaute-Valencienne\" >Comment organiser ce que faire \u00e0 la Communaut\u00e9 Valencienne?<\/a><\/li><li class='ez-toc-page-1 ez-toc-heading-level-2'><a class=\"ez-toc-link ez-toc-heading-20\" href=\"https:\/\/passporterapp.com\/fr\/blog\/espagne\/communaute-valencienne-que-faire\/#Questions-frequentes-sur-un-voyage-a-la-Communaute-Valencienne\" >Questions fr\u00e9quentes sur un voyage \u00e0 la Communaut\u00e9 Valencienne<\/a><\/li><\/ul><\/nav><\/div>\n<h2 class=\"wp-block-heading\" id=\"h-les-villages-les-plus-jolis-de-la-communaut-valencienne\"><span class=\"ez-toc-section\" id=\"Les-villages-les-plus-jolis-de-la-Communaute-Valencienne\"><\/span><strong>Les villages les plus jolis de la Communaut\u00e9 Valencienne<\/strong><span class=\"ez-toc-section-end\"><\/span><\/h2>\n\n\n\n<h3 class=\"wp-block-heading\" id=\"h-altea\"><span class=\"ez-toc-section\" id=\"Altea\"><\/span><strong>Altea<\/strong><span class=\"ez-toc-section-end\"><\/span><\/h3>\n\n\n\n<div class=\"wp-block-image\"><figure class=\"aligncenter size-full is-resized\"><img loading=\"lazy\" decoding=\"async\" data-attachment-id=\"14986\" data-permalink=\"https:\/\/passporterapp.com\/fr\/blog\/espagne\/que-faire-altea\/attachment\/altea-espagne\/\" data-orig-file=\"https:\/\/passporterapp.com\/fr\/blog\/wp-content\/uploads\/2021\/09\/altea-espagne.jpg\" data-orig-size=\"768,511\" data-comments-opened=\"1\" data-image-meta=\"{&quot;aperture&quot;:&quot;0&quot;,&quot;credit&quot;:&quot;&quot;,&quot;camera&quot;:&quot;&quot;,&quot;caption&quot;:&quot;&quot;,&quot;created_timestamp&quot;:&quot;0&quot;,&quot;copyright&quot;:&quot;&quot;,&quot;focal_length&quot;:&quot;0&quot;,&quot;iso&quot;:&quot;0&quot;,&quot;shutter_speed&quot;:&quot;0&quot;,&quot;title&quot;:&quot;&quot;,&quot;orientation&quot;:&quot;0&quot;}\" data-image-title=\"altea-espagne\" data-image-description=\"\" data-image-caption=\"\" data-large-file=\"https:\/\/passporterapp.com\/fr\/blog\/wp-content\/uploads\/2021\/09\/altea-espagne.jpg\" src=\"https:\/\/passporterapp.com\/fr\/blog\/wp-content\/uploads\/2021\/09\/altea-espagne.jpg\" alt=\"altea espagne\" class=\"wp-image-14986\" width=\"815\" height=\"543\" srcset=\"https:\/\/passporterapp.com\/fr\/blog\/wp-content\/uploads\/2021\/09\/altea-espagne.jpg 768w, https:\/\/passporterapp.com\/fr\/blog\/wp-content\/uploads\/2021\/09\/altea-espagne-300x200.jpg 300w\" sizes=\"auto, (max-width: 815px) 100vw, 815px\" \/><figcaption>Altea @sgargon<\/figcaption><\/figure><\/div>\n\n\n\n<p>On peut dire qu&rsquo;Altea est l&rsquo;un des villages les plus romantiques de la c\u00f4te d&rsquo;Alicante. Ce village blanchi \u00e0 la chaux se distingue des autres par ses fa\u00e7ades blanchies \u00e0 la chaux, ses rues \u00e9troites, ainsi que par ses plages spectaculaires. C&rsquo;est un village charmant qui semble \u00eatre con\u00e7u pour se perdre et se retrouver \u00e0 la d\u00e9couverte d&rsquo;un coin sp\u00e9cial.<\/p>\n\n\n\n<p>Il est consid\u00e9r\u00e9 comme l&rsquo;un des plus durables d&rsquo;Espagne. La vieille ville d&rsquo;Altea offre un m\u00e9lange incroyable de caf\u00e9s anim\u00e9s, de boutiques d&rsquo;artisanat local, de produits locaux et de galeries d&rsquo;art. Cependant, ce sont les march\u00e9s locaux qui constituent la v\u00e9ritable essence de cette ville, et l&rsquo;un de ses plus grands charmes.<\/p>\n\n\n\n<p>D\u00e9couvrez tout ce qu&rsquo;il y a \u00e0 faire \u00e0 Altea dans notre article: <a href=\"https:\/\/passporterapp.com\/fr\/blog\/espagne\/que-faire-altea\/\" target=\"_blank\" rel=\"noreferrer noopener\">Que faire lors de votre voyage \u00e0 Altea<\/a>.<\/p>\n\n\n\n<figure class=\"wp-block-gallery has-nested-images columns-default is-cropped wp-block-gallery-1 is-layout-flex wp-block-gallery-is-layout-flex\">\n<figure class=\"wp-block-image size-large\"><img loading=\"lazy\" decoding=\"async\" width=\"681\" height=\"1024\" data-attachment-id=\"15652\" data-permalink=\"https:\/\/passporterapp.com\/fr\/blog\/espagne\/communaute-valencienne-que-faire\/attachment\/centre-altea\/\" data-orig-file=\"https:\/\/passporterapp.com\/fr\/blog\/wp-content\/uploads\/2021\/10\/centre-altea.jpg\" data-orig-size=\"681,1024\" data-comments-opened=\"1\" data-image-meta=\"{&quot;aperture&quot;:&quot;0&quot;,&quot;credit&quot;:&quot;&quot;,&quot;camera&quot;:&quot;&quot;,&quot;caption&quot;:&quot;&quot;,&quot;created_timestamp&quot;:&quot;0&quot;,&quot;copyright&quot;:&quot;&quot;,&quot;focal_length&quot;:&quot;0&quot;,&quot;iso&quot;:&quot;0&quot;,&quot;shutter_speed&quot;:&quot;0&quot;,&quot;title&quot;:&quot;&quot;,&quot;orientation&quot;:&quot;0&quot;}\" data-image-title=\"centre-altea\" data-image-description=\"\" data-image-caption=\"\" data-large-file=\"https:\/\/passporterapp.com\/fr\/blog\/wp-content\/uploads\/2021\/10\/centre-altea.jpg\" data-id=\"15652\" src=\"https:\/\/passporterapp.com\/fr\/blog\/wp-content\/uploads\/2021\/10\/centre-altea.jpg\" alt=\"\" class=\"wp-image-15652\" srcset=\"https:\/\/passporterapp.com\/fr\/blog\/wp-content\/uploads\/2021\/10\/centre-altea.jpg 681w, https:\/\/passporterapp.com\/fr\/blog\/wp-content\/uploads\/2021\/10\/centre-altea-200x300.jpg 200w\" sizes=\"auto, (max-width: 681px) 100vw, 681px\" \/><figcaption>Altea<br>@sgargon<\/figcaption><\/figure>\n\n\n\n<figure class=\"wp-block-image size-large\"><img loading=\"lazy\" decoding=\"async\" width=\"600\" height=\"800\" data-attachment-id=\"15653\" data-permalink=\"https:\/\/passporterapp.com\/fr\/blog\/espagne\/communaute-valencienne-que-faire\/attachment\/centre-historique-altea-2\/\" data-orig-file=\"https:\/\/passporterapp.com\/fr\/blog\/wp-content\/uploads\/2021\/10\/centre-historique-altea.jpg\" data-orig-size=\"600,800\" data-comments-opened=\"1\" data-image-meta=\"{&quot;aperture&quot;:&quot;0&quot;,&quot;credit&quot;:&quot;&quot;,&quot;camera&quot;:&quot;&quot;,&quot;caption&quot;:&quot;&quot;,&quot;created_timestamp&quot;:&quot;0&quot;,&quot;copyright&quot;:&quot;&quot;,&quot;focal_length&quot;:&quot;0&quot;,&quot;iso&quot;:&quot;0&quot;,&quot;shutter_speed&quot;:&quot;0&quot;,&quot;title&quot;:&quot;&quot;,&quot;orientation&quot;:&quot;0&quot;}\" data-image-title=\"centre-historique-altea\" data-image-description=\"\" data-image-caption=\"\" data-large-file=\"https:\/\/passporterapp.com\/fr\/blog\/wp-content\/uploads\/2021\/10\/centre-historique-altea.jpg\" data-id=\"15653\" src=\"https:\/\/passporterapp.com\/fr\/blog\/wp-content\/uploads\/2021\/10\/centre-historique-altea.jpg\" alt=\"\" class=\"wp-image-15653\" srcset=\"https:\/\/passporterapp.com\/fr\/blog\/wp-content\/uploads\/2021\/10\/centre-historique-altea.jpg 600w, https:\/\/passporterapp.com\/fr\/blog\/wp-content\/uploads\/2021\/10\/centre-historique-altea-225x300.jpg 225w, https:\/\/passporterapp.com\/fr\/blog\/wp-content\/uploads\/2021\/10\/centre-historique-altea-300x400.jpg 300w, https:\/\/passporterapp.com\/fr\/blog\/wp-content\/uploads\/2021\/10\/centre-historique-altea-150x200.jpg 150w\" sizes=\"auto, (max-width: 600px) 100vw, 600px\" \/><figcaption> Altea<br>@sgargon <\/figcaption><\/figure>\n<\/figure>\n\n\n\n<h3 class=\"wp-block-heading\" id=\"h-guadalest\"><span class=\"ez-toc-section\" id=\"Guadalest\"><\/span><strong>Guadalest<\/strong><span class=\"ez-toc-section-end\"><\/span><\/h3>\n\n\n\n<p>Castell de Guadalest a \u00e9galement \u00e9t\u00e9 reconnu comme l&rsquo;un des plus beaux villages d&rsquo;Espagne. Il se dresse de mani\u00e8re imposante dans la vall\u00e9e de Guadalest, entre les cha\u00eenes de montagnes Xort\u00e1 et Serrella. En outre, ce village historique offre des vues spectaculaires sur un autre des tr\u00e9sors \u00e0 voir \u00e0 Guadalest, le r\u00e9servoir. Nous rencontrons de nombreuses boutiques d&rsquo;artisanat et de produits locaux, des mus\u00e9es et des restaurants.<\/p>\n\n\n\n<figure class=\"wp-block-gallery has-nested-images columns-default is-cropped wp-block-gallery-2 is-layout-flex wp-block-gallery-is-layout-flex\">\n<figure class=\"wp-block-image size-large\"><img loading=\"lazy\" decoding=\"async\" width=\"724\" height=\"1024\" data-attachment-id=\"15655\" data-permalink=\"https:\/\/passporterapp.com\/fr\/blog\/espagne\/communaute-valencienne-que-faire\/attachment\/chateau-guadalest-2\/\" data-orig-file=\"https:\/\/passporterapp.com\/fr\/blog\/wp-content\/uploads\/2021\/10\/chateau-guadalest.jpg\" data-orig-size=\"732,1036\" data-comments-opened=\"1\" data-image-meta=\"{&quot;aperture&quot;:&quot;0&quot;,&quot;credit&quot;:&quot;&quot;,&quot;camera&quot;:&quot;&quot;,&quot;caption&quot;:&quot;&quot;,&quot;created_timestamp&quot;:&quot;0&quot;,&quot;copyright&quot;:&quot;&quot;,&quot;focal_length&quot;:&quot;0&quot;,&quot;iso&quot;:&quot;0&quot;,&quot;shutter_speed&quot;:&quot;0&quot;,&quot;title&quot;:&quot;&quot;,&quot;orientation&quot;:&quot;0&quot;}\" data-image-title=\"chateau-guadalest\" data-image-description=\"\" data-image-caption=\"\" data-large-file=\"https:\/\/passporterapp.com\/fr\/blog\/wp-content\/uploads\/2021\/10\/chateau-guadalest-724x1024.jpg\" data-id=\"15655\" src=\"https:\/\/passporterapp.com\/fr\/blog\/wp-content\/uploads\/2021\/10\/chateau-guadalest-724x1024.jpg\" alt=\"\" class=\"wp-image-15655\" srcset=\"https:\/\/passporterapp.com\/fr\/blog\/wp-content\/uploads\/2021\/10\/chateau-guadalest-724x1024.jpg 724w, https:\/\/passporterapp.com\/fr\/blog\/wp-content\/uploads\/2021\/10\/chateau-guadalest-212x300.jpg 212w, https:\/\/passporterapp.com\/fr\/blog\/wp-content\/uploads\/2021\/10\/chateau-guadalest.jpg 732w\" sizes=\"auto, (max-width: 724px) 100vw, 724px\" \/><\/figure>\n\n\n\n<figure class=\"wp-block-image size-large\"><img loading=\"lazy\" decoding=\"async\" width=\"793\" height=\"1024\" data-attachment-id=\"15656\" data-permalink=\"https:\/\/passporterapp.com\/fr\/blog\/espagne\/communaute-valencienne-que-faire\/attachment\/chateau-guadalest-espagne-2\/\" data-orig-file=\"https:\/\/passporterapp.com\/fr\/blog\/wp-content\/uploads\/2021\/10\/chateau-guadalest-espagne.jpg\" data-orig-size=\"802,1036\" data-comments-opened=\"1\" data-image-meta=\"{&quot;aperture&quot;:&quot;0&quot;,&quot;credit&quot;:&quot;&quot;,&quot;camera&quot;:&quot;&quot;,&quot;caption&quot;:&quot;&quot;,&quot;created_timestamp&quot;:&quot;0&quot;,&quot;copyright&quot;:&quot;&quot;,&quot;focal_length&quot;:&quot;0&quot;,&quot;iso&quot;:&quot;0&quot;,&quot;shutter_speed&quot;:&quot;0&quot;,&quot;title&quot;:&quot;&quot;,&quot;orientation&quot;:&quot;0&quot;}\" data-image-title=\"chateau-guadalest-espagne\" data-image-description=\"\" data-image-caption=\"\" data-large-file=\"https:\/\/passporterapp.com\/fr\/blog\/wp-content\/uploads\/2021\/10\/chateau-guadalest-espagne-793x1024.jpg\" data-id=\"15656\" src=\"https:\/\/passporterapp.com\/fr\/blog\/wp-content\/uploads\/2021\/10\/chateau-guadalest-espagne-793x1024.jpg\" alt=\"\" class=\"wp-image-15656\" srcset=\"https:\/\/passporterapp.com\/fr\/blog\/wp-content\/uploads\/2021\/10\/chateau-guadalest-espagne-793x1024.jpg 793w, https:\/\/passporterapp.com\/fr\/blog\/wp-content\/uploads\/2021\/10\/chateau-guadalest-espagne-232x300.jpg 232w, https:\/\/passporterapp.com\/fr\/blog\/wp-content\/uploads\/2021\/10\/chateau-guadalest-espagne-768x992.jpg 768w, https:\/\/passporterapp.com\/fr\/blog\/wp-content\/uploads\/2021\/10\/chateau-guadalest-espagne.jpg 802w\" sizes=\"auto, (max-width: 793px) 100vw, 793px\" \/><\/figure>\n<\/figure>\n\n\n\n<p>Le village vous accueille \u00e0 travers un tunnel rocheux dans la montagne sur laquelle est construit le ch\u00e2teau. Les rues pav\u00e9es qui composent le centre ville remplissent l&rsquo;atmosph\u00e8re d&rsquo;une ambiance m\u00e9di\u00e9vale tr\u00e8s particuli\u00e8re. Le Castell de Guadalest a \u00e9t\u00e9 d\u00e9clar\u00e9 site historico-artistique en 1974, mais il est \u00e9galement un site d&rsquo;int\u00e9r\u00eat culturel.<\/p>\n\n\n\n<p>D\u00e9couvrez ce qu&rsquo;il y a d&rsquo;autre \u00e0 voir \u00e0 Guadalest et jetez un coup d&rsquo;\u0153il \u00e0 notre article: <a href=\"https:\/\/passporterapp.com\/fr\/blog\/espagne\/que-faire-guadalest\/\" target=\"_blank\" rel=\"noreferrer noopener\">Que faire lors de votre voyage \u00e0 Guadalest<\/a>.<\/p>\n\n\n\n<h3 class=\"wp-block-heading\" id=\"h-morella\"><span class=\"ez-toc-section\" id=\"Morella\"><\/span><strong>Morella<\/strong><span class=\"ez-toc-section-end\"><\/span><\/h3>\n\n\n\n<p>Cette charmante ville m\u00e9di\u00e9vale accueille les visiteurs avec son histoire, ses traditions et son artisanat. La position strat\u00e9gique de son ch\u00e2teau, dessine la belle image de cette ville et vous incite \u00e0 la conna\u00eetre. C&rsquo;est sans aucun doute un paysage qui vaut la peine d&rsquo;\u00eatre explor\u00e9 pour s&rsquo;impr\u00e9gner du charme qui l&rsquo;entoure.<\/p>\n\n\n\n<p>Situ\u00e9e dans la province de Castell\u00f3n, Morella figure depuis 2003 sur la liste des \u00ab\u00a0plus belles villes d&rsquo;Espagne\u00a0\u00bb. Fl\u00e2ner dans ses rues \u00e9troites, d\u00e9couvrir son c\u00e9l\u00e8bre ch\u00e2teau, d\u00e9couvrir ses murailles et parcourir certains de ses sentiers de randonn\u00e9e ne sont que quelques-unes des choses \u00e0 voir et \u00e0 faire \u00e0 Morella.<\/p>\n\n\n\n<p>Le ch\u00e2teau de Morella domine la ville d&rsquo;en haut et offre une vue panoramique unique sur la ville. Ce magnifique ch\u00e2teau est consid\u00e9r\u00e9 comme l&rsquo;une des plus importantes forteresses de la M\u00e9diterran\u00e9e. Il pr\u00e9sente un grand int\u00e9r\u00eat historique et culturel. Ce ch\u00e2teau a \u00e9t\u00e9 construit sur des pierres naturelles, sur lesquelles on a retrouv\u00e9 des vestiges des p\u00e9riodes n\u00e9olithique, ib\u00e9rique, wisigothique, arabe et bien s\u00fbr chr\u00e9tienne.<\/p>\n\n\n\n<h3 class=\"wp-block-heading\" id=\"h-montanejos\"><span class=\"ez-toc-section\" id=\"Montanejos\"><\/span><strong>Montanejos<\/strong><span class=\"ez-toc-section-end\"><\/span><\/h3>\n\n\n\n<p>Montanejos est une ville charmante qui coexiste avec la nature environnante et offre des espaces naturels spectaculaires. Ce lieu situ\u00e9 dans la r\u00e9gion de l&rsquo;Alto Mijares est un endroit qui vous invite \u00e0 vous d\u00e9connecter.<\/p>\n\n\n\n<p>En partant du village de Montanejos, vous trouverez jusqu&rsquo;\u00e0 10 itin\u00e9raires de randonn\u00e9e diff\u00e9rents. Ils offrent une longue liste d&rsquo;arr\u00eats privil\u00e9gi\u00e9s pour la vue. Il y a une grande vari\u00e9t\u00e9, pour tous les niveaux et tous les go\u00fbts. Tous ont un parcours dans la nature o\u00f9 l&rsquo;on peut respirer et profiter du chemin.<\/p>\n\n\n\n<figure class=\"wp-block-gallery has-nested-images columns-default is-cropped wp-block-gallery-3 is-layout-flex wp-block-gallery-is-layout-flex\">\n<figure class=\"wp-block-image size-large\"><img loading=\"lazy\" decoding=\"async\" width=\"768\" height=\"960\" data-attachment-id=\"15657\" data-permalink=\"https:\/\/passporterapp.com\/fr\/blog\/espagne\/communaute-valencienne-que-faire\/attachment\/montanejos-communaute-valencienne\/\" data-orig-file=\"https:\/\/passporterapp.com\/fr\/blog\/wp-content\/uploads\/2021\/10\/montanejos-communaute-valencienne.jpg\" data-orig-size=\"768,960\" data-comments-opened=\"1\" data-image-meta=\"{&quot;aperture&quot;:&quot;0&quot;,&quot;credit&quot;:&quot;&quot;,&quot;camera&quot;:&quot;&quot;,&quot;caption&quot;:&quot;&quot;,&quot;created_timestamp&quot;:&quot;0&quot;,&quot;copyright&quot;:&quot;&quot;,&quot;focal_length&quot;:&quot;0&quot;,&quot;iso&quot;:&quot;0&quot;,&quot;shutter_speed&quot;:&quot;0&quot;,&quot;title&quot;:&quot;&quot;,&quot;orientation&quot;:&quot;0&quot;}\" data-image-title=\"montanejos-communaute-valencienne\" data-image-description=\"\" data-image-caption=\"\" data-large-file=\"https:\/\/passporterapp.com\/fr\/blog\/wp-content\/uploads\/2021\/10\/montanejos-communaute-valencienne.jpg\" data-id=\"15657\" src=\"https:\/\/passporterapp.com\/fr\/blog\/wp-content\/uploads\/2021\/10\/montanejos-communaute-valencienne.jpg\" alt=\"\" class=\"wp-image-15657\" srcset=\"https:\/\/passporterapp.com\/fr\/blog\/wp-content\/uploads\/2021\/10\/montanejos-communaute-valencienne.jpg 768w, https:\/\/passporterapp.com\/fr\/blog\/wp-content\/uploads\/2021\/10\/montanejos-communaute-valencienne-240x300.jpg 240w\" sizes=\"auto, (max-width: 768px) 100vw, 768px\" \/><figcaption>Montanejos<br>@carlosfortea<\/figcaption><\/figure>\n\n\n\n<figure class=\"wp-block-image size-large\"><img loading=\"lazy\" decoding=\"async\" width=\"768\" height=\"960\" data-attachment-id=\"15658\" data-permalink=\"https:\/\/passporterapp.com\/fr\/blog\/espagne\/communaute-valencienne-que-faire\/attachment\/montanejos\/\" data-orig-file=\"https:\/\/passporterapp.com\/fr\/blog\/wp-content\/uploads\/2021\/10\/montanejos.jpg\" data-orig-size=\"768,960\" data-comments-opened=\"1\" data-image-meta=\"{&quot;aperture&quot;:&quot;0&quot;,&quot;credit&quot;:&quot;&quot;,&quot;camera&quot;:&quot;&quot;,&quot;caption&quot;:&quot;&quot;,&quot;created_timestamp&quot;:&quot;0&quot;,&quot;copyright&quot;:&quot;&quot;,&quot;focal_length&quot;:&quot;0&quot;,&quot;iso&quot;:&quot;0&quot;,&quot;shutter_speed&quot;:&quot;0&quot;,&quot;title&quot;:&quot;&quot;,&quot;orientation&quot;:&quot;0&quot;}\" data-image-title=\"montanejos\" data-image-description=\"\" data-image-caption=\"\" data-large-file=\"https:\/\/passporterapp.com\/fr\/blog\/wp-content\/uploads\/2021\/10\/montanejos.jpg\" data-id=\"15658\" src=\"https:\/\/passporterapp.com\/fr\/blog\/wp-content\/uploads\/2021\/10\/montanejos.jpg\" alt=\"\" class=\"wp-image-15658\" srcset=\"https:\/\/passporterapp.com\/fr\/blog\/wp-content\/uploads\/2021\/10\/montanejos.jpg 768w, https:\/\/passporterapp.com\/fr\/blog\/wp-content\/uploads\/2021\/10\/montanejos-240x300.jpg 240w\" sizes=\"auto, (max-width: 768px) 100vw, 768px\" \/><figcaption>  Montanejos<\/figcaption><\/figure>\n\n\n\n<figure class=\"wp-block-image size-large\"><img loading=\"lazy\" decoding=\"async\" width=\"768\" height=\"960\" data-attachment-id=\"15659\" data-permalink=\"https:\/\/passporterapp.com\/fr\/blog\/espagne\/communaute-valencienne-que-faire\/attachment\/montanejos-espagne-2\/\" data-orig-file=\"https:\/\/passporterapp.com\/fr\/blog\/wp-content\/uploads\/2021\/10\/montanejos-espagne.jpg\" data-orig-size=\"768,960\" data-comments-opened=\"1\" data-image-meta=\"{&quot;aperture&quot;:&quot;0&quot;,&quot;credit&quot;:&quot;&quot;,&quot;camera&quot;:&quot;&quot;,&quot;caption&quot;:&quot;&quot;,&quot;created_timestamp&quot;:&quot;0&quot;,&quot;copyright&quot;:&quot;&quot;,&quot;focal_length&quot;:&quot;0&quot;,&quot;iso&quot;:&quot;0&quot;,&quot;shutter_speed&quot;:&quot;0&quot;,&quot;title&quot;:&quot;&quot;,&quot;orientation&quot;:&quot;0&quot;}\" data-image-title=\"montanejos-espagne\" data-image-description=\"\" data-image-caption=\"\" data-large-file=\"https:\/\/passporterapp.com\/fr\/blog\/wp-content\/uploads\/2021\/10\/montanejos-espagne.jpg\" data-id=\"15659\" src=\"https:\/\/passporterapp.com\/fr\/blog\/wp-content\/uploads\/2021\/10\/montanejos-espagne.jpg\" alt=\"\" class=\"wp-image-15659\" srcset=\"https:\/\/passporterapp.com\/fr\/blog\/wp-content\/uploads\/2021\/10\/montanejos-espagne.jpg 768w, https:\/\/passporterapp.com\/fr\/blog\/wp-content\/uploads\/2021\/10\/montanejos-espagne-240x300.jpg 240w\" sizes=\"auto, (max-width: 768px) 100vw, 768px\" \/><figcaption> Montanejos<br>@carlosfortea <\/figcaption><\/figure>\n<\/figure>\n\n\n\n<p>Montanejos dispose d&rsquo;une grande vari\u00e9t\u00e9 de plats typiques qui font de la visite de cette ville une exp\u00e9rience extraordinaire. La cuisine traditionnelle de Montanejos se caract\u00e9rise par des recettes con\u00e7ues pour une population qui vit dans un environnement montagneux. Pour en savoir plus sur ce village de la Comunitat Valenciana, consultez notre article: <a href=\"https:\/\/passporterapp.com\/fr\/blog\/espagne\/que-faire-montajenos\/\" target=\"_blank\" rel=\"noreferrer noopener\">Que faire lors de votre voyage \u00e0 Montanejos.<\/a><\/p>\n\n\n\n<h3 class=\"wp-block-heading\" id=\"h-pe-iscola\"><span class=\"ez-toc-section\" id=\"Peniscola\"><\/span><strong>Pe\u00f1iscola<\/strong><span class=\"ez-toc-section-end\"><\/span><\/h3>\n\n\n\n<div class=\"wp-block-image\"><figure class=\"aligncenter size-large\"><img loading=\"lazy\" decoding=\"async\" width=\"1024\" height=\"768\" data-attachment-id=\"13317\" data-permalink=\"https:\/\/passporterapp.com\/fr\/blog\/espagne\/que-faire-peniscola\/attachment\/peniscola-espagne\/\" data-orig-file=\"https:\/\/passporterapp.com\/fr\/blog\/wp-content\/uploads\/2021\/05\/peniscola-espagne.jpg\" data-orig-size=\"1440,1080\" data-comments-opened=\"1\" data-image-meta=\"{&quot;aperture&quot;:&quot;0&quot;,&quot;credit&quot;:&quot;&quot;,&quot;camera&quot;:&quot;&quot;,&quot;caption&quot;:&quot;&quot;,&quot;created_timestamp&quot;:&quot;0&quot;,&quot;copyright&quot;:&quot;&quot;,&quot;focal_length&quot;:&quot;0&quot;,&quot;iso&quot;:&quot;0&quot;,&quot;shutter_speed&quot;:&quot;0&quot;,&quot;title&quot;:&quot;&quot;,&quot;orientation&quot;:&quot;0&quot;}\" data-image-title=\"peniscola-espagne\" data-image-description=\"\" data-image-caption=\"\" data-large-file=\"https:\/\/passporterapp.com\/fr\/blog\/wp-content\/uploads\/2021\/05\/peniscola-espagne-1024x768.jpg\" src=\"https:\/\/passporterapp.com\/fr\/blog\/wp-content\/uploads\/2021\/05\/peniscola-espagne-1024x768.jpg\" alt=\"pe\u00f1iscola espagne\" class=\"wp-image-13317\" srcset=\"https:\/\/passporterapp.com\/fr\/blog\/wp-content\/uploads\/2021\/05\/peniscola-espagne-1024x768.jpg 1024w, https:\/\/passporterapp.com\/fr\/blog\/wp-content\/uploads\/2021\/05\/peniscola-espagne-300x225.jpg 300w, https:\/\/passporterapp.com\/fr\/blog\/wp-content\/uploads\/2021\/05\/peniscola-espagne-768x576.jpg 768w, https:\/\/passporterapp.com\/fr\/blog\/wp-content\/uploads\/2021\/05\/peniscola-espagne-1200x900.jpg 1200w, https:\/\/passporterapp.com\/fr\/blog\/wp-content\/uploads\/2021\/05\/peniscola-espagne-800x600.jpg 800w, https:\/\/passporterapp.com\/fr\/blog\/wp-content\/uploads\/2021\/05\/peniscola-espagne-400x300.jpg 400w, https:\/\/passporterapp.com\/fr\/blog\/wp-content\/uploads\/2021\/05\/peniscola-espagne-200x150.jpg 200w, https:\/\/passporterapp.com\/fr\/blog\/wp-content\/uploads\/2021\/05\/peniscola-espagne-1140x855.jpg 1140w, https:\/\/passporterapp.com\/fr\/blog\/wp-content\/uploads\/2021\/05\/peniscola-espagne.jpg 1440w\" sizes=\"auto, (max-width: 1024px) 100vw, 1024px\" \/><figcaption>Pe\u00f1iscola @raquelmarrtin&nbsp;<\/figcaption><\/figure><\/div>\n\n\n\n<p>Particuli\u00e8rement c\u00e9l\u00e8bre pour sa pr\u00e9cieuse vieille ville, Pe\u00f1\u00edscola est une municipalit\u00e9 qui m\u00e9rite une visite. Situ\u00e9e sur la c\u00f4te nord de la r\u00e9gion de Valence, cette jolie ville de bord de mer offre bien plus que le tourisme classique du soleil et de la plage des villes c\u00f4ti\u00e8res. Le vieux quartier de Pe\u00f1iscola est l&rsquo;un de ses plus grands tr\u00e9sors.<\/p><div id=\"passp-1264427715\" class=\"passp-contenido_3\"><a href=\"https:\/\/passporterapp.com\/fr\/auth\/signup?&#038;ref=blogpassporterk&#038;utm_source=blog&#038;utm_medium=banner-horizontal-verde&#038;utm_term=FR_03_728X90\" aria-label=\"FR_03_728\"><img loading=\"lazy\" decoding=\"async\" src=\"https:\/\/passporterapp.com\/fr\/blog\/wp-content\/uploads\/2021\/08\/FR_03_728.png\" alt=\"FR_03_728\"  srcset=\"https:\/\/passporterapp.com\/fr\/blog\/wp-content\/uploads\/2021\/08\/FR_03_728.png 1456w, https:\/\/passporterapp.com\/fr\/blog\/wp-content\/uploads\/2021\/08\/FR_03_728-300x37.png 300w, https:\/\/passporterapp.com\/fr\/blog\/wp-content\/uploads\/2021\/08\/FR_03_728-1024x127.png 1024w, https:\/\/passporterapp.com\/fr\/blog\/wp-content\/uploads\/2021\/08\/FR_03_728-768x95.png 768w, https:\/\/passporterapp.com\/fr\/blog\/wp-content\/uploads\/2021\/08\/FR_03_728-1200x148.png 1200w, https:\/\/passporterapp.com\/fr\/blog\/wp-content\/uploads\/2021\/08\/FR_03_728-1140x141.png 1140w\" sizes=\"(max-width: 1456px) 100vw, 1456px\" width=\"1456\" height=\"180\"  style=\"display: inline-block;\" \/><\/a><\/div>\n\n\n\n<p>Osez d\u00e9couvrir tous ses charmes et fl\u00e2nez dans ses ruelles magiques par un apr\u00e8s-midi d&rsquo;\u00e9t\u00e9. Si vous voulez en savoir plus sur l&rsquo;une des plus belles villes de la r\u00e9gion de Valence, lisez notre article: <a href=\"https:\/\/passporterapp.com\/fr\/blog\/espagne\/que-faire-peniscola\/\" target=\"_blank\" rel=\"noreferrer noopener\">Que faire lors de votre voyage \u00e0 Pe\u00f1\u00edscola<\/a>.<\/p>\n\n\n\n<div class=\"wp-block-buttons is-horizontal is-content-justification-center is-layout-flex wp-container-core-buttons-is-layout-499968f5 wp-block-buttons-is-layout-flex\">\n<div class=\"wp-block-button\"><a class=\"wp-block-button__link has-background\" href=\"https:\/\/passporterapp.com\/en?action=modal&amp;target=register&amp;ref=blogpassporter\" style=\"background-color:#2a7057\" target=\"_blank\" rel=\"noreferrer noopener\">registrez-vous sur l&rsquo;app de passporter<\/a><\/div>\n<\/div>\n\n\n\n<h2 class=\"wp-block-heading\" id=\"h-meilleurs-lieux-visiter-dans-la-communaut-valencienne\"><span class=\"ez-toc-section\" id=\"Meilleurs-lieux-a-visiter-dans-la-Communaute-Valencienne\"><\/span><strong>Meilleurs lieux \u00e0 visiter dans la Communaut\u00e9 Valencienne<\/strong><span class=\"ez-toc-section-end\"><\/span><\/h2>\n\n\n\n<h3 class=\"wp-block-heading\" id=\"h-parc-naturel-de-l-albufera\"><span class=\"ez-toc-section\" id=\"Parc-Naturel-de-lAlbufera\"><\/span><strong>Parc Naturel de l&rsquo;Albufera<\/strong><span class=\"ez-toc-section-end\"><\/span><\/h3>\n\n\n\n<p>L&rsquo;Albufera de Valence est l&rsquo;une des zones humides c\u00f4ti\u00e8res les plus repr\u00e9sentatives et pr\u00e9cieuses de la r\u00e9gion de Valence. Son int\u00e9r\u00eat environnemental et paysager est tel qu&rsquo;il a \u00e9t\u00e9 d\u00e9clar\u00e9 parc naturel en 1986.<\/p>\n\n\n\n<p>C&rsquo;est un lieu de nidification et d&rsquo;hivernage pour les oiseaux migrateurs. Il joue un r\u00f4le environnemental tr\u00e8s important, car il abrite des esp\u00e8ces menac\u00e9es, comme le fartet et le samaruc.<\/p>\n\n\n\n<figure class=\"wp-block-gallery has-nested-images columns-default is-cropped wp-block-gallery-4 is-layout-flex wp-block-gallery-is-layout-flex\">\n<figure class=\"wp-block-image size-large\"><img loading=\"lazy\" decoding=\"async\" width=\"683\" height=\"1024\" data-attachment-id=\"15663\" data-permalink=\"https:\/\/passporterapp.com\/fr\/blog\/espagne\/communaute-valencienne-que-faire\/attachment\/parc-naturel-albufera-espagne\/\" data-orig-file=\"https:\/\/passporterapp.com\/fr\/blog\/wp-content\/uploads\/2021\/10\/parc-naturel-albufera-espagne.jpg\" data-orig-size=\"683,1024\" data-comments-opened=\"1\" data-image-meta=\"{&quot;aperture&quot;:&quot;0&quot;,&quot;credit&quot;:&quot;&quot;,&quot;camera&quot;:&quot;&quot;,&quot;caption&quot;:&quot;&quot;,&quot;created_timestamp&quot;:&quot;0&quot;,&quot;copyright&quot;:&quot;&quot;,&quot;focal_length&quot;:&quot;0&quot;,&quot;iso&quot;:&quot;0&quot;,&quot;shutter_speed&quot;:&quot;0&quot;,&quot;title&quot;:&quot;&quot;,&quot;orientation&quot;:&quot;0&quot;}\" data-image-title=\"parc-naturel-albufera-espagne\" data-image-description=\"\" data-image-caption=\"\" data-large-file=\"https:\/\/passporterapp.com\/fr\/blog\/wp-content\/uploads\/2021\/10\/parc-naturel-albufera-espagne.jpg\" data-id=\"15663\" src=\"https:\/\/passporterapp.com\/fr\/blog\/wp-content\/uploads\/2021\/10\/parc-naturel-albufera-espagne.jpg\" alt=\"\" class=\"wp-image-15663\" srcset=\"https:\/\/passporterapp.com\/fr\/blog\/wp-content\/uploads\/2021\/10\/parc-naturel-albufera-espagne.jpg 683w, https:\/\/passporterapp.com\/fr\/blog\/wp-content\/uploads\/2021\/10\/parc-naturel-albufera-espagne-200x300.jpg 200w\" sizes=\"auto, (max-width: 683px) 100vw, 683px\" \/><figcaption>@raquelmarrtin<\/figcaption><\/figure>\n\n\n\n<figure class=\"wp-block-image size-large\"><img loading=\"lazy\" decoding=\"async\" width=\"683\" height=\"1024\" data-attachment-id=\"12908\" data-permalink=\"https:\/\/passporterapp.com\/fr\/blog\/espagne\/que-faire-valence\/attachment\/albufera-valence\/\" data-orig-file=\"https:\/\/passporterapp.com\/fr\/blog\/wp-content\/uploads\/2021\/05\/albufera-valence.jpg\" data-orig-size=\"683,1024\" data-comments-opened=\"1\" data-image-meta=\"{&quot;aperture&quot;:&quot;0&quot;,&quot;credit&quot;:&quot;&quot;,&quot;camera&quot;:&quot;&quot;,&quot;caption&quot;:&quot;&quot;,&quot;created_timestamp&quot;:&quot;0&quot;,&quot;copyright&quot;:&quot;&quot;,&quot;focal_length&quot;:&quot;0&quot;,&quot;iso&quot;:&quot;0&quot;,&quot;shutter_speed&quot;:&quot;0&quot;,&quot;title&quot;:&quot;&quot;,&quot;orientation&quot;:&quot;0&quot;}\" data-image-title=\"albufera-valence\" data-image-description=\"\" data-image-caption=\"\" data-large-file=\"https:\/\/passporterapp.com\/fr\/blog\/wp-content\/uploads\/2021\/05\/albufera-valence.jpg\" data-id=\"12908\" src=\"https:\/\/passporterapp.com\/fr\/blog\/wp-content\/uploads\/2021\/05\/albufera-valence.jpg\" alt=\"voir albufera valence\" class=\"wp-image-12908\" srcset=\"https:\/\/passporterapp.com\/fr\/blog\/wp-content\/uploads\/2021\/05\/albufera-valence.jpg 683w, https:\/\/passporterapp.com\/fr\/blog\/wp-content\/uploads\/2021\/05\/albufera-valence-200x300.jpg 200w\" sizes=\"auto, (max-width: 683px) 100vw, 683px\" \/><figcaption>@raquelmarrtin<\/figcaption><\/figure>\n<\/figure>\n\n\n\n<div class=\"wp-block-image\"><figure class=\"aligncenter size-full is-resized\"><img loading=\"lazy\" decoding=\"async\" data-attachment-id=\"15662\" data-permalink=\"https:\/\/passporterapp.com\/fr\/blog\/espagne\/communaute-valencienne-que-faire\/attachment\/parc-naturel-albufera\/\" data-orig-file=\"https:\/\/passporterapp.com\/fr\/blog\/wp-content\/uploads\/2021\/10\/parc-naturel-albufera.jpg\" data-orig-size=\"768,512\" data-comments-opened=\"1\" data-image-meta=\"{&quot;aperture&quot;:&quot;0&quot;,&quot;credit&quot;:&quot;&quot;,&quot;camera&quot;:&quot;&quot;,&quot;caption&quot;:&quot;&quot;,&quot;created_timestamp&quot;:&quot;0&quot;,&quot;copyright&quot;:&quot;&quot;,&quot;focal_length&quot;:&quot;0&quot;,&quot;iso&quot;:&quot;0&quot;,&quot;shutter_speed&quot;:&quot;0&quot;,&quot;title&quot;:&quot;&quot;,&quot;orientation&quot;:&quot;0&quot;}\" data-image-title=\"parc-naturel-albufera\" data-image-description=\"\" data-image-caption=\"\" data-large-file=\"https:\/\/passporterapp.com\/fr\/blog\/wp-content\/uploads\/2021\/10\/parc-naturel-albufera.jpg\" src=\"https:\/\/passporterapp.com\/fr\/blog\/wp-content\/uploads\/2021\/10\/parc-naturel-albufera.jpg\" alt=\"\" class=\"wp-image-15662\" width=\"800\" height=\"533\" srcset=\"https:\/\/passporterapp.com\/fr\/blog\/wp-content\/uploads\/2021\/10\/parc-naturel-albufera.jpg 768w, https:\/\/passporterapp.com\/fr\/blog\/wp-content\/uploads\/2021\/10\/parc-naturel-albufera-300x200.jpg 300w\" sizes=\"auto, (max-width: 800px) 100vw, 800px\" \/><\/figure><\/div>\n\n\n\n<p>Toutefois, sa valeur environnementale est loin d&rsquo;\u00eatre son seul attrait. C&rsquo;est l&rsquo;un des endroits les plus magiques de la province. On peut entrer en contact avec la nature environnante et savourer le calme de ses eaux. C&rsquo;est l&rsquo;un des paysages naturels m\u00e9diterran\u00e9ens les plus appr\u00e9ci\u00e9s et les plus aim\u00e9s de la Communaut\u00e9 de Valence ; des promenades en bateau, la nature \u00e0 l&rsquo;\u00e9tat pur et un espace de d\u00e9connexion.<\/p>\n\n\n\n<p>Pour plus d&rsquo;informations, vous pouvez lire notre post sur: Que voir et faire \u00e0 Valence.<\/p>\n\n\n\n<div class=\"wp-block-buttons is-horizontal is-content-justification-center is-layout-flex wp-container-core-buttons-is-layout-499968f5 wp-block-buttons-is-layout-flex\">\n<div class=\"wp-block-button\"><a class=\"wp-block-button__link has-background\" href=\"https:\/\/passporterapp.com\/en?action=modal&amp;target=register&amp;ref=blogpassporter\" style=\"background-color:#2a7057\" target=\"_blank\" rel=\"noreferrer noopener\">registrez-vous sur l&rsquo;app de passporter<\/a><\/div>\n<\/div>\n\n\n\n<h3 class=\"wp-block-heading\" id=\"h-ponts-suspendus-de-chulilla\"><span class=\"ez-toc-section\" id=\"Ponts-suspendus-de-Chulilla\"><\/span><strong>Ponts suspendus de Chulilla<\/strong><span class=\"ez-toc-section-end\"><\/span><\/h3>\n\n\n\n<p>Situ\u00e9e \u00e0 60 km de la ville de Valence, cette r\u00e9gion vous invite \u00e0 d\u00e9couvrir le village pittoresque de Chulilla. Ainsi qu&rsquo;\u00e0 faire quelque chose de diff\u00e9rent dans un cadre unique. Il s&rsquo;agit d&rsquo;un itin\u00e9raire magnifique qui passe par des ponts suspendus entre d&rsquo;imposantes parois verticales de plus de 80 m\u00e8tres de haut et au-dessus de la rivi\u00e8re Turia. Ce paysage luxuriant vous fait d\u00e9couvrir un parcours aventureux \u00e0 travers de la r\u00e9gion de Valence.<\/p>\n\n\n\n<p>\u00c9galement connu sous le nom de route des marais de Chulilla, ce canyon creus\u00e9 par l&rsquo;eau offre un paysage spectaculaire au sein du parc naturel municipal de Les Calderones. Le chemin fait environ 5 kilom\u00e8tres de long, et c&rsquo;est un endroit tr\u00e8s populaire pour l&rsquo;escalade. Le premier pont a une hauteur de 15 m\u00e8tres au-dessus de la rivi\u00e8re et mesure environ 20 m\u00e8tres de long. L&rsquo;autre pont est plus long, avec 28 m\u00e8tres, et offre des vues magnifiques qui valent la peine de s&rsquo;arr\u00eater pour en profiter.<\/p>\n\n\n\n<figure class=\"wp-block-gallery has-nested-images columns-default is-cropped wp-block-gallery-5 is-layout-flex wp-block-gallery-is-layout-flex\">\n<figure class=\"wp-block-image size-large\"><img loading=\"lazy\" decoding=\"async\" width=\"683\" height=\"1024\" data-attachment-id=\"15665\" data-permalink=\"https:\/\/passporterapp.com\/fr\/blog\/espagne\/communaute-valencienne-que-faire\/attachment\/chulilla-valencia\/\" data-orig-file=\"https:\/\/passporterapp.com\/fr\/blog\/wp-content\/uploads\/2021\/10\/chulilla-valencia.jpg\" data-orig-size=\"683,1024\" data-comments-opened=\"1\" data-image-meta=\"{&quot;aperture&quot;:&quot;0&quot;,&quot;credit&quot;:&quot;&quot;,&quot;camera&quot;:&quot;&quot;,&quot;caption&quot;:&quot;&quot;,&quot;created_timestamp&quot;:&quot;0&quot;,&quot;copyright&quot;:&quot;&quot;,&quot;focal_length&quot;:&quot;0&quot;,&quot;iso&quot;:&quot;0&quot;,&quot;shutter_speed&quot;:&quot;0&quot;,&quot;title&quot;:&quot;&quot;,&quot;orientation&quot;:&quot;0&quot;}\" data-image-title=\"chulilla-valencia\" data-image-description=\"\" data-image-caption=\"\" data-large-file=\"https:\/\/passporterapp.com\/fr\/blog\/wp-content\/uploads\/2021\/10\/chulilla-valencia.jpg\" data-id=\"15665\" src=\"https:\/\/passporterapp.com\/fr\/blog\/wp-content\/uploads\/2021\/10\/chulilla-valencia.jpg\" alt=\"\" class=\"wp-image-15665\" srcset=\"https:\/\/passporterapp.com\/fr\/blog\/wp-content\/uploads\/2021\/10\/chulilla-valencia.jpg 683w, https:\/\/passporterapp.com\/fr\/blog\/wp-content\/uploads\/2021\/10\/chulilla-valencia-200x300.jpg 200w\" sizes=\"auto, (max-width: 683px) 100vw, 683px\" \/><figcaption>Chulilla<br>@dimascervera<\/figcaption><\/figure>\n\n\n\n<figure class=\"wp-block-image size-large\"><img loading=\"lazy\" decoding=\"async\" width=\"683\" height=\"1024\" data-attachment-id=\"15666\" data-permalink=\"https:\/\/passporterapp.com\/fr\/blog\/espagne\/communaute-valencienne-que-faire\/attachment\/chulilla-communaute-valencienne\/\" data-orig-file=\"https:\/\/passporterapp.com\/fr\/blog\/wp-content\/uploads\/2021\/10\/chulilla-communaute-valencienne.jpg\" data-orig-size=\"683,1024\" data-comments-opened=\"1\" data-image-meta=\"{&quot;aperture&quot;:&quot;0&quot;,&quot;credit&quot;:&quot;&quot;,&quot;camera&quot;:&quot;&quot;,&quot;caption&quot;:&quot;&quot;,&quot;created_timestamp&quot;:&quot;0&quot;,&quot;copyright&quot;:&quot;&quot;,&quot;focal_length&quot;:&quot;0&quot;,&quot;iso&quot;:&quot;0&quot;,&quot;shutter_speed&quot;:&quot;0&quot;,&quot;title&quot;:&quot;&quot;,&quot;orientation&quot;:&quot;0&quot;}\" data-image-title=\"chulilla-communaute-valencienne\" data-image-description=\"\" data-image-caption=\"\" data-large-file=\"https:\/\/passporterapp.com\/fr\/blog\/wp-content\/uploads\/2021\/10\/chulilla-communaute-valencienne.jpg\" data-id=\"15666\" src=\"https:\/\/passporterapp.com\/fr\/blog\/wp-content\/uploads\/2021\/10\/chulilla-communaute-valencienne.jpg\" alt=\"\" class=\"wp-image-15666\" srcset=\"https:\/\/passporterapp.com\/fr\/blog\/wp-content\/uploads\/2021\/10\/chulilla-communaute-valencienne.jpg 683w, https:\/\/passporterapp.com\/fr\/blog\/wp-content\/uploads\/2021\/10\/chulilla-communaute-valencienne-200x300.jpg 200w\" sizes=\"auto, (max-width: 683px) 100vw, 683px\" \/><figcaption>@dimascervera<\/figcaption><\/figure>\n\n\n\n<figure class=\"wp-block-image size-large\"><img loading=\"lazy\" decoding=\"async\" width=\"683\" height=\"1024\" data-attachment-id=\"15667\" data-permalink=\"https:\/\/passporterapp.com\/fr\/blog\/espagne\/communaute-valencienne-que-faire\/attachment\/pont-suspendus-chulilla\/\" data-orig-file=\"https:\/\/passporterapp.com\/fr\/blog\/wp-content\/uploads\/2021\/10\/pont-suspendus-chulilla.jpg\" data-orig-size=\"683,1024\" data-comments-opened=\"1\" data-image-meta=\"{&quot;aperture&quot;:&quot;0&quot;,&quot;credit&quot;:&quot;&quot;,&quot;camera&quot;:&quot;&quot;,&quot;caption&quot;:&quot;&quot;,&quot;created_timestamp&quot;:&quot;0&quot;,&quot;copyright&quot;:&quot;&quot;,&quot;focal_length&quot;:&quot;0&quot;,&quot;iso&quot;:&quot;0&quot;,&quot;shutter_speed&quot;:&quot;0&quot;,&quot;title&quot;:&quot;&quot;,&quot;orientation&quot;:&quot;0&quot;}\" data-image-title=\"pont-suspendus-chulilla\" data-image-description=\"\" data-image-caption=\"\" data-large-file=\"https:\/\/passporterapp.com\/fr\/blog\/wp-content\/uploads\/2021\/10\/pont-suspendus-chulilla.jpg\" data-id=\"15667\" src=\"https:\/\/passporterapp.com\/fr\/blog\/wp-content\/uploads\/2021\/10\/pont-suspendus-chulilla.jpg\" alt=\"\" class=\"wp-image-15667\" srcset=\"https:\/\/passporterapp.com\/fr\/blog\/wp-content\/uploads\/2021\/10\/pont-suspendus-chulilla.jpg 683w, https:\/\/passporterapp.com\/fr\/blog\/wp-content\/uploads\/2021\/10\/pont-suspendus-chulilla-200x300.jpg 200w\" sizes=\"auto, (max-width: 683px) 100vw, 683px\" \/><figcaption>Chulilla<br>@dimascervera<\/figcaption><\/figure>\n<\/figure>\n\n\n\n<p>Mais on ne peut se rendre aux ponts suspendus sans visiter d&rsquo;abord le village de Chulilla, domin\u00e9 par ses maisons blanches et son ancien ch\u00e2teau au sommet de la colline. En outre, pr\u00e8s du chemin de la Route des Ponts Suspendus, vous trouverez une autre \u00e9tape essentielle, le Charco Azul. C&rsquo;est un lac idyllique dans lequel se refl\u00e8tent les montagnes environnantes et qui compl\u00e8tera votre voyage de mani\u00e8re incroyable \u00e0 la Communaut\u00e9 Valencienne.<\/p>\n\n\n\n<h3 class=\"wp-block-heading\" id=\"h-chartreuse-de-portacoeli\"><span class=\"ez-toc-section\" id=\"Chartreuse-de-Portacoeli\"><\/span><strong>Chartreuse de Portacoeli<\/strong><span class=\"ez-toc-section-end\"><\/span><\/h3>\n\n\n\n<p>La Chartreuse de Portacoeli fait partie d&rsquo;un bel ensemble architectural compos\u00e9 d&rsquo;une \u00e9glise de style gothique, de plusieurs clo\u00eetres et de caves. Mais ce qui impressionne dans cette chartreuse, ce n&rsquo;est pas seulement son architecture mais aussi son cadre, qui nous transporte directement en Toscane.<\/p>\n\n\n\n<p>Vous pouvez trouver plusieurs chapelles de grand int\u00e9r\u00eat artistique qui font de ce lieu un point de grand int\u00e9r\u00eat. Le complexe a \u00e9t\u00e9 d\u00e9clar\u00e9 Bien d&rsquo;int\u00e9r\u00eat culturel et l&rsquo;int\u00e9rieur abrite une remarquable galerie d&rsquo;art avec des toiles d&rsquo;Alonso Cano.<\/p>\n\n\n\n<figure class=\"wp-block-gallery has-nested-images columns-default is-cropped wp-block-gallery-6 is-layout-flex wp-block-gallery-is-layout-flex\">\n<figure class=\"wp-block-image size-large\"><img loading=\"lazy\" decoding=\"async\" width=\"683\" height=\"1024\" data-attachment-id=\"15669\" data-permalink=\"https:\/\/passporterapp.com\/fr\/blog\/espagne\/communaute-valencienne-que-faire\/attachment\/portacoeli\/\" data-orig-file=\"https:\/\/passporterapp.com\/fr\/blog\/wp-content\/uploads\/2021\/10\/portacoeli.jpg\" data-orig-size=\"683,1024\" data-comments-opened=\"1\" data-image-meta=\"{&quot;aperture&quot;:&quot;0&quot;,&quot;credit&quot;:&quot;&quot;,&quot;camera&quot;:&quot;&quot;,&quot;caption&quot;:&quot;&quot;,&quot;created_timestamp&quot;:&quot;0&quot;,&quot;copyright&quot;:&quot;&quot;,&quot;focal_length&quot;:&quot;0&quot;,&quot;iso&quot;:&quot;0&quot;,&quot;shutter_speed&quot;:&quot;0&quot;,&quot;title&quot;:&quot;&quot;,&quot;orientation&quot;:&quot;0&quot;}\" data-image-title=\"portacoeli\" data-image-description=\"\" data-image-caption=\"\" data-large-file=\"https:\/\/passporterapp.com\/fr\/blog\/wp-content\/uploads\/2021\/10\/portacoeli.jpg\" data-id=\"15669\" src=\"https:\/\/passporterapp.com\/fr\/blog\/wp-content\/uploads\/2021\/10\/portacoeli.jpg\" alt=\"\" class=\"wp-image-15669\" srcset=\"https:\/\/passporterapp.com\/fr\/blog\/wp-content\/uploads\/2021\/10\/portacoeli.jpg 683w, https:\/\/passporterapp.com\/fr\/blog\/wp-content\/uploads\/2021\/10\/portacoeli-200x300.jpg 200w\" sizes=\"auto, (max-width: 683px) 100vw, 683px\" \/><figcaption>Portacoeli<br>@recienviajados<\/figcaption><\/figure>\n\n\n\n<figure class=\"wp-block-image size-large\"><img loading=\"lazy\" decoding=\"async\" width=\"683\" height=\"1024\" data-attachment-id=\"15670\" data-permalink=\"https:\/\/passporterapp.com\/fr\/blog\/espagne\/communaute-valencienne-que-faire\/attachment\/portacoeli-espagne\/\" data-orig-file=\"https:\/\/passporterapp.com\/fr\/blog\/wp-content\/uploads\/2021\/10\/portacoeli-espagne.jpg\" data-orig-size=\"1140,1710\" data-comments-opened=\"1\" data-image-meta=\"{&quot;aperture&quot;:&quot;0&quot;,&quot;credit&quot;:&quot;&quot;,&quot;camera&quot;:&quot;&quot;,&quot;caption&quot;:&quot;&quot;,&quot;created_timestamp&quot;:&quot;0&quot;,&quot;copyright&quot;:&quot;&quot;,&quot;focal_length&quot;:&quot;0&quot;,&quot;iso&quot;:&quot;0&quot;,&quot;shutter_speed&quot;:&quot;0&quot;,&quot;title&quot;:&quot;&quot;,&quot;orientation&quot;:&quot;0&quot;}\" data-image-title=\"portacoeli-espagne\" data-image-description=\"\" data-image-caption=\"\" data-large-file=\"https:\/\/passporterapp.com\/fr\/blog\/wp-content\/uploads\/2021\/10\/portacoeli-espagne-683x1024.jpg\" data-id=\"15670\" src=\"https:\/\/passporterapp.com\/fr\/blog\/wp-content\/uploads\/2021\/10\/portacoeli-espagne-683x1024.jpg\" alt=\"\" class=\"wp-image-15670\" srcset=\"https:\/\/passporterapp.com\/fr\/blog\/wp-content\/uploads\/2021\/10\/portacoeli-espagne-683x1024.jpg 683w, https:\/\/passporterapp.com\/fr\/blog\/wp-content\/uploads\/2021\/10\/portacoeli-espagne-200x300.jpg 200w, https:\/\/passporterapp.com\/fr\/blog\/wp-content\/uploads\/2021\/10\/portacoeli-espagne-768x1152.jpg 768w, https:\/\/passporterapp.com\/fr\/blog\/wp-content\/uploads\/2021\/10\/portacoeli-espagne-1024x1536.jpg 1024w, https:\/\/passporterapp.com\/fr\/blog\/wp-content\/uploads\/2021\/10\/portacoeli-espagne.jpg 1140w\" sizes=\"auto, (max-width: 683px) 100vw, 683px\" \/><figcaption> Portacoeli<br>@recienviajados <\/figcaption><\/figure>\n<\/figure>\n\n\n\n<h3 class=\"wp-block-heading\" id=\"h-cala-de-portixol\"><span class=\"ez-toc-section\" id=\"Cala-de-Portixol\"><\/span><strong>Cala de Portixol<\/strong><span class=\"ez-toc-section-end\"><\/span><\/h3>\n\n\n\n<p>La Cala de Portixol est une image qui d\u00e9crit exactement l&rsquo;essence d&rsquo;un \u00e9t\u00e9 en M\u00e9diterran\u00e9e. C&rsquo;est l&rsquo;une des plages les plus c\u00e9l\u00e8bres et les plus pittoresques \u00e0 voir \u00e0 J\u00e1vea et peut-\u00eatre l&rsquo;une des plus belles de toute la municipalit\u00e9. Elle est c\u00e9l\u00e8bre pour ses charmantes petites maisons de p\u00eacheurs, peintes de ce bleu et blanc caract\u00e9ristique que vous avez s\u00fbrement vu sur des milliers de photos. Cette crique de gravier et de roche est un endroit id\u00e9al pour les amateurs de plong\u00e9e.<\/p>\n\n\n\n<p>On peut y acc\u00e9der soit en voiture, par la route de Cabo la Nao, soit \u00e0 pied depuis le point de vue de la Cruz del Portixol, une petite place d&rsquo;o\u00f9 l&rsquo;on peut \u00e9galement contempler la belle \u00eele de Portixol. Situ\u00e9e entre le Cap Prim et le Cap Negre, la route qui m\u00e8ne \u00e0 la crique est un paysage impressionnant qui allie v\u00e9g\u00e9tation m\u00e9diterran\u00e9enne et eau bleue transparente.<\/p>\n\n\n\n<figure class=\"wp-block-gallery has-nested-images columns-default is-cropped wp-block-gallery-7 is-layout-flex wp-block-gallery-is-layout-flex\">\n<figure class=\"wp-block-image size-large\"><img loading=\"lazy\" decoding=\"async\" width=\"683\" height=\"1024\" data-attachment-id=\"15672\" data-permalink=\"https:\/\/passporterapp.com\/fr\/blog\/espagne\/communaute-valencienne-que-faire\/attachment\/cala-portixol\/\" data-orig-file=\"https:\/\/passporterapp.com\/fr\/blog\/wp-content\/uploads\/2021\/10\/cala-portixol.jpg\" data-orig-size=\"683,1024\" data-comments-opened=\"1\" data-image-meta=\"{&quot;aperture&quot;:&quot;0&quot;,&quot;credit&quot;:&quot;&quot;,&quot;camera&quot;:&quot;&quot;,&quot;caption&quot;:&quot;&quot;,&quot;created_timestamp&quot;:&quot;0&quot;,&quot;copyright&quot;:&quot;&quot;,&quot;focal_length&quot;:&quot;0&quot;,&quot;iso&quot;:&quot;0&quot;,&quot;shutter_speed&quot;:&quot;0&quot;,&quot;title&quot;:&quot;&quot;,&quot;orientation&quot;:&quot;0&quot;}\" data-image-title=\"cala-portixol\" data-image-description=\"\" data-image-caption=\"\" data-large-file=\"https:\/\/passporterapp.com\/fr\/blog\/wp-content\/uploads\/2021\/10\/cala-portixol.jpg\" data-id=\"15672\" src=\"https:\/\/passporterapp.com\/fr\/blog\/wp-content\/uploads\/2021\/10\/cala-portixol.jpg\" alt=\"\" class=\"wp-image-15672\" srcset=\"https:\/\/passporterapp.com\/fr\/blog\/wp-content\/uploads\/2021\/10\/cala-portixol.jpg 683w, https:\/\/passporterapp.com\/fr\/blog\/wp-content\/uploads\/2021\/10\/cala-portixol-200x300.jpg 200w\" sizes=\"auto, (max-width: 683px) 100vw, 683px\" \/><figcaption>@merpalmero<\/figcaption><\/figure>\n\n\n\n<figure class=\"wp-block-image size-large\"><img loading=\"lazy\" decoding=\"async\" width=\"683\" height=\"1024\" data-attachment-id=\"15673\" data-permalink=\"https:\/\/passporterapp.com\/fr\/blog\/espagne\/communaute-valencienne-que-faire\/attachment\/cala-portixol-javea\/\" data-orig-file=\"https:\/\/passporterapp.com\/fr\/blog\/wp-content\/uploads\/2021\/10\/cala-portixol-javea.jpg\" data-orig-size=\"683,1024\" data-comments-opened=\"1\" data-image-meta=\"{&quot;aperture&quot;:&quot;0&quot;,&quot;credit&quot;:&quot;&quot;,&quot;camera&quot;:&quot;&quot;,&quot;caption&quot;:&quot;&quot;,&quot;created_timestamp&quot;:&quot;0&quot;,&quot;copyright&quot;:&quot;&quot;,&quot;focal_length&quot;:&quot;0&quot;,&quot;iso&quot;:&quot;0&quot;,&quot;shutter_speed&quot;:&quot;0&quot;,&quot;title&quot;:&quot;&quot;,&quot;orientation&quot;:&quot;0&quot;}\" data-image-title=\"cala-portixol-javea\" data-image-description=\"\" data-image-caption=\"\" data-large-file=\"https:\/\/passporterapp.com\/fr\/blog\/wp-content\/uploads\/2021\/10\/cala-portixol-javea.jpg\" data-id=\"15673\" src=\"https:\/\/passporterapp.com\/fr\/blog\/wp-content\/uploads\/2021\/10\/cala-portixol-javea.jpg\" alt=\"\" class=\"wp-image-15673\" srcset=\"https:\/\/passporterapp.com\/fr\/blog\/wp-content\/uploads\/2021\/10\/cala-portixol-javea.jpg 683w, https:\/\/passporterapp.com\/fr\/blog\/wp-content\/uploads\/2021\/10\/cala-portixol-javea-200x300.jpg 200w\" sizes=\"auto, (max-width: 683px) 100vw, 683px\" \/><figcaption>@mariagarciafdez<\/figcaption><\/figure>\n<\/figure>\n\n\n\n<div class=\"wp-block-buttons is-horizontal is-content-justification-center is-layout-flex wp-container-core-buttons-is-layout-499968f5 wp-block-buttons-is-layout-flex\">\n<div class=\"wp-block-button\"><a class=\"wp-block-button__link has-background\" href=\"https:\/\/passporterapp.com\/en?action=modal&amp;target=register&amp;ref=blogpassporter\" style=\"background-color:#2a7057\" target=\"_blank\" rel=\"noreferrer noopener\">registrez-vous sur l&rsquo;app de passporter<\/a><\/div>\n<\/div>\n\n\n\n<h3 class=\"wp-block-heading\" id=\"h-cala-del-moraig\"><span class=\"ez-toc-section\" id=\"Cala-del-Moraig\"><\/span><strong>Cala del Moraig<\/strong><span class=\"ez-toc-section-end\"><\/span><\/h3>\n\n\n\n<p>Cala del Moraig; l&rsquo;un des plus beaux coins de la Costa Blanca. Les caprices de la nature ont fait de cette crique une enclave unique pour les amateurs de plong\u00e9e et de snorkeling.<\/p>\n\n\n\n<p>Cette crique est situ\u00e9e \u00e0 Poble Nou de Benitatxel, une municipalit\u00e9 entour\u00e9e de champs de cultures et du massif du Puig de la Lloren\u00e7a qui tombe vers la mer en cr\u00e9ant des formations g\u00e9ologiques, des falaises et de belles criques comme celle-ci. C&rsquo;est une plage de galets et de sable sur le rivage qui est devenue l&rsquo;une des plus populaires de la r\u00e9gion. C&rsquo;est sans aucun doute l&rsquo;endroit id\u00e9al pour passer une journ\u00e9e d&rsquo;\u00e9t\u00e9 \u00e0 la plage, en profitant de l&rsquo;environnement et en admirant les fonds marins.<\/p>\n\n\n\n<figure class=\"wp-block-gallery has-nested-images columns-default is-cropped wp-block-gallery-8 is-layout-flex wp-block-gallery-is-layout-flex\">\n<figure class=\"wp-block-image size-large\"><img loading=\"lazy\" decoding=\"async\" width=\"683\" height=\"1024\" data-attachment-id=\"15675\" data-permalink=\"https:\/\/passporterapp.com\/fr\/blog\/espagne\/communaute-valencienne-que-faire\/attachment\/cala-moraig-communaute-valencienne\/\" data-orig-file=\"https:\/\/passporterapp.com\/fr\/blog\/wp-content\/uploads\/2021\/10\/cala-moraig-communaute-valencienne.jpg\" data-orig-size=\"683,1024\" data-comments-opened=\"1\" data-image-meta=\"{&quot;aperture&quot;:&quot;0&quot;,&quot;credit&quot;:&quot;&quot;,&quot;camera&quot;:&quot;&quot;,&quot;caption&quot;:&quot;&quot;,&quot;created_timestamp&quot;:&quot;0&quot;,&quot;copyright&quot;:&quot;&quot;,&quot;focal_length&quot;:&quot;0&quot;,&quot;iso&quot;:&quot;0&quot;,&quot;shutter_speed&quot;:&quot;0&quot;,&quot;title&quot;:&quot;&quot;,&quot;orientation&quot;:&quot;0&quot;}\" data-image-title=\"cala-moraig-communaute-valencienne\" data-image-description=\"\" data-image-caption=\"\" data-large-file=\"https:\/\/passporterapp.com\/fr\/blog\/wp-content\/uploads\/2021\/10\/cala-moraig-communaute-valencienne.jpg\" data-id=\"15675\" src=\"https:\/\/passporterapp.com\/fr\/blog\/wp-content\/uploads\/2021\/10\/cala-moraig-communaute-valencienne.jpg\" alt=\"\" class=\"wp-image-15675\" srcset=\"https:\/\/passporterapp.com\/fr\/blog\/wp-content\/uploads\/2021\/10\/cala-moraig-communaute-valencienne.jpg 683w, https:\/\/passporterapp.com\/fr\/blog\/wp-content\/uploads\/2021\/10\/cala-moraig-communaute-valencienne-200x300.jpg 200w\" sizes=\"auto, (max-width: 683px) 100vw, 683px\" \/><figcaption>@mario_andreu<\/figcaption><\/figure>\n\n\n\n<figure class=\"wp-block-image size-large\"><img loading=\"lazy\" decoding=\"async\" width=\"682\" height=\"1024\" data-attachment-id=\"15676\" data-permalink=\"https:\/\/passporterapp.com\/fr\/blog\/espagne\/communaute-valencienne-que-faire\/attachment\/cala-del-moraig\/\" data-orig-file=\"https:\/\/passporterapp.com\/fr\/blog\/wp-content\/uploads\/2021\/10\/cala-del-moraig.jpg\" data-orig-size=\"682,1024\" data-comments-opened=\"1\" data-image-meta=\"{&quot;aperture&quot;:&quot;0&quot;,&quot;credit&quot;:&quot;&quot;,&quot;camera&quot;:&quot;&quot;,&quot;caption&quot;:&quot;&quot;,&quot;created_timestamp&quot;:&quot;0&quot;,&quot;copyright&quot;:&quot;&quot;,&quot;focal_length&quot;:&quot;0&quot;,&quot;iso&quot;:&quot;0&quot;,&quot;shutter_speed&quot;:&quot;0&quot;,&quot;title&quot;:&quot;&quot;,&quot;orientation&quot;:&quot;0&quot;}\" data-image-title=\"cala-del-moraig\" data-image-description=\"\" data-image-caption=\"\" data-large-file=\"https:\/\/passporterapp.com\/fr\/blog\/wp-content\/uploads\/2021\/10\/cala-del-moraig.jpg\" data-id=\"15676\" src=\"https:\/\/passporterapp.com\/fr\/blog\/wp-content\/uploads\/2021\/10\/cala-del-moraig.jpg\" alt=\"\" class=\"wp-image-15676\" srcset=\"https:\/\/passporterapp.com\/fr\/blog\/wp-content\/uploads\/2021\/10\/cala-del-moraig.jpg 682w, https:\/\/passporterapp.com\/fr\/blog\/wp-content\/uploads\/2021\/10\/cala-del-moraig-200x300.jpg 200w\" sizes=\"auto, (max-width: 682px) 100vw, 682px\" \/><figcaption>@recienviajados<\/figcaption><\/figure>\n<\/figure>\n\n\n\n<h3 class=\"wp-block-heading\" id=\"h-salines-de-torrevieja\"><span class=\"ez-toc-section\" id=\"Salines-de-Torrevieja\"><\/span><strong>Salines de Torrevieja<\/strong><span class=\"ez-toc-section-end\"><\/span><\/h3>\n\n\n\n<p>Situ\u00e9es dans le parc naturel de La Mata-Torrevieja, les salines de Torrevieja forment un paysage magique et unique dans la communaut\u00e9 valencienne. Il s&rsquo;agit d&rsquo;un ph\u00e9nom\u00e8ne naturel produit par une bact\u00e9rie qui lib\u00e8re un pigment rose dans les eaux \u00e0 forte concentration de sel. C&rsquo;est une image idyllique o\u00f9 d&rsquo;\u00e9normes montagnes de sel sont entour\u00e9es de lagons roses.<\/p>\n\n\n\n<div class=\"wp-block-jetpack-tiled-gallery aligncenter is-style-rectangular\"><div class=\"tiled-gallery__gallery\"><div class=\"tiled-gallery__row\"><div class=\"tiled-gallery__col\" style=\"flex-basis:58.88243%\"><figure class=\"tiled-gallery__item\"><img decoding=\"async\" data-attachment-id=\"15677\" data-permalink=\"https:\/\/passporterapp.com\/fr\/blog\/espagne\/communaute-valencienne-que-faire\/attachment\/salines-torrevieja-2\/\" data-orig-file=\"https:\/\/passporterapp.com\/fr\/blog\/wp-content\/uploads\/2021\/10\/salines-torrevieja.jpg\" data-orig-size=\"900,942\" data-comments-opened=\"1\" data-image-meta=\"{&quot;aperture&quot;:&quot;0&quot;,&quot;credit&quot;:&quot;&quot;,&quot;camera&quot;:&quot;&quot;,&quot;caption&quot;:&quot;&quot;,&quot;created_timestamp&quot;:&quot;0&quot;,&quot;copyright&quot;:&quot;&quot;,&quot;focal_length&quot;:&quot;0&quot;,&quot;iso&quot;:&quot;0&quot;,&quot;shutter_speed&quot;:&quot;0&quot;,&quot;title&quot;:&quot;&quot;,&quot;orientation&quot;:&quot;0&quot;}\" data-image-title=\"salines-torrevieja\" data-image-description=\"\" data-image-caption=\"\" data-large-file=\"https:\/\/passporterapp.com\/fr\/blog\/wp-content\/uploads\/2021\/10\/salines-torrevieja.jpg\" data-attachment-id=\"15677\" data-permalink=\"https:\/\/passporterapp.com\/fr\/blog\/espagne\/communaute-valencienne-que-faire\/attachment\/salines-torrevieja-2\/\" data-orig-file=\"https:\/\/passporterapp.com\/fr\/blog\/wp-content\/uploads\/2021\/10\/salines-torrevieja.jpg\" data-orig-size=\"900,942\" data-comments-opened=\"1\" data-image-meta=\"{&quot;aperture&quot;:&quot;0&quot;,&quot;credit&quot;:&quot;&quot;,&quot;camera&quot;:&quot;&quot;,&quot;caption&quot;:&quot;&quot;,&quot;created_timestamp&quot;:&quot;0&quot;,&quot;copyright&quot;:&quot;&quot;,&quot;focal_length&quot;:&quot;0&quot;,&quot;iso&quot;:&quot;0&quot;,&quot;shutter_speed&quot;:&quot;0&quot;,&quot;title&quot;:&quot;&quot;,&quot;orientation&quot;:&quot;0&quot;}\" data-image-title=\"salines-torrevieja\" data-image-description=\"\" data-image-caption=\"\" data-large-file=\"https:\/\/passporterapp.com\/fr\/blog\/wp-content\/uploads\/2021\/10\/salines-torrevieja.jpg\" role=\"button\" tabindex=\"0\" aria-label=\"Open image 1 of 2 in full-screen\"srcset=\"https:\/\/i1.wp.com\/passporterapp.com\/fr\/blog\/wp-content\/uploads\/2021\/10\/salines-torrevieja.jpg?strip=info&#038;w=600&#038;ssl=1 600w,https:\/\/i1.wp.com\/passporterapp.com\/fr\/blog\/wp-content\/uploads\/2021\/10\/salines-torrevieja.jpg?strip=info&#038;w=900&#038;ssl=1 900w\" alt=\"salines torrevieja\" data-height=\"942\" data-id=\"15677\" data-link=\"https:\/\/passporterapp.com\/fr\/blog\/?attachment_id=15677\" data-url=\"https:\/\/passporterapp.com\/fr\/blog\/wp-content\/uploads\/2021\/10\/salines-torrevieja.jpg\" data-width=\"900\" src=\"https:\/\/i1.wp.com\/passporterapp.com\/fr\/blog\/wp-content\/uploads\/2021\/10\/salines-torrevieja.jpg?ssl=1\" data-amp-layout=\"responsive\"\/><\/figure><\/div><div class=\"tiled-gallery__col\" style=\"flex-basis:41.11757%\"><figure class=\"tiled-gallery__item\"><img decoding=\"async\" data-attachment-id=\"15678\" data-permalink=\"https:\/\/passporterapp.com\/fr\/blog\/espagne\/communaute-valencienne-que-faire\/attachment\/salinas-torrevieja\/\" data-orig-file=\"https:\/\/passporterapp.com\/fr\/blog\/wp-content\/uploads\/2021\/10\/salinas-torrevieja.jpg\" data-orig-size=\"900,1350\" data-comments-opened=\"1\" data-image-meta=\"{&quot;aperture&quot;:&quot;0&quot;,&quot;credit&quot;:&quot;&quot;,&quot;camera&quot;:&quot;&quot;,&quot;caption&quot;:&quot;&quot;,&quot;created_timestamp&quot;:&quot;0&quot;,&quot;copyright&quot;:&quot;&quot;,&quot;focal_length&quot;:&quot;0&quot;,&quot;iso&quot;:&quot;0&quot;,&quot;shutter_speed&quot;:&quot;0&quot;,&quot;title&quot;:&quot;&quot;,&quot;orientation&quot;:&quot;0&quot;}\" data-image-title=\"salinas-torrevieja\" data-image-description=\"\" data-image-caption=\"\" data-large-file=\"https:\/\/passporterapp.com\/fr\/blog\/wp-content\/uploads\/2021\/10\/salinas-torrevieja-683x1024.jpg\" data-attachment-id=\"15678\" data-permalink=\"https:\/\/passporterapp.com\/fr\/blog\/espagne\/communaute-valencienne-que-faire\/attachment\/salinas-torrevieja\/\" data-orig-file=\"https:\/\/passporterapp.com\/fr\/blog\/wp-content\/uploads\/2021\/10\/salinas-torrevieja.jpg\" data-orig-size=\"900,1350\" data-comments-opened=\"1\" data-image-meta=\"{&quot;aperture&quot;:&quot;0&quot;,&quot;credit&quot;:&quot;&quot;,&quot;camera&quot;:&quot;&quot;,&quot;caption&quot;:&quot;&quot;,&quot;created_timestamp&quot;:&quot;0&quot;,&quot;copyright&quot;:&quot;&quot;,&quot;focal_length&quot;:&quot;0&quot;,&quot;iso&quot;:&quot;0&quot;,&quot;shutter_speed&quot;:&quot;0&quot;,&quot;title&quot;:&quot;&quot;,&quot;orientation&quot;:&quot;0&quot;}\" data-image-title=\"salinas-torrevieja\" data-image-description=\"\" data-image-caption=\"\" data-large-file=\"https:\/\/passporterapp.com\/fr\/blog\/wp-content\/uploads\/2021\/10\/salinas-torrevieja-683x1024.jpg\" role=\"button\" tabindex=\"0\" aria-label=\"Open image 2 of 2 in full-screen\"srcset=\"https:\/\/i0.wp.com\/passporterapp.com\/fr\/blog\/wp-content\/uploads\/2021\/10\/salinas-torrevieja-683x1024.jpg?strip=info&#038;w=600&#038;ssl=1 600w,https:\/\/i0.wp.com\/passporterapp.com\/fr\/blog\/wp-content\/uploads\/2021\/10\/salinas-torrevieja-683x1024.jpg?strip=info&#038;w=900&#038;ssl=1 900w\" alt=\"salinas torrevieja\" data-height=\"1350\" data-id=\"15678\" data-link=\"https:\/\/passporterapp.com\/fr\/blog\/?attachment_id=15678\" data-url=\"https:\/\/passporterapp.com\/fr\/blog\/wp-content\/uploads\/2021\/10\/salinas-torrevieja-683x1024.jpg\" data-width=\"900\" src=\"https:\/\/i0.wp.com\/passporterapp.com\/fr\/blog\/wp-content\/uploads\/2021\/10\/salinas-torrevieja-683x1024.jpg?ssl=1\" data-amp-layout=\"responsive\"\/><\/figure><\/div><\/div><\/div><\/div>\n\n\n\n<p>Au c\u0153ur de la r\u00e9gion d&rsquo;Alicante, cette lagune rose g\u00e9ante de 1 400 hectares fait partie du parc naturel des Lagunas de la Mata et de Torrevieja, et offre l&rsquo;un des espaces les plus particuliers de toute la communaut\u00e9. Outre sa beaut\u00e9 incontestable, c&rsquo;est \u00e9galement la lagune sal\u00e9e la plus productive d&rsquo;Europe, avec une extraction de quelque 800 000 tonnes de sel par an. Il n&rsquo;est donc pas surprenant qu&rsquo;elle ait \u00e9t\u00e9 d\u00e9clar\u00e9e parc naturel en 1992.<\/p>\n\n\n\n<h3 class=\"wp-block-heading\" id=\"h-els-frares-de-guatretonda-alicante\"><span class=\"ez-toc-section\" id=\"Els-Frares-de-Guatretonda-Alicante\"><\/span>Els Frares de Guatretonda, Alicante<span class=\"ez-toc-section-end\"><\/span><\/h3>\n\n\n\n<p>Els Frares de Quatretondeta sont d&rsquo;impressionnantes formations rocheuses calcaires en forme de grandes aiguilles, pouvant atteindre 50 m\u00e8tres de haut, que l&rsquo;on trouve sur le versant nord de la Sierra de la Serrella, dans la ville de Quatretondeta \u00e0 Alicante. Le modelage karstique a laiss\u00e9 ces \u00e9normes pinacles rocheux sculpt\u00e9s, faisant de ce lieu un environnement imposant qui d\u00e9fie la nature avec des formes impossibles. De m\u00eame, cet endroit dispose de chemins et de sentiers o\u00f9 vous pourrez vous promener dans les coins les plus spectaculaires qu&rsquo;offre cet endroit, et \u00e9tudier l&rsquo;environnement.<\/p>\n\n\n\n<div class=\"wp-block-image\"><figure class=\"aligncenter size-full is-resized\"><img loading=\"lazy\" decoding=\"async\" data-attachment-id=\"15679\" data-permalink=\"https:\/\/passporterapp.com\/fr\/blog\/espagne\/communaute-valencienne-que-faire\/attachment\/frares-de-quatretondeta-2\/\" data-orig-file=\"https:\/\/passporterapp.com\/fr\/blog\/wp-content\/uploads\/2021\/10\/frares-de-quatretondeta.jpg\" data-orig-size=\"768,512\" data-comments-opened=\"1\" data-image-meta=\"{&quot;aperture&quot;:&quot;0&quot;,&quot;credit&quot;:&quot;&quot;,&quot;camera&quot;:&quot;&quot;,&quot;caption&quot;:&quot;&quot;,&quot;created_timestamp&quot;:&quot;0&quot;,&quot;copyright&quot;:&quot;&quot;,&quot;focal_length&quot;:&quot;0&quot;,&quot;iso&quot;:&quot;0&quot;,&quot;shutter_speed&quot;:&quot;0&quot;,&quot;title&quot;:&quot;&quot;,&quot;orientation&quot;:&quot;0&quot;}\" data-image-title=\"frares-de-quatretondeta\" data-image-description=\"\" data-image-caption=\"\" data-large-file=\"https:\/\/passporterapp.com\/fr\/blog\/wp-content\/uploads\/2021\/10\/frares-de-quatretondeta.jpg\" src=\"https:\/\/passporterapp.com\/fr\/blog\/wp-content\/uploads\/2021\/10\/frares-de-quatretondeta.jpg\" alt=\"\" class=\"wp-image-15679\" width=\"815\" height=\"543\" srcset=\"https:\/\/passporterapp.com\/fr\/blog\/wp-content\/uploads\/2021\/10\/frares-de-quatretondeta.jpg 768w, https:\/\/passporterapp.com\/fr\/blog\/wp-content\/uploads\/2021\/10\/frares-de-quatretondeta-300x200.jpg 300w\" sizes=\"auto, (max-width: 815px) 100vw, 815px\" \/><figcaption>Els Frares de Quatretondeta @recienviajados<\/figcaption><\/figure><\/div>\n\n\n\n<h3 class=\"wp-block-heading\" id=\"h-parc-naturel-d-el-hondo\"><span class=\"ez-toc-section\" id=\"Parc-Naturel-dEl-Hondo\"><\/span><strong>Parc Naturel d&rsquo;El Hondo<\/strong><span class=\"ez-toc-section-end\"><\/span><\/h3>\n\n\n\n<p>Le parc naturel d&rsquo;El Hondo \u00e0 Alicante fait partie de l&rsquo;ancienne lagune d&rsquo;Elche. C&rsquo;est l&rsquo;un des lieux \u00e0 visiter dans la Communaut\u00e9 Valencienne. Ce parc, cr\u00e9\u00e9 par l&#8217;embouchure de la rivi\u00e8re Vinalop\u00f3, est une zone mar\u00e9cageuse qui offre un beau cadre de zones humides. De plus, ce parc est un site naturel depuis 1988. Il a \u00e9t\u00e9 d\u00e9clar\u00e9 parc naturel par la Generalitat Valenciana en 1994.<\/p>\n\n\n\n<p>Jusqu&rsquo;\u00e0 172 esp\u00e8ces ont \u00e9t\u00e9 recens\u00e9es dans le parc naturel d&rsquo;El Hondo, dont une cinquantaine d&rsquo;oiseaux nicheurs. Il poss\u00e8de \u00e9galement de pittoresques passerelles en bois et des observatoires o\u00f9 vous pourrez d\u00e9couvrir chaque recoin du parc, observer l&rsquo;activit\u00e9 des oiseaux et profiter du coucher de soleil sur l&rsquo;eau du parc.<\/p>\n\n\n\n<p>Pour savoir ce que vous pouvez faire d&rsquo;autre dans la province d&rsquo;Alicante, consultez le site: <a href=\"https:\/\/passporterapp.com\/fr\/blog\/espagne\/que-faire-alicante\/\" target=\"_blank\" rel=\"noreferrer noopener\">Que faire lors de votre voyage \u00e0 Alicante Espagne.<\/a><\/p>\n\n\n\n<div class=\"wp-block-buttons is-horizontal is-content-justification-center is-layout-flex wp-container-core-buttons-is-layout-499968f5 wp-block-buttons-is-layout-flex\">\n<div class=\"wp-block-button\"><a class=\"wp-block-button__link has-background\" href=\"https:\/\/passporterapp.com\/en?action=modal&amp;target=register&amp;ref=blogpassporter\" style=\"background-color:#2a7057\" target=\"_blank\" rel=\"noreferrer noopener\">registrez-vous sur l&rsquo;app de passporter<\/a><\/div>\n<\/div>\n\n\n\n<h3 class=\"wp-block-heading\" id=\"h-cala-la-foradada-vinaroz\"><span class=\"ez-toc-section\" id=\"Cala-la-Foradada-a-Vinaroz\"><\/span><strong>Cala la Foradada \u00e0 Vinaroz<\/strong><span class=\"ez-toc-section-end\"><\/span><\/h3>\n\n\n\n<p>Elle est situ\u00e9e dans la partie nord de Vinaroz, \u00e0 Castell\u00f3n. C&rsquo;est une crique tr\u00e8s appr\u00e9ci\u00e9e de la ville, dont la forme tr\u00e8s authentique lui conf\u00e8re une beaut\u00e9 particuli\u00e8re. C&rsquo;est un endroit parfait pour la plong\u00e9e sous-marine et pour profiter d&rsquo;une journ\u00e9e de d\u00e9tente \u00e0 la plage. De plus, cette crique est tr\u00e8s facile d&rsquo;acc\u00e8s, avec une eau cristalline et tr\u00e8s propre.<\/p>\n\n\n\n<p>Si vous voulez savoir ce que vous pouvez faire d&rsquo;autre dans la province de Castell\u00f3n, n&rsquo;h\u00e9sitez pas \u00e0 consulter notre post: <a href=\"https:\/\/passporterapp.com\/fr\/blog\/espagne\/que-faire-castellon\/\" target=\"_blank\" rel=\"noreferrer noopener\">Que faire lors de votre voyage \u00e0 Castell\u00f3n Espagne<\/a>.<\/p>\n\n\n\n<h3 class=\"wp-block-heading\" id=\"h-salto-de-la-novia\"><span class=\"ez-toc-section\" id=\"Salto-de-la-Novia\"><\/span><strong>Salto de la Novia<\/strong><span class=\"ez-toc-section-end\"><\/span><\/h3>\n\n\n\n<p>Un point cl\u00e9 \u00e0 voir lors de votre voyage \u00e0 travers les plus beaux endroits et villages de la r\u00e9gion de Valence. El Salto de la Novia est un lieu d&rsquo;une beaut\u00e9 incontestable, o\u00f9 l&rsquo;exub\u00e9rante cascade de Brazal, haute de 60 m\u00e8tres, ne laissera personne indiff\u00e9rent. Simulant le voile d&rsquo;une mari\u00e9e, la chute d&rsquo;eau de la cascade de Brazal a laiss\u00e9 dans son sillage des formes imposantes dues \u00e0 l&rsquo;\u00e9rosion des montagnes et du lit de la rivi\u00e8re. Entour\u00e9 de verdure, ce site naturel du \u00ab\u00a0Salto de la Novia\u00a0\u00bb est domin\u00e9 par la montagne Rasca\u00f1a, qui abrite la curieuse Cueva del Reloj (grotte de l&rsquo;horloge).<\/p>\n\n\n\n<figure class=\"wp-block-gallery has-nested-images columns-default is-cropped wp-block-gallery-9 is-layout-flex wp-block-gallery-is-layout-flex\">\n<figure class=\"wp-block-image size-large\"><img loading=\"lazy\" decoding=\"async\" width=\"683\" height=\"1024\" data-attachment-id=\"15681\" data-permalink=\"https:\/\/passporterapp.com\/fr\/blog\/espagne\/communaute-valencienne-que-faire\/attachment\/salto-de-la-novia-navajas\/\" data-orig-file=\"https:\/\/passporterapp.com\/fr\/blog\/wp-content\/uploads\/2021\/10\/salto-de-la-novia-navajas.jpg\" data-orig-size=\"1140,1709\" data-comments-opened=\"1\" data-image-meta=\"{&quot;aperture&quot;:&quot;0&quot;,&quot;credit&quot;:&quot;&quot;,&quot;camera&quot;:&quot;&quot;,&quot;caption&quot;:&quot;&quot;,&quot;created_timestamp&quot;:&quot;0&quot;,&quot;copyright&quot;:&quot;&quot;,&quot;focal_length&quot;:&quot;0&quot;,&quot;iso&quot;:&quot;0&quot;,&quot;shutter_speed&quot;:&quot;0&quot;,&quot;title&quot;:&quot;&quot;,&quot;orientation&quot;:&quot;0&quot;}\" data-image-title=\"salto-de-la-novia-navajas\" data-image-description=\"\" data-image-caption=\"\" data-large-file=\"https:\/\/passporterapp.com\/fr\/blog\/wp-content\/uploads\/2021\/10\/salto-de-la-novia-navajas-683x1024.jpg\" data-id=\"15681\" src=\"https:\/\/passporterapp.com\/fr\/blog\/wp-content\/uploads\/2021\/10\/salto-de-la-novia-navajas-683x1024.jpg\" alt=\"\" class=\"wp-image-15681\" srcset=\"https:\/\/passporterapp.com\/fr\/blog\/wp-content\/uploads\/2021\/10\/salto-de-la-novia-navajas-683x1024.jpg 683w, https:\/\/passporterapp.com\/fr\/blog\/wp-content\/uploads\/2021\/10\/salto-de-la-novia-navajas-200x300.jpg 200w, https:\/\/passporterapp.com\/fr\/blog\/wp-content\/uploads\/2021\/10\/salto-de-la-novia-navajas-768x1151.jpg 768w, https:\/\/passporterapp.com\/fr\/blog\/wp-content\/uploads\/2021\/10\/salto-de-la-novia-navajas-1025x1536.jpg 1025w, https:\/\/passporterapp.com\/fr\/blog\/wp-content\/uploads\/2021\/10\/salto-de-la-novia-navajas.jpg 1140w\" sizes=\"auto, (max-width: 683px) 100vw, 683px\" \/><figcaption>Salto de la Novia<br>@recienviajados<\/figcaption><\/figure>\n\n\n\n<figure class=\"wp-block-image size-large\"><img loading=\"lazy\" decoding=\"async\" width=\"683\" height=\"1024\" data-attachment-id=\"15682\" data-permalink=\"https:\/\/passporterapp.com\/fr\/blog\/espagne\/communaute-valencienne-que-faire\/attachment\/salto-de-la-novia-castellon-2\/\" data-orig-file=\"https:\/\/passporterapp.com\/fr\/blog\/wp-content\/uploads\/2021\/10\/salto-de-la-novia-castellon.jpeg\" data-orig-size=\"683,1024\" data-comments-opened=\"1\" data-image-meta=\"{&quot;aperture&quot;:&quot;0&quot;,&quot;credit&quot;:&quot;&quot;,&quot;camera&quot;:&quot;&quot;,&quot;caption&quot;:&quot;&quot;,&quot;created_timestamp&quot;:&quot;0&quot;,&quot;copyright&quot;:&quot;&quot;,&quot;focal_length&quot;:&quot;0&quot;,&quot;iso&quot;:&quot;0&quot;,&quot;shutter_speed&quot;:&quot;0&quot;,&quot;title&quot;:&quot;&quot;,&quot;orientation&quot;:&quot;0&quot;}\" data-image-title=\"salto-de-la-novia-castellon\" data-image-description=\"\" data-image-caption=\"\" data-large-file=\"https:\/\/passporterapp.com\/fr\/blog\/wp-content\/uploads\/2021\/10\/salto-de-la-novia-castellon.jpeg\" data-id=\"15682\" src=\"https:\/\/passporterapp.com\/fr\/blog\/wp-content\/uploads\/2021\/10\/salto-de-la-novia-castellon.jpeg\" alt=\"\" class=\"wp-image-15682\" srcset=\"https:\/\/passporterapp.com\/fr\/blog\/wp-content\/uploads\/2021\/10\/salto-de-la-novia-castellon.jpeg 683w, https:\/\/passporterapp.com\/fr\/blog\/wp-content\/uploads\/2021\/10\/salto-de-la-novia-castellon-200x300.jpeg 200w\" sizes=\"auto, (max-width: 683px) 100vw, 683px\" \/><figcaption>Salto de la Novia<br>@recienviajados<\/figcaption><\/figure>\n<\/figure>\n\n\n\n<p>En plus de tous les espaces offerts par ce paysage naturel, la cascade du Salto de la Novia est au centre de l\u00e9gendes et d&rsquo;histoires depuis des ann\u00e9es. Selon une l\u00e9gende populaire, la tradition dans le village a \u00e9t\u00e9 pendant des ann\u00e9es que les jeunes couples sautent de cette cascade avant de se marier. Si le saut \u00e9tait propre, cela signifiait un bon pr\u00e9sage pour le mariage, et au contraire, s&rsquo;il ne l&rsquo;\u00e9tait pas, cette action assurait le malheur du couple.<\/p>\n\n\n\n<div class=\"wp-block-buttons is-horizontal is-content-justification-center is-layout-flex wp-container-core-buttons-is-layout-499968f5 wp-block-buttons-is-layout-flex\">\n<div class=\"wp-block-button\"><a class=\"wp-block-button__link has-background\" href=\"https:\/\/passporterapp.com\/en?action=modal&amp;target=register&amp;ref=blogpassporter\" style=\"background-color:#2a7057\" target=\"_blank\" rel=\"noreferrer noopener\">registrez-vous sur l&rsquo;app de passporter<\/a><\/div>\n<\/div>\n\n\n\n<h2 class=\"wp-block-heading\" id=\"h-conseils-pour-un-voyage-la-communaut-valencienne\"><span class=\"ez-toc-section\" id=\"Conseils-pour-un-voyage-a-la-Communaute-Valencienne\"><\/span><strong>Conseils pour un voyage \u00e0 la Communaut\u00e9 Valencienne<\/strong><span class=\"ez-toc-section-end\"><\/span><\/h2>\n\n\n\n<ul class=\"wp-block-list\"><li>La r\u00e9gion de Valence b\u00e9n\u00e9ficie d&rsquo;un climat doux tout au long de l&rsquo;ann\u00e9e, c&rsquo;est donc toujours un bon moment pour la visiter. Cependant, c&rsquo;est au printemps que le temps est plus agr\u00e9able et que les lieux d&rsquo;int\u00e9r\u00eat sont moins fr\u00e9quent\u00e9s.<\/li><li>La r\u00e9gion de Valence compte de nombreuses criques dont l&rsquo;acc\u00e8s n\u00e9cessite une courte marche. N&rsquo;oubliez pas de porter des chaussures confortables et de la cr\u00e8me solaire.<\/li><li>R\u00e9servez votre logement \u00e0 l&rsquo;avance si vous pr\u00e9voyez de vous rendre dans la Comunitat Valenciana pendant l&rsquo;\u00e9t\u00e9.<\/li><\/ul>\n\n\n\n<h2 class=\"wp-block-heading\" id=\"h-comment-organiser-ce-que-faire-la-communaut-valencienne\"><span class=\"ez-toc-section\" id=\"Comment-organiser-ce-que-faire-a-la-Communaute-Valencienne\"><\/span><strong>Comment organiser ce que faire \u00e0 la Communaut\u00e9 Valencienne?<\/strong><span class=\"ez-toc-section-end\"><\/span><\/h2>\n\n\n\n<p>T\u00e9l\u00e9charge l\u2019application Passporter et organise ton voyage de la mani\u00e8re la plus organis\u00e9e possible, en fonction des jours et des lieux que tu souhaites faire en ton voyage \u00e0 la Communaut\u00e9 Valencienne.<\/p>\n\n\n\n<div class=\"wp-block-buttons is-horizontal is-content-justification-center is-layout-flex wp-container-core-buttons-is-layout-499968f5 wp-block-buttons-is-layout-flex\">\n<div class=\"wp-block-button\"><a class=\"wp-block-button__link has-background\" href=\"https:\/\/passporterapp.com\/en?action=modal&amp;target=register&amp;ref=blogpassporter\" style=\"background-color:#2a7057\" target=\"_blank\" rel=\"noreferrer noopener\">registrez-vous sur l&rsquo;app de passporter<\/a><\/div>\n<\/div>\n\n\n\n<p>Avec l\u2019application, tu peux:<\/p>\n\n\n\n<ul class=\"wp-block-list\"><li>T\u2019inspirer par les exp\u00e9riences d\u2019autres voyageurs.<\/li><li>Conserver des informations pr\u00e9cieuses sur les destinations que tu souhaites visiter et que tu as trouv\u00e9 sur Internet. Il suffit d\u2019installer l\u2019extension Chrome et de sauvegarder tout ce qui est utile pour ton voyage.<\/li><li>Sauvegarder les billets et les r\u00e9servations.<\/li><li>Organiser ton itin\u00e9raire sur Google Maps en ayant comme point de d\u00e9part ton logement ou tout autre que tu indiques.<\/li><li>Conna\u00eetre la meilleure option de d\u00e9placement pour chaque lieu.<\/li><li>Sauvegarder et publier au fur et \u00e0 mesure tes propres photos et exp\u00e9riences dans chacun de ces endroits, pour le jour o\u00f9 quelqu\u2019un vous demandera: Comment s\u2019est pass\u00e9 ton voyage \u00e0 la Communaut\u00e9 Valencienne? Visite mon profil de voyageur sur Passporter.<\/li><\/ul>\n\n\n\n<p>Si tu souhaites en savoir plus sur la fa\u00e7on d\u2019utiliser et de tirer le meilleur parti de l\u2019application Passporter, tu peux lire notre article:&nbsp;<a href=\"https:\/\/passporterapp.com\/fr\/blog\/voyages\/itineraire-de-voyage\/\" target=\"_blank\" rel=\"noreferrer noopener\">Comment cr\u00e9er un itin\u00e9raire de voyage sur Passporter<\/a>.<\/p>\n\n\n\n<h2 class=\"wp-block-heading\" id=\"h-questions-fr-quentes-sur-un-voyage-la-communaut-valencienne\"><span class=\"ez-toc-section\" id=\"Questions-frequentes-sur-un-voyage-a-la-Communaute-Valencienne\"><\/span><strong>Questions fr\u00e9quentes sur un voyage \u00e0 la Communaut\u00e9 Valencienne<\/strong><span class=\"ez-toc-section-end\"><\/span><\/h2>\n\n\n\n<div class=\"schema-faq wp-block-yoast-faq-block\"><div class=\"schema-faq-section\" id=\"faq-question-1633492142981\"><strong class=\"schema-faq-question\"> Comment se d\u00e9placer dans la Comunitat Valenciana? <\/strong> <p class=\"schema-faq-answer\"><br\/>Il est tr\u00e8s facile de se d\u00e9placer dans la r\u00e9gion de Valence. Cette r\u00e9gion est tr\u00e8s bien desservie par le train et le bus et vous pourrez visiter tous les points d&rsquo;int\u00e9r\u00eat sans aucune difficult\u00e9. Vous pouvez \u00e9galement louer une voiture priv\u00e9e pour votre trajet.<\/p> <\/div> <div class=\"schema-faq-section\" id=\"faq-question-1633492170903\"><strong class=\"schema-faq-question\"> Que manger dans la r\u00e9gion de Valence? <\/strong> <p class=\"schema-faq-answer\"><br\/>Il ne fait aucun doute que la paella est le plat typique par excellence de la r\u00e9gion de Valence, mais ce n&rsquo;est pas le seul. Sur votre parcours dans la r\u00e9gion, vous ne pouvez pas manquer de faire une d\u00e9gustation :<br\/>Horchata de Chufa et fartons (lait de souchet)<br\/>Esgarraet<br\/>Fideu\u00e1<br\/>All i pebre<br\/>Nougat de Jijona<br\/>Artichauts de Benicarl\u00f3<br\/>Tomate coca<br\/>Huile d&rsquo;ail<br\/>Crevettes de Vinaroz<\/p> <\/div> <div class=\"schema-faq-section\" id=\"faq-question-1633492186017\"><strong class=\"schema-faq-question\"> O\u00f9 se loger dans la R\u00e9gion de Valence? <\/strong> <p class=\"schema-faq-answer\"><br\/>Dans la r\u00e9gion de Valence, vous trouverez un nombre infini d&rsquo;h\u00e9bergements de charme o\u00f9 vous pourrez passer vos journ\u00e9es sur la route. Nous avons s\u00e9lectionn\u00e9 une liste de nos favoris.<br\/>Finca Les Coves (Jijona, Alcante)<br\/>H\u00f4tel Vivood Landscape (Benimantell, Alicante)<br\/>Mar de la Carrasca (Villahermosa del R\u00edo, Castell\u00f3n)<br\/>Camp m\u00e9diterran\u00e9en Dreamsea (Benitachell, Alicante)<br\/>MasQi (Sierra de Mariola, Valence)<\/p> <\/div> <\/div>\n","protected":false},"excerpt":{"rendered":"<p>La Communaut\u00e9 Valencienne est culture et tradition; elle est nature et mer. Il est synonyme d&rsquo;\u00e9t\u00e9 et de beau temps, de chaleur, de sel et d&rsquo;air frais. Ceux qui le savent, le savent. Plongez dans ses criques, explorez ses parcs naturels, apprenez \u00e0 conna\u00eetre ses villages et ses habitants. Et surtout, d\u00e9couvrez les paysages les plus \u00e9poustouflants qu&rsquo;offre cette commune des bords de la M\u00e9diterran\u00e9e. Nous vous pr\u00e9sentons ici quelques-uns des plus beaux endroits et villages de la r\u00e9gion de Valence, \u00e0 travers cette vid\u00e9o inspir\u00e9e des vers du po\u00e8te Lope de Vega, qui vous fera revivre les \u00e9motions que cette terre provoque. Organisez votre itin\u00e9raire de voyage avec&nbsp;Passporter, totalement gratuit, facile et fonctionnel. Inspirez-vous des exp\u00e9riences d\u2019autres voyageurs et choisissez les lieux qui vous int\u00e9ressent le plus, en les ajoutant \u00e0 la carte de [&hellip;]<\/p>\n","protected":false},"author":183705624,"featured_media":15650,"comment_status":"open","ping_status":"open","sticky":false,"template":"","format":"standard","meta":{"_coblocks_attr":"","_coblocks_dimensions":"","_coblocks_responsive_height":"","_coblocks_accordion_ie_support":"","jetpack_post_was_ever_published":false,"_jetpack_newsletter_access":"","_jetpack_dont_email_post_to_subs":false,"_jetpack_newsletter_tier_id":0,"_jetpack_memberships_contains_paywalled_content":false,"_jetpack_memberships_contains_paid_content":false,"footnotes":"","jetpack_publicize_message":"","jetpack_publicize_feature_enabled":true,"jetpack_social_post_already_shared":true,"jetpack_social_options":{"image_generator_settings":{"template":"highway","default_image_id":0,"font":"","enabled":false},"version":2}},"categories":[1467],"tags":[1567],"class_list":["post-15626","post","type-post","status-publish","format-standard","has-post-thumbnail","hentry","category-espagne","tag-que-ver"],"yoast_head":"<!-- This site is optimized with the Yoast SEO Premium plugin v27.0 (Yoast SEO v27.5) - https:\/\/yoast.com\/product\/yoast-seo-premium-wordpress\/ -->\n<title>Communaut\u00e9 Valencienne: que faire - Passporter Blog<\/title>\n<meta name=\"description\" content=\"Venez d\u00e9couvrir tout ce que voir et faire \u00e0 la Communaut\u00e9 Valencienne, une des r\u00e9gions c\u00f4ti\u00e8res les plus attractives d&#039;Espagne.\" \/>\n<meta name=\"robots\" content=\"index, follow, max-snippet:-1, max-image-preview:large, max-video-preview:-1\" \/>\n<link rel=\"canonical\" href=\"https:\/\/passporterapp.com\/fr\/blog\/espagne\/communaute-valencienne-que-faire\/\" \/>\n<meta property=\"og:locale\" content=\"fr_FR\" \/>\n<meta property=\"og:type\" content=\"article\" \/>\n<meta property=\"og:title\" content=\"Communaut\u00e9 Valencienne: que faire\" \/>\n<meta property=\"og:description\" content=\"Venez d\u00e9couvrir tout ce que voir et faire \u00e0 la Communaut\u00e9 Valencienne, une des r\u00e9gions c\u00f4ti\u00e8res les plus attractives d&#039;Espagne.\" \/>\n<meta property=\"og:url\" content=\"https:\/\/passporterapp.com\/fr\/blog\/espagne\/communaute-valencienne-que-faire\/\" \/>\n<meta property=\"og:site_name\" content=\"Passporter Blog\" \/>\n<meta property=\"article:published_time\" content=\"2021-10-06T03:49:07+00:00\" \/>\n<meta property=\"article:modified_time\" content=\"2024-03-05T09:18:08+00:00\" \/>\n<meta property=\"og:image\" content=\"https:\/\/passporterapp.com\/fr\/blog\/wp-content\/uploads\/2021\/10\/communaute-valencienne-que-faire.jpg\" \/>\n\t<meta property=\"og:image:width\" content=\"768\" \/>\n\t<meta property=\"og:image:height\" content=\"512\" \/>\n\t<meta property=\"og:image:type\" content=\"image\/jpeg\" \/>\n<meta name=\"author\" content=\"nuriaromani\" \/>\n<meta name=\"twitter:card\" content=\"summary_large_image\" \/>\n<meta name=\"twitter:label1\" content=\"\u00c9crit par\" \/>\n\t<meta name=\"twitter:data1\" content=\"nuriaromani\" \/>\n\t<meta name=\"twitter:label2\" content=\"Dur\u00e9e de lecture estim\u00e9e\" \/>\n\t<meta name=\"twitter:data2\" content=\"18 minutes\" \/>\n<script type=\"application\/ld+json\" class=\"yoast-schema-graph\">{\"@context\":\"https:\\\/\\\/schema.org\",\"@graph\":[{\"@type\":\"Article\",\"@id\":\"https:\\\/\\\/passporterapp.com\\\/fr\\\/blog\\\/espagne\\\/communaute-valencienne-que-faire\\\/#article\",\"isPartOf\":{\"@id\":\"https:\\\/\\\/passporterapp.com\\\/fr\\\/blog\\\/espagne\\\/communaute-valencienne-que-faire\\\/\"},\"author\":{\"name\":\"nuriaromani\",\"@id\":\"https:\\\/\\\/passporterapp.com\\\/fr\\\/blog\\\/#\\\/schema\\\/person\\\/07b1a5937ea258cab5bceb4463161e13\"},\"headline\":\"Communaut\u00e9 Valencienne: que faire\",\"datePublished\":\"2021-10-06T03:49:07+00:00\",\"dateModified\":\"2024-03-05T09:18:08+00:00\",\"mainEntityOfPage\":{\"@id\":\"https:\\\/\\\/passporterapp.com\\\/fr\\\/blog\\\/espagne\\\/communaute-valencienne-que-faire\\\/\"},\"wordCount\":3208,\"commentCount\":0,\"image\":{\"@id\":\"https:\\\/\\\/passporterapp.com\\\/fr\\\/blog\\\/espagne\\\/communaute-valencienne-que-faire\\\/#primaryimage\"},\"thumbnailUrl\":\"https:\\\/\\\/passporterapp.com\\\/fr\\\/blog\\\/wp-content\\\/uploads\\\/2021\\\/10\\\/communaute-valencienne-que-faire.jpg\",\"keywords\":[\"Que ver\"],\"articleSection\":[\"Espagne\"],\"inLanguage\":\"fr-FR\",\"potentialAction\":[{\"@type\":\"CommentAction\",\"name\":\"Comment\",\"target\":[\"https:\\\/\\\/passporterapp.com\\\/fr\\\/blog\\\/espagne\\\/communaute-valencienne-que-faire\\\/#respond\"]}]},{\"@type\":[\"WebPage\",\"FAQPage\"],\"@id\":\"https:\\\/\\\/passporterapp.com\\\/fr\\\/blog\\\/espagne\\\/communaute-valencienne-que-faire\\\/\",\"url\":\"https:\\\/\\\/passporterapp.com\\\/fr\\\/blog\\\/espagne\\\/communaute-valencienne-que-faire\\\/\",\"name\":\"Communaut\u00e9 Valencienne: que faire - Passporter Blog\",\"isPartOf\":{\"@id\":\"https:\\\/\\\/passporterapp.com\\\/fr\\\/blog\\\/#website\"},\"primaryImageOfPage\":{\"@id\":\"https:\\\/\\\/passporterapp.com\\\/fr\\\/blog\\\/espagne\\\/communaute-valencienne-que-faire\\\/#primaryimage\"},\"image\":{\"@id\":\"https:\\\/\\\/passporterapp.com\\\/fr\\\/blog\\\/espagne\\\/communaute-valencienne-que-faire\\\/#primaryimage\"},\"thumbnailUrl\":\"https:\\\/\\\/passporterapp.com\\\/fr\\\/blog\\\/wp-content\\\/uploads\\\/2021\\\/10\\\/communaute-valencienne-que-faire.jpg\",\"datePublished\":\"2021-10-06T03:49:07+00:00\",\"dateModified\":\"2024-03-05T09:18:08+00:00\",\"author\":{\"@id\":\"https:\\\/\\\/passporterapp.com\\\/fr\\\/blog\\\/#\\\/schema\\\/person\\\/07b1a5937ea258cab5bceb4463161e13\"},\"description\":\"Venez d\u00e9couvrir tout ce que voir et faire \u00e0 la Communaut\u00e9 Valencienne, une des r\u00e9gions c\u00f4ti\u00e8res les plus attractives d'Espagne.\",\"breadcrumb\":{\"@id\":\"https:\\\/\\\/passporterapp.com\\\/fr\\\/blog\\\/espagne\\\/communaute-valencienne-que-faire\\\/#breadcrumb\"},\"mainEntity\":[{\"@id\":\"https:\\\/\\\/passporterapp.com\\\/fr\\\/blog\\\/espagne\\\/communaute-valencienne-que-faire\\\/#faq-question-1633492142981\"},{\"@id\":\"https:\\\/\\\/passporterapp.com\\\/fr\\\/blog\\\/espagne\\\/communaute-valencienne-que-faire\\\/#faq-question-1633492170903\"},{\"@id\":\"https:\\\/\\\/passporterapp.com\\\/fr\\\/blog\\\/espagne\\\/communaute-valencienne-que-faire\\\/#faq-question-1633492186017\"}],\"inLanguage\":\"fr-FR\",\"potentialAction\":[{\"@type\":\"ReadAction\",\"target\":[\"https:\\\/\\\/passporterapp.com\\\/fr\\\/blog\\\/espagne\\\/communaute-valencienne-que-faire\\\/\"]}]},{\"@type\":\"ImageObject\",\"inLanguage\":\"fr-FR\",\"@id\":\"https:\\\/\\\/passporterapp.com\\\/fr\\\/blog\\\/espagne\\\/communaute-valencienne-que-faire\\\/#primaryimage\",\"url\":\"https:\\\/\\\/passporterapp.com\\\/fr\\\/blog\\\/wp-content\\\/uploads\\\/2021\\\/10\\\/communaute-valencienne-que-faire.jpg\",\"contentUrl\":\"https:\\\/\\\/passporterapp.com\\\/fr\\\/blog\\\/wp-content\\\/uploads\\\/2021\\\/10\\\/communaute-valencienne-que-faire.jpg\",\"width\":768,\"height\":512,\"caption\":\"communaute valencienne que faire\"},{\"@type\":\"BreadcrumbList\",\"@id\":\"https:\\\/\\\/passporterapp.com\\\/fr\\\/blog\\\/espagne\\\/communaute-valencienne-que-faire\\\/#breadcrumb\",\"itemListElement\":[{\"@type\":\"ListItem\",\"position\":1,\"name\":\"Home\",\"item\":\"https:\\\/\\\/passporterapp.com\\\/fr\\\/blog\\\/\"},{\"@type\":\"ListItem\",\"position\":2,\"name\":\"Communaut\u00e9 Valencienne: que faire\"}]},{\"@type\":\"WebSite\",\"@id\":\"https:\\\/\\\/passporterapp.com\\\/fr\\\/blog\\\/#website\",\"url\":\"https:\\\/\\\/passporterapp.com\\\/fr\\\/blog\\\/\",\"name\":\"Passporter Blog\",\"description\":\"Passporter Blog\",\"potentialAction\":[{\"@type\":\"SearchAction\",\"target\":{\"@type\":\"EntryPoint\",\"urlTemplate\":\"https:\\\/\\\/passporterapp.com\\\/fr\\\/blog\\\/?s={search_term_string}\"},\"query-input\":{\"@type\":\"PropertyValueSpecification\",\"valueRequired\":true,\"valueName\":\"search_term_string\"}}],\"inLanguage\":\"fr-FR\"},{\"@type\":\"Person\",\"@id\":\"https:\\\/\\\/passporterapp.com\\\/fr\\\/blog\\\/#\\\/schema\\\/person\\\/07b1a5937ea258cab5bceb4463161e13\",\"name\":\"nuriaromani\",\"image\":{\"@type\":\"ImageObject\",\"inLanguage\":\"fr-FR\",\"@id\":\"https:\\\/\\\/secure.gravatar.com\\\/avatar\\\/bffa51fda29a56d94961473d3d04fcc8c13855e03a470855e5a14a723e9ce7fa?s=96&d=identicon&r=g\",\"url\":\"https:\\\/\\\/secure.gravatar.com\\\/avatar\\\/bffa51fda29a56d94961473d3d04fcc8c13855e03a470855e5a14a723e9ce7fa?s=96&d=identicon&r=g\",\"contentUrl\":\"https:\\\/\\\/secure.gravatar.com\\\/avatar\\\/bffa51fda29a56d94961473d3d04fcc8c13855e03a470855e5a14a723e9ce7fa?s=96&d=identicon&r=g\",\"caption\":\"nuriaromani\"},\"url\":\"https:\\\/\\\/passporterapp.com\\\/fr\\\/blog\\\/author\\\/nuriaromani\\\/\"},{\"@type\":\"Question\",\"@id\":\"https:\\\/\\\/passporterapp.com\\\/fr\\\/blog\\\/espagne\\\/communaute-valencienne-que-faire\\\/#faq-question-1633492142981\",\"position\":1,\"url\":\"https:\\\/\\\/passporterapp.com\\\/fr\\\/blog\\\/espagne\\\/communaute-valencienne-que-faire\\\/#faq-question-1633492142981\",\"name\":\"Comment se d\u00e9placer dans la Comunitat Valenciana?\",\"answerCount\":1,\"acceptedAnswer\":{\"@type\":\"Answer\",\"text\":\"<br\\\/>Il est tr\u00e8s facile de se d\u00e9placer dans la r\u00e9gion de Valence. Cette r\u00e9gion est tr\u00e8s bien desservie par le train et le bus et vous pourrez visiter tous les points d'int\u00e9r\u00eat sans aucune difficult\u00e9. Vous pouvez \u00e9galement louer une voiture priv\u00e9e pour votre trajet.\",\"inLanguage\":\"fr-FR\"},\"inLanguage\":\"fr-FR\"},{\"@type\":\"Question\",\"@id\":\"https:\\\/\\\/passporterapp.com\\\/fr\\\/blog\\\/espagne\\\/communaute-valencienne-que-faire\\\/#faq-question-1633492170903\",\"position\":2,\"url\":\"https:\\\/\\\/passporterapp.com\\\/fr\\\/blog\\\/espagne\\\/communaute-valencienne-que-faire\\\/#faq-question-1633492170903\",\"name\":\"Que manger dans la r\u00e9gion de Valence?\",\"answerCount\":1,\"acceptedAnswer\":{\"@type\":\"Answer\",\"text\":\"<br\\\/>Il ne fait aucun doute que la paella est le plat typique par excellence de la r\u00e9gion de Valence, mais ce n'est pas le seul. Sur votre parcours dans la r\u00e9gion, vous ne pouvez pas manquer de faire une d\u00e9gustation :<br\\\/>Horchata de Chufa et fartons (lait de souchet)<br\\\/>Esgarraet<br\\\/>Fideu\u00e1<br\\\/>All i pebre<br\\\/>Nougat de Jijona<br\\\/>Artichauts de Benicarl\u00f3<br\\\/>Tomate coca<br\\\/>Huile d'ail<br\\\/>Crevettes de Vinaroz\",\"inLanguage\":\"fr-FR\"},\"inLanguage\":\"fr-FR\"},{\"@type\":\"Question\",\"@id\":\"https:\\\/\\\/passporterapp.com\\\/fr\\\/blog\\\/espagne\\\/communaute-valencienne-que-faire\\\/#faq-question-1633492186017\",\"position\":3,\"url\":\"https:\\\/\\\/passporterapp.com\\\/fr\\\/blog\\\/espagne\\\/communaute-valencienne-que-faire\\\/#faq-question-1633492186017\",\"name\":\"O\u00f9 se loger dans la R\u00e9gion de Valence?\",\"answerCount\":1,\"acceptedAnswer\":{\"@type\":\"Answer\",\"text\":\"<br\\\/>Dans la r\u00e9gion de Valence, vous trouverez un nombre infini d'h\u00e9bergements de charme o\u00f9 vous pourrez passer vos journ\u00e9es sur la route. Nous avons s\u00e9lectionn\u00e9 une liste de nos favoris.<br\\\/>Finca Les Coves (Jijona, Alcante)<br\\\/>H\u00f4tel Vivood Landscape (Benimantell, Alicante)<br\\\/>Mar de la Carrasca (Villahermosa del R\u00edo, Castell\u00f3n)<br\\\/>Camp m\u00e9diterran\u00e9en Dreamsea (Benitachell, Alicante)<br\\\/>MasQi (Sierra de Mariola, Valence)\",\"inLanguage\":\"fr-FR\"},\"inLanguage\":\"fr-FR\"}]}<\/script>\n<!-- \/ Yoast SEO Premium plugin. -->","yoast_head_json":{"title":"Communaut\u00e9 Valencienne: que faire - Passporter Blog","description":"Venez d\u00e9couvrir tout ce que voir et faire \u00e0 la Communaut\u00e9 Valencienne, une des r\u00e9gions c\u00f4ti\u00e8res les plus attractives d'Espagne.","robots":{"index":"index","follow":"follow","max-snippet":"max-snippet:-1","max-image-preview":"max-image-preview:large","max-video-preview":"max-video-preview:-1"},"canonical":"https:\/\/passporterapp.com\/fr\/blog\/espagne\/communaute-valencienne-que-faire\/","og_locale":"fr_FR","og_type":"article","og_title":"Communaut\u00e9 Valencienne: que faire","og_description":"Venez d\u00e9couvrir tout ce que voir et faire \u00e0 la Communaut\u00e9 Valencienne, une des r\u00e9gions c\u00f4ti\u00e8res les plus attractives d'Espagne.","og_url":"https:\/\/passporterapp.com\/fr\/blog\/espagne\/communaute-valencienne-que-faire\/","og_site_name":"Passporter Blog","article_published_time":"2021-10-06T03:49:07+00:00","article_modified_time":"2024-03-05T09:18:08+00:00","og_image":[{"width":768,"height":512,"url":"https:\/\/passporterapp.com\/fr\/blog\/wp-content\/uploads\/2021\/10\/communaute-valencienne-que-faire.jpg","type":"image\/jpeg"}],"author":"nuriaromani","twitter_card":"summary_large_image","twitter_misc":{"\u00c9crit par":"nuriaromani","Dur\u00e9e de lecture estim\u00e9e":"18 minutes"},"schema":{"@context":"https:\/\/schema.org","@graph":[{"@type":"Article","@id":"https:\/\/passporterapp.com\/fr\/blog\/espagne\/communaute-valencienne-que-faire\/#article","isPartOf":{"@id":"https:\/\/passporterapp.com\/fr\/blog\/espagne\/communaute-valencienne-que-faire\/"},"author":{"name":"nuriaromani","@id":"https:\/\/passporterapp.com\/fr\/blog\/#\/schema\/person\/07b1a5937ea258cab5bceb4463161e13"},"headline":"Communaut\u00e9 Valencienne: que faire","datePublished":"2021-10-06T03:49:07+00:00","dateModified":"2024-03-05T09:18:08+00:00","mainEntityOfPage":{"@id":"https:\/\/passporterapp.com\/fr\/blog\/espagne\/communaute-valencienne-que-faire\/"},"wordCount":3208,"commentCount":0,"image":{"@id":"https:\/\/passporterapp.com\/fr\/blog\/espagne\/communaute-valencienne-que-faire\/#primaryimage"},"thumbnailUrl":"https:\/\/passporterapp.com\/fr\/blog\/wp-content\/uploads\/2021\/10\/communaute-valencienne-que-faire.jpg","keywords":["Que ver"],"articleSection":["Espagne"],"inLanguage":"fr-FR","potentialAction":[{"@type":"CommentAction","name":"Comment","target":["https:\/\/passporterapp.com\/fr\/blog\/espagne\/communaute-valencienne-que-faire\/#respond"]}]},{"@type":["WebPage","FAQPage"],"@id":"https:\/\/passporterapp.com\/fr\/blog\/espagne\/communaute-valencienne-que-faire\/","url":"https:\/\/passporterapp.com\/fr\/blog\/espagne\/communaute-valencienne-que-faire\/","name":"Communaut\u00e9 Valencienne: que faire - Passporter Blog","isPartOf":{"@id":"https:\/\/passporterapp.com\/fr\/blog\/#website"},"primaryImageOfPage":{"@id":"https:\/\/passporterapp.com\/fr\/blog\/espagne\/communaute-valencienne-que-faire\/#primaryimage"},"image":{"@id":"https:\/\/passporterapp.com\/fr\/blog\/espagne\/communaute-valencienne-que-faire\/#primaryimage"},"thumbnailUrl":"https:\/\/passporterapp.com\/fr\/blog\/wp-content\/uploads\/2021\/10\/communaute-valencienne-que-faire.jpg","datePublished":"2021-10-06T03:49:07+00:00","dateModified":"2024-03-05T09:18:08+00:00","author":{"@id":"https:\/\/passporterapp.com\/fr\/blog\/#\/schema\/person\/07b1a5937ea258cab5bceb4463161e13"},"description":"Venez d\u00e9couvrir tout ce que voir et faire \u00e0 la Communaut\u00e9 Valencienne, une des r\u00e9gions c\u00f4ti\u00e8res les plus attractives d'Espagne.","breadcrumb":{"@id":"https:\/\/passporterapp.com\/fr\/blog\/espagne\/communaute-valencienne-que-faire\/#breadcrumb"},"mainEntity":[{"@id":"https:\/\/passporterapp.com\/fr\/blog\/espagne\/communaute-valencienne-que-faire\/#faq-question-1633492142981"},{"@id":"https:\/\/passporterapp.com\/fr\/blog\/espagne\/communaute-valencienne-que-faire\/#faq-question-1633492170903"},{"@id":"https:\/\/passporterapp.com\/fr\/blog\/espagne\/communaute-valencienne-que-faire\/#faq-question-1633492186017"}],"inLanguage":"fr-FR","potentialAction":[{"@type":"ReadAction","target":["https:\/\/passporterapp.com\/fr\/blog\/espagne\/communaute-valencienne-que-faire\/"]}]},{"@type":"ImageObject","inLanguage":"fr-FR","@id":"https:\/\/passporterapp.com\/fr\/blog\/espagne\/communaute-valencienne-que-faire\/#primaryimage","url":"https:\/\/passporterapp.com\/fr\/blog\/wp-content\/uploads\/2021\/10\/communaute-valencienne-que-faire.jpg","contentUrl":"https:\/\/passporterapp.com\/fr\/blog\/wp-content\/uploads\/2021\/10\/communaute-valencienne-que-faire.jpg","width":768,"height":512,"caption":"communaute valencienne que faire"},{"@type":"BreadcrumbList","@id":"https:\/\/passporterapp.com\/fr\/blog\/espagne\/communaute-valencienne-que-faire\/#breadcrumb","itemListElement":[{"@type":"ListItem","position":1,"name":"Home","item":"https:\/\/passporterapp.com\/fr\/blog\/"},{"@type":"ListItem","position":2,"name":"Communaut\u00e9 Valencienne: que faire"}]},{"@type":"WebSite","@id":"https:\/\/passporterapp.com\/fr\/blog\/#website","url":"https:\/\/passporterapp.com\/fr\/blog\/","name":"Passporter Blog","description":"Passporter Blog","potentialAction":[{"@type":"SearchAction","target":{"@type":"EntryPoint","urlTemplate":"https:\/\/passporterapp.com\/fr\/blog\/?s={search_term_string}"},"query-input":{"@type":"PropertyValueSpecification","valueRequired":true,"valueName":"search_term_string"}}],"inLanguage":"fr-FR"},{"@type":"Person","@id":"https:\/\/passporterapp.com\/fr\/blog\/#\/schema\/person\/07b1a5937ea258cab5bceb4463161e13","name":"nuriaromani","image":{"@type":"ImageObject","inLanguage":"fr-FR","@id":"https:\/\/secure.gravatar.com\/avatar\/bffa51fda29a56d94961473d3d04fcc8c13855e03a470855e5a14a723e9ce7fa?s=96&d=identicon&r=g","url":"https:\/\/secure.gravatar.com\/avatar\/bffa51fda29a56d94961473d3d04fcc8c13855e03a470855e5a14a723e9ce7fa?s=96&d=identicon&r=g","contentUrl":"https:\/\/secure.gravatar.com\/avatar\/bffa51fda29a56d94961473d3d04fcc8c13855e03a470855e5a14a723e9ce7fa?s=96&d=identicon&r=g","caption":"nuriaromani"},"url":"https:\/\/passporterapp.com\/fr\/blog\/author\/nuriaromani\/"},{"@type":"Question","@id":"https:\/\/passporterapp.com\/fr\/blog\/espagne\/communaute-valencienne-que-faire\/#faq-question-1633492142981","position":1,"url":"https:\/\/passporterapp.com\/fr\/blog\/espagne\/communaute-valencienne-que-faire\/#faq-question-1633492142981","name":"Comment se d\u00e9placer dans la Comunitat Valenciana?","answerCount":1,"acceptedAnswer":{"@type":"Answer","text":"<br\/>Il est tr\u00e8s facile de se d\u00e9placer dans la r\u00e9gion de Valence. Cette r\u00e9gion est tr\u00e8s bien desservie par le train et le bus et vous pourrez visiter tous les points d'int\u00e9r\u00eat sans aucune difficult\u00e9. Vous pouvez \u00e9galement louer une voiture priv\u00e9e pour votre trajet.","inLanguage":"fr-FR"},"inLanguage":"fr-FR"},{"@type":"Question","@id":"https:\/\/passporterapp.com\/fr\/blog\/espagne\/communaute-valencienne-que-faire\/#faq-question-1633492170903","position":2,"url":"https:\/\/passporterapp.com\/fr\/blog\/espagne\/communaute-valencienne-que-faire\/#faq-question-1633492170903","name":"Que manger dans la r\u00e9gion de Valence?","answerCount":1,"acceptedAnswer":{"@type":"Answer","text":"<br\/>Il ne fait aucun doute que la paella est le plat typique par excellence de la r\u00e9gion de Valence, mais ce n'est pas le seul. Sur votre parcours dans la r\u00e9gion, vous ne pouvez pas manquer de faire une d\u00e9gustation :<br\/>Horchata de Chufa et fartons (lait de souchet)<br\/>Esgarraet<br\/>Fideu\u00e1<br\/>All i pebre<br\/>Nougat de Jijona<br\/>Artichauts de Benicarl\u00f3<br\/>Tomate coca<br\/>Huile d'ail<br\/>Crevettes de Vinaroz","inLanguage":"fr-FR"},"inLanguage":"fr-FR"},{"@type":"Question","@id":"https:\/\/passporterapp.com\/fr\/blog\/espagne\/communaute-valencienne-que-faire\/#faq-question-1633492186017","position":3,"url":"https:\/\/passporterapp.com\/fr\/blog\/espagne\/communaute-valencienne-que-faire\/#faq-question-1633492186017","name":"O\u00f9 se loger dans la R\u00e9gion de Valence?","answerCount":1,"acceptedAnswer":{"@type":"Answer","text":"<br\/>Dans la r\u00e9gion de Valence, vous trouverez un nombre infini d'h\u00e9bergements de charme o\u00f9 vous pourrez passer vos journ\u00e9es sur la route. Nous avons s\u00e9lectionn\u00e9 une liste de nos favoris.<br\/>Finca Les Coves (Jijona, Alcante)<br\/>H\u00f4tel Vivood Landscape (Benimantell, Alicante)<br\/>Mar de la Carrasca (Villahermosa del R\u00edo, Castell\u00f3n)<br\/>Camp m\u00e9diterran\u00e9en Dreamsea (Benitachell, Alicante)<br\/>MasQi (Sierra de Mariola, Valence)","inLanguage":"fr-FR"},"inLanguage":"fr-FR"}]}},"jetpack_publicize_connections":[],"jetpack_featured_media_url":"https:\/\/passporterapp.com\/fr\/blog\/wp-content\/uploads\/2021\/10\/communaute-valencienne-que-faire.jpg","jetpack_likes_enabled":true,"jetpack_sharing_enabled":true,"jetpack_shortlink":"https:\/\/wp.me\/pd4rwy-442","_links":{"self":[{"href":"https:\/\/passporterapp.com\/fr\/blog\/wp-json\/wp\/v2\/posts\/15626","targetHints":{"allow":["GET"]}}],"collection":[{"href":"https:\/\/passporterapp.com\/fr\/blog\/wp-json\/wp\/v2\/posts"}],"about":[{"href":"https:\/\/passporterapp.com\/fr\/blog\/wp-json\/wp\/v2\/types\/post"}],"author":[{"embeddable":true,"href":"https:\/\/passporterapp.com\/fr\/blog\/wp-json\/wp\/v2\/users\/183705624"}],"replies":[{"embeddable":true,"href":"https:\/\/passporterapp.com\/fr\/blog\/wp-json\/wp\/v2\/comments?post=15626"}],"version-history":[{"count":0,"href":"https:\/\/passporterapp.com\/fr\/blog\/wp-json\/wp\/v2\/posts\/15626\/revisions"}],"wp:featuredmedia":[{"embeddable":true,"href":"https:\/\/passporterapp.com\/fr\/blog\/wp-json\/wp\/v2\/media\/15650"}],"wp:attachment":[{"href":"https:\/\/passporterapp.com\/fr\/blog\/wp-json\/wp\/v2\/media?parent=15626"}],"wp:term":[{"taxonomy":"category","embeddable":true,"href":"https:\/\/passporterapp.com\/fr\/blog\/wp-json\/wp\/v2\/categories?post=15626"},{"taxonomy":"post_tag","embeddable":true,"href":"https:\/\/passporterapp.com\/fr\/blog\/wp-json\/wp\/v2\/tags?post=15626"}],"curies":[{"name":"wp","href":"https:\/\/api.w.org\/{rel}","templated":true}]}}