{"id":59431,"date":"2024-06-19T14:55:50","date_gmt":"2024-06-19T12:55:50","guid":{"rendered":"https:\/\/passporterapp.com\/es\/blog\/?p=59431"},"modified":"2024-06-19T14:55:51","modified_gmt":"2024-06-19T12:55:51","slug":"planificar-viaje-evora","status":"publish","type":"post","link":"https:\/\/passporterapp.com\/es\/blog\/portugal\/planificar-viaje-evora\/","title":{"rendered":"\u00bfC\u00f3mo planificar un viaje a \u00c9vora?"},"content":{"rendered":"\n\n<div class=\"kk-star-ratings kksr-auto kksr-align-left kksr-valign-top\"\n    data-payload='{&quot;align&quot;:&quot;left&quot;,&quot;id&quot;:&quot;59431&quot;,&quot;slug&quot;:&quot;default&quot;,&quot;valign&quot;:&quot;top&quot;,&quot;ignore&quot;:&quot;&quot;,&quot;reference&quot;:&quot;auto&quot;,&quot;class&quot;:&quot;&quot;,&quot;count&quot;:&quot;1&quot;,&quot;legendonly&quot;:&quot;&quot;,&quot;readonly&quot;:&quot;&quot;,&quot;score&quot;:&quot;5&quot;,&quot;starsonly&quot;:&quot;&quot;,&quot;best&quot;:&quot;5&quot;,&quot;gap&quot;:&quot;4&quot;,&quot;greet&quot;:&quot;Valorar post&quot;,&quot;legend&quot;:&quot;5\\\/5&quot;,&quot;size&quot;:&quot;24&quot;,&quot;title&quot;:&quot;\u00bfC\u00f3mo planificar un viaje a \u00c9vora?&quot;,&quot;width&quot;:&quot;138&quot;,&quot;_legend&quot;:&quot;{score}\\\/{best}&quot;,&quot;font_factor&quot;:&quot;1.25&quot;}'>\n            \n<div class=\"kksr-stars\">\n    \n<div class=\"kksr-stars-inactive\">\n            <div class=\"kksr-star\" data-star=\"1\" style=\"padding-right: 4px\">\n            \n\n<div class=\"kksr-icon\" style=\"width: 24px; height: 24px;\"><\/div>\n        <\/div>\n            <div class=\"kksr-star\" data-star=\"2\" style=\"padding-right: 4px\">\n            \n\n<div class=\"kksr-icon\" style=\"width: 24px; height: 24px;\"><\/div>\n        <\/div>\n            <div class=\"kksr-star\" data-star=\"3\" style=\"padding-right: 4px\">\n            \n\n<div class=\"kksr-icon\" style=\"width: 24px; height: 24px;\"><\/div>\n        <\/div>\n            <div class=\"kksr-star\" data-star=\"4\" style=\"padding-right: 4px\">\n            \n\n<div class=\"kksr-icon\" style=\"width: 24px; height: 24px;\"><\/div>\n        <\/div>\n            <div class=\"kksr-star\" data-star=\"5\" style=\"padding-right: 4px\">\n            \n\n<div class=\"kksr-icon\" style=\"width: 24px; height: 24px;\"><\/div>\n        <\/div>\n    <\/div>\n    \n<div class=\"kksr-stars-active\" style=\"width: 138px;\">\n            <div class=\"kksr-star\" style=\"padding-right: 4px\">\n            \n\n<div class=\"kksr-icon\" style=\"width: 24px; height: 24px;\"><\/div>\n        <\/div>\n            <div class=\"kksr-star\" style=\"padding-right: 4px\">\n            \n\n<div class=\"kksr-icon\" style=\"width: 24px; height: 24px;\"><\/div>\n        <\/div>\n            <div class=\"kksr-star\" style=\"padding-right: 4px\">\n            \n\n<div class=\"kksr-icon\" style=\"width: 24px; height: 24px;\"><\/div>\n        <\/div>\n            <div class=\"kksr-star\" style=\"padding-right: 4px\">\n            \n\n<div class=\"kksr-icon\" style=\"width: 24px; height: 24px;\"><\/div>\n        <\/div>\n            <div class=\"kksr-star\" style=\"padding-right: 4px\">\n            \n\n<div class=\"kksr-icon\" style=\"width: 24px; height: 24px;\"><\/div>\n        <\/div>\n    <\/div>\n<\/div>\n                \n\n<div class=\"kksr-legend\" style=\"font-size: 19.2px;\">\n            5\/5    <\/div>\n    <\/div>\n\n<p>La clave para que tus vacaciones a \u00c9vora, o a cualquier otro destino, sean un \u00e9xito, reside en la planificaci\u00f3n anticipada. <strong>Al organizar las vacaciones con tiempo podr\u00e1s elegir entre m\u00e1s opciones de alojamiento, encontrar billetes m\u00e1s econ\u00f3micos<\/strong>, y asegurarte la disponibilidad en todos los puntos de inter\u00e9s.  Por eso, te animamos a empezar hoy mismo con los preparativos. Ad\u00e9ntrate en este post y <strong>d\u00e9janos ayudarte a planificar tu viaje a Evora.<\/strong> <\/p>\n\n\n\n<p>\u00c9vora, en la regi\u00f3n de Alentejo, es una ciudad hist\u00f3rica que alberga numerosos monumentos bien conservados, como el<strong> Templo Romano, la Catedral de \u00c9vora y la Capilla de los Huesos. Adem\u00e1s, <\/strong>su centro hist\u00f3rico, considerado Patrimonio de la Humanidad por la UNESCO, invita a  a explorar sus calles empedradas y encantadoras plazas. Definitivamente es una parada imprescindible en tu viaje a Portugal. <\/p>\n\n\n\n<div id=\"ez-toc-container\" class=\"ez-toc-v2_0_81 counter-hierarchy ez-toc-counter ez-toc-custom ez-toc-container-direction\">\n<p class=\"ez-toc-title\" style=\"cursor:inherit\">Contenido del post<\/p>\n<label for=\"ez-toc-cssicon-toggle-item-69efcb8469d47\" class=\"ez-toc-cssicon-toggle-label\"><span class=\"\"><span class=\"eztoc-hide\" style=\"display:none;\">Toggle<\/span><span class=\"ez-toc-icon-toggle-span\"><svg style=\"fill: #000000;color:#000000\" xmlns=\"http:\/\/www.w3.org\/2000\/svg\" class=\"list-377408\" width=\"20px\" height=\"20px\" viewBox=\"0 0 24 24\" fill=\"none\"><path d=\"M6 6H4v2h2V6zm14 0H8v2h12V6zM4 11h2v2H4v-2zm16 0H8v2h12v-2zM4 16h2v2H4v-2zm16 0H8v2h12v-2z\" fill=\"currentColor\"><\/path><\/svg><svg style=\"fill: #000000;color:#000000\" class=\"arrow-unsorted-368013\" xmlns=\"http:\/\/www.w3.org\/2000\/svg\" width=\"10px\" height=\"10px\" viewBox=\"0 0 24 24\" version=\"1.2\" baseProfile=\"tiny\"><path d=\"M18.2 9.3l-6.2-6.3-6.2 6.3c-.2.2-.3.4-.3.7s.1.5.3.7c.2.2.4.3.7.3h11c.3 0 .5-.1.7-.3.2-.2.3-.5.3-.7s-.1-.5-.3-.7zM5.8 14.7l6.2 6.3 6.2-6.3c.2-.2.3-.5.3-.7s-.1-.5-.3-.7c-.2-.2-.4-.3-.7-.3h-11c-.3 0-.5.1-.7.3-.2.2-.3.5-.3.7s.1.5.3.7z\"\/><\/svg><\/span><\/span><\/label><input type=\"checkbox\"  id=\"ez-toc-cssicon-toggle-item-69efcb8469d47\" checked aria-label=\"Toggle\" \/><nav><ul class='ez-toc-list ez-toc-list-level-1 ' ><li class='ez-toc-page-1 ez-toc-heading-level-2'><a class=\"ez-toc-link ez-toc-heading-1\" href=\"https:\/\/passporterapp.com\/es\/blog\/portugal\/planificar-viaje-evora\/#1-Prepara-la-documentacion-para-viajar-a-Evora\" >1. Prepara la documentaci\u00f3n para viajar a \u00c9vora<\/a><\/li><li class='ez-toc-page-1 ez-toc-heading-level-2'><a class=\"ez-toc-link ez-toc-heading-2\" href=\"https:\/\/passporterapp.com\/es\/blog\/portugal\/planificar-viaje-evora\/#2-Elige-la-fecha-para-planificar-tu-viaje-a-Evora\" >2. Elige la fecha para planificar tu viaje a \u00c9vora<\/a><\/li><li class='ez-toc-page-1 ez-toc-heading-level-2'><a class=\"ez-toc-link ez-toc-heading-3\" href=\"https:\/\/passporterapp.com\/es\/blog\/portugal\/planificar-viaje-evora\/#3-Informate-sobre-como-llegar-a-Evora\" >3. Inf\u00f3rmate sobre c\u00f3mo llegar a \u00c9vora<\/a><\/li><li class='ez-toc-page-1 ez-toc-heading-level-2'><a class=\"ez-toc-link ez-toc-heading-4\" href=\"https:\/\/passporterapp.com\/es\/blog\/portugal\/planificar-viaje-evora\/#4-Busca-el-alojamiento-que-se-ajuste-a-tus-expectativas-para-disfrutar-de-Evora\" >4. Busca el alojamiento que se ajuste a tus expectativas para disfrutar de \u00c9vora<\/a><\/li><li class='ez-toc-page-1 ez-toc-heading-level-2'><a class=\"ez-toc-link ez-toc-heading-5\" href=\"https:\/\/passporterapp.com\/es\/blog\/portugal\/planificar-viaje-evora\/#5-%C2%BFDonde-y-que-comer-en-Evora\" >5. \u00bfD\u00f3nde y qu\u00e9 comer en \u00c9vora?<\/a><\/li><li class='ez-toc-page-1 ez-toc-heading-level-2'><a class=\"ez-toc-link ez-toc-heading-6\" href=\"https:\/\/passporterapp.com\/es\/blog\/portugal\/planificar-viaje-evora\/#6-Elige-las-actividades-que-quieres-hacer-en-Evora\" >6. Elige las actividades que quieres hacer en \u00c9vora<\/a><\/li><li class='ez-toc-page-1 ez-toc-heading-level-2'><a class=\"ez-toc-link ez-toc-heading-7\" href=\"https:\/\/passporterapp.com\/es\/blog\/portugal\/planificar-viaje-evora\/#7-Organiza-un-viaje-con-amigos-a-Evora\" >7. Organiza un viaje con amigos a \u00c9vora<\/a><\/li><li class='ez-toc-page-1 ez-toc-heading-level-2'><a class=\"ez-toc-link ez-toc-heading-8\" href=\"https:\/\/passporterapp.com\/es\/blog\/portugal\/planificar-viaje-evora\/#8-Consejos-para-planificar-un-viaje-a-Evora\" >8. Consejos para planificar un viaje a \u00c9vora<\/a><\/li><li class='ez-toc-page-1 ez-toc-heading-level-2'><a class=\"ez-toc-link ez-toc-heading-9\" href=\"https:\/\/passporterapp.com\/es\/blog\/portugal\/planificar-viaje-evora\/#9-%C2%BFComo-preparar-lo-que-ver-en-tu-viaje-a-Evora\" >9. \u00bfC\u00f3mo preparar lo que ver en tu viaje a \u00c9vora?<\/a><\/li><li class='ez-toc-page-1 ez-toc-heading-level-2'><a class=\"ez-toc-link ez-toc-heading-10\" href=\"https:\/\/passporterapp.com\/es\/blog\/portugal\/planificar-viaje-evora\/#10-Preguntas-frecuentes-sobre-un-viaje-a-Evora\" >10. Preguntas frecuentes sobre un viaje a \u00c9vora<\/a><\/li><\/ul><\/nav><\/div>\n<h2 class=\"wp-block-heading\" id=\"h-1-prepara-la-documentaci-n-para-viajar-a-vora\"><span class=\"ez-toc-section\" id=\"1-Prepara-la-documentacion-para-viajar-a-Evora\"><\/span>1. Prepara la documentaci\u00f3n para viajar a \u00c9vora<span class=\"ez-toc-section-end\"><\/span><\/h2>\n\n\n\n<p>Antes de emprender el viaje es vital informarse sobre la documentaci\u00f3n de viaje que te permitir\u00e1 acceder a tu destino. Si lo mencionamos en primera posici\u00f3n, es porque seg\u00fan desde donde viajes, puede que tarde m\u00e1s o menos en tramitarse el visado, por eso<strong> m\u00e1s vale empezar con antelaci\u00f3n. <\/strong><\/p>\n\n\n\n<p>Estas son todas las opciones seg\u00fan desde donde viajes a \u00c9vora: <\/p>\n\n\n\n<ul class=\"wp-block-list\">\n<li><strong>Ciudadanos de la Uni\u00f3n Europea y del Espacio Econ\u00f3mico Europeo (EEE)<\/strong>: los ciudadanos de la Uni\u00f3n Europea podr\u00e1n viajar a Portugal con tan solo el DNI. No hay l\u00edmite de tiempo, sin embargo, si se desea trabajar o residir en el pa\u00eds, habr\u00e1 que solicitar el visado conveniente. <\/li>\n\n\n\n<li><strong>Ciudadanos de Brasil y otros pa\u00edses exentos de visado para estancias cortas<\/strong>: estos pa\u00edses, como Andorra, Argentina, Australia o Brasil entre muchos otros, pueden acceder al pa\u00eds con un pasaporte v\u00e1lido por al menos 6 meses desde la finalizaci\u00f3n del viaje. El visado no es necesario para estancias de hasta 90 d\u00edas,  solo si planeas permanecer m\u00e1s tiempo o trabajar. <\/li>\n\n\n\n<li><strong>Resto de pa\u00edses que deben viajar con visado:<\/strong> el resto de pa\u00edses distintos a los previamente mencionados deber\u00e1n solicitar el visado Schengen a trav\u00e9s del formulario online. Para obtener el visado hay que presentar algunos documentos como un pasaporte v\u00e1lido, un billete de retorno, prueba de alojamiento y justificaci\u00f3n econ\u00f3mica. El precio del visado es de 80\u20ac para adultos y 40\u20ac para ni\u00f1os. El tiempo de emisi\u00f3n desde la solicitud es de dos semanas. <\/li>\n<\/ul>\n\n\n\n<p>Para llevar toda la documentaci\u00f3n de manera organizada, te recomendamos hacer copias de seguridad y guardarlas en la App de Passporter. As\u00ed podr\u00e1s dejar los originales en tu alojamiento sin miedo a perderlos. <\/p>\n\n\n\n<figure class=\"wp-block-gallery has-nested-images columns-default is-cropped wp-block-gallery-1 is-layout-flex wp-block-gallery-is-layout-flex\">\n<figure class=\"wp-block-image size-large\"><img data-recalc-dims=\"1\" loading=\"lazy\" decoding=\"async\" width=\"576\" height=\"1024\" data-id=\"59536\" src=\"https:\/\/i0.wp.com\/passporterapp.com\/es\/blog\/wp-content\/uploads\/2024\/06\/mejor-epoca-viaje-evora-576x1024.jpeg?resize=576%2C1024&#038;ssl=1\" alt=\"\" class=\"wp-image-59536\" srcset=\"https:\/\/i0.wp.com\/passporterapp.com\/es\/blog\/wp-content\/uploads\/2024\/06\/mejor-epoca-viaje-evora.jpeg?resize=576%2C1024&amp;ssl=1 576w, https:\/\/i0.wp.com\/passporterapp.com\/es\/blog\/wp-content\/uploads\/2024\/06\/mejor-epoca-viaje-evora.jpeg?resize=169%2C300&amp;ssl=1 169w, https:\/\/i0.wp.com\/passporterapp.com\/es\/blog\/wp-content\/uploads\/2024\/06\/mejor-epoca-viaje-evora.jpeg?resize=768%2C1365&amp;ssl=1 768w, https:\/\/i0.wp.com\/passporterapp.com\/es\/blog\/wp-content\/uploads\/2024\/06\/mejor-epoca-viaje-evora.jpeg?resize=864%2C1536&amp;ssl=1 864w, https:\/\/i0.wp.com\/passporterapp.com\/es\/blog\/wp-content\/uploads\/2024\/06\/mejor-epoca-viaje-evora.jpeg?w=900&amp;ssl=1 900w\" sizes=\"auto, (max-width: 576px) 100vw, 576px\" \/><\/figure>\n\n\n\n<figure class=\"wp-block-image size-large\"><img data-recalc-dims=\"1\" loading=\"lazy\" decoding=\"async\" width=\"683\" height=\"1024\" data-id=\"59534\" src=\"https:\/\/i0.wp.com\/passporterapp.com\/es\/blog\/wp-content\/uploads\/2024\/06\/como-ir-a-evora-683x1024.jpeg?resize=683%2C1024&#038;ssl=1\" alt=\"\" class=\"wp-image-59534\" srcset=\"https:\/\/i0.wp.com\/passporterapp.com\/es\/blog\/wp-content\/uploads\/2024\/06\/como-ir-a-evora.jpeg?resize=683%2C1024&amp;ssl=1 683w, https:\/\/i0.wp.com\/passporterapp.com\/es\/blog\/wp-content\/uploads\/2024\/06\/como-ir-a-evora.jpeg?resize=200%2C300&amp;ssl=1 200w, https:\/\/i0.wp.com\/passporterapp.com\/es\/blog\/wp-content\/uploads\/2024\/06\/como-ir-a-evora.jpeg?resize=768%2C1152&amp;ssl=1 768w, https:\/\/i0.wp.com\/passporterapp.com\/es\/blog\/wp-content\/uploads\/2024\/06\/como-ir-a-evora.jpeg?resize=1024%2C1536&amp;ssl=1 1024w, https:\/\/i0.wp.com\/passporterapp.com\/es\/blog\/wp-content\/uploads\/2024\/06\/como-ir-a-evora.jpeg?w=1067&amp;ssl=1 1067w\" sizes=\"auto, (max-width: 683px) 100vw, 683px\" \/><\/figure>\n\n\n\n<figure class=\"wp-block-image size-large\"><img data-recalc-dims=\"1\" loading=\"lazy\" decoding=\"async\" width=\"576\" height=\"1024\" data-id=\"59535\" src=\"https:\/\/i0.wp.com\/passporterapp.com\/es\/blog\/wp-content\/uploads\/2024\/06\/como-llegar-a-evora-576x1024.jpeg?resize=576%2C1024&#038;ssl=1\" alt=\"\" class=\"wp-image-59535\" srcset=\"https:\/\/i0.wp.com\/passporterapp.com\/es\/blog\/wp-content\/uploads\/2024\/06\/como-llegar-a-evora.jpeg?resize=576%2C1024&amp;ssl=1 576w, https:\/\/i0.wp.com\/passporterapp.com\/es\/blog\/wp-content\/uploads\/2024\/06\/como-llegar-a-evora.jpeg?resize=169%2C300&amp;ssl=1 169w, https:\/\/i0.wp.com\/passporterapp.com\/es\/blog\/wp-content\/uploads\/2024\/06\/como-llegar-a-evora.jpeg?resize=768%2C1365&amp;ssl=1 768w, https:\/\/i0.wp.com\/passporterapp.com\/es\/blog\/wp-content\/uploads\/2024\/06\/como-llegar-a-evora.jpeg?resize=864%2C1536&amp;ssl=1 864w, https:\/\/i0.wp.com\/passporterapp.com\/es\/blog\/wp-content\/uploads\/2024\/06\/como-llegar-a-evora.jpeg?w=900&amp;ssl=1 900w\" sizes=\"auto, (max-width: 576px) 100vw, 576px\" \/><\/figure>\n<\/figure>\n\n\n\n<h2 class=\"wp-block-heading\"><span class=\"ez-toc-section\" id=\"2-Elige-la-fecha-para-planificar-tu-viaje-a-Evora\"><\/span>2. Elige la fecha para planificar tu viaje a \u00c9vora<span class=\"ez-toc-section-end\"><\/span><\/h2>\n\n\n\n<p>Un aspecto clave a la hora de dise\u00f1ar el viaje es elegir la temporada correcta para viajar seg\u00fan tus preferencias. \u00bfQu\u00e9 tal te llevas con el calor? \u00bfPrefieres ver la ciudad tranquila o te gusta el bullicio de las calles. <\/p>\n\n\n\n<p>Generalmente <strong>se recomienda ir en primavera u oto\u00f1o, cuando<\/strong> <strong>el clima es agradable<\/strong> y podr\u00e1s explorar la ciudad sin el sol sofocante del verano. Adem\u00e1s, <strong>la ciudad no est\u00e1 tan abarrotada<\/strong>, lo que a su vez significa precios m\u00e1s econ\u00f3micos.<\/p>\n\n\n\n<p>Durante estos meses, puedes coincidir con festividades como la <strong>Feira de S\u00e3o Jo\u00e3o en junio<\/strong>, que anima las calles con m\u00fasica, comida tradicional y actividades culturales. Sin embargo, el verano trae consigo temperaturas elevadas que pueden superar los 35\u00b0C, que junto a la abundancia de turistas, puede hacer tu experiencia m\u00e1s inc\u00f3moda.<\/p>\n\n\n<div class=\"wp-block-image\">\n<figure class=\"aligncenter size-large\"><img data-recalc-dims=\"1\" loading=\"lazy\" decoding=\"async\" width=\"1024\" height=\"683\" src=\"https:\/\/i0.wp.com\/passporterapp.com\/es\/blog\/wp-content\/uploads\/2024\/06\/transporte-publico-madeira-1024x683.jpeg?resize=1024%2C683&#038;ssl=1\" alt=\"\" class=\"wp-image-59537\" srcset=\"https:\/\/i0.wp.com\/passporterapp.com\/es\/blog\/wp-content\/uploads\/2024\/06\/transporte-publico-madeira.jpeg?resize=1024%2C683&amp;ssl=1 1024w, https:\/\/i0.wp.com\/passporterapp.com\/es\/blog\/wp-content\/uploads\/2024\/06\/transporte-publico-madeira.jpeg?resize=300%2C200&amp;ssl=1 300w, https:\/\/i0.wp.com\/passporterapp.com\/es\/blog\/wp-content\/uploads\/2024\/06\/transporte-publico-madeira.jpeg?resize=768%2C512&amp;ssl=1 768w, https:\/\/i0.wp.com\/passporterapp.com\/es\/blog\/wp-content\/uploads\/2024\/06\/transporte-publico-madeira.jpeg?resize=1536%2C1024&amp;ssl=1 1536w, https:\/\/i0.wp.com\/passporterapp.com\/es\/blog\/wp-content\/uploads\/2024\/06\/transporte-publico-madeira.jpeg?resize=1140%2C760&amp;ssl=1 1140w, https:\/\/i0.wp.com\/passporterapp.com\/es\/blog\/wp-content\/uploads\/2024\/06\/transporte-publico-madeira.jpeg?w=1600&amp;ssl=1 1600w\" sizes=\"auto, (max-width: 1024px) 100vw, 1024px\" \/><\/figure>\n<\/div>\n\n\n<h2 class=\"wp-block-heading\" id=\"h-3-inf-rmate-sobre-c-mo-llegar-a-vora\"><span class=\"ez-toc-section\" id=\"3-Informate-sobre-como-llegar-a-Evora\"><\/span>3. Inf\u00f3rmate sobre c\u00f3mo llegar a \u00c9vora<span class=\"ez-toc-section-end\"><\/span><\/h2>\n\n\n\n<p>\u00c9vora, ubicada en el coraz\u00f3n de la regi\u00f3n de Alentejo, est\u00e1 muy bien conectada tanto con otros puntos de Portugal como de Espa\u00f1a. \u00a1Te contamos c\u00f3mo llegar!<\/p>\n\n\n\n<ul class=\"wp-block-list\">\n<li><strong>Coche:<\/strong> a tu llegada al aeropuerto de Lisboa podr\u00e1s alquilar un coche. Pero si prefieres viajar con el tuyo propio desde Espa\u00f1a, recuerda verificar si tu seguro y carnet de conducir son v\u00e1lidos en el pa\u00eds y que deber\u00e1s registrar la matr\u00edcula en el sistema de peajes nacional.<\/li>\n\n\n\n<li><strong>Avi\u00f3n<\/strong>: \u00c9vora no dispone de aeropuerto propio, por eso, lo normal es volar a Lisboa, que est\u00e1 a unos 130km.<\/li>\n\n\n\n<li><strong>Tren<\/strong>: hay viajes regulares desde Lisboa con una duraci\u00f3n de aproximadamente 1h 30m. Los precios var\u00edan, pero en general es barato.<\/li>\n\n\n\n<li><strong>Autob\u00fas<\/strong>: Rede Expressos ofrece conexiones desde Lisboa con viajes que duran entre 1h 30m y 1h 45m.<\/li>\n<\/ul>\n\n\n\n<p><strong>Desde el aeropuerto de Lisboa <\/strong>puedes alquilar un coche y conducir directamente a \u00c9vora en aproximadamente 1h 15m. Alternativamente, puedes coger un tren o un autob\u00fas desde el centro. <\/p>\n\n\n\n<p>Para explorar el casco hist\u00f3rico de la ciudad, <strong>podr\u00e1s caminar sin problemas debido a su reducido tama\u00f1o.<\/strong> Y si necesitas recorrer distancias m\u00e1s largas, siempre podr\u00e1s utilizar la red de autobuses que tienen un precio muy asequible. <\/p>\n\n\n\n<div class=\"wp-block-jetpack-tiled-gallery aligncenter is-style-rectangular\"><div class=\"tiled-gallery__gallery\"><div class=\"tiled-gallery__row\"><div class=\"tiled-gallery__col\" style=\"flex-basis:52.79120%\"><figure class=\"tiled-gallery__item\"><img decoding=\"async\" role=\"button\" tabindex=\"0\" aria-label=\"Open image 1 of 5 in full-screen\"srcset=\"https:\/\/i0.wp.com\/passporterapp.com\/es\/blog\/wp-content\/uploads\/2024\/06\/evora-portugal-1024x683.jpeg?strip=info&#038;w=600&#038;ssl=1 600w,https:\/\/i0.wp.com\/passporterapp.com\/es\/blog\/wp-content\/uploads\/2024\/06\/evora-portugal-1024x683.jpeg?strip=info&#038;w=900&#038;ssl=1 900w,https:\/\/i0.wp.com\/passporterapp.com\/es\/blog\/wp-content\/uploads\/2024\/06\/evora-portugal-1024x683.jpeg?strip=info&#038;w=1200&#038;ssl=1 1200w,https:\/\/i0.wp.com\/passporterapp.com\/es\/blog\/wp-content\/uploads\/2024\/06\/evora-portugal-1024x683.jpeg?strip=info&#038;w=1500&#038;ssl=1 1500w,https:\/\/i0.wp.com\/passporterapp.com\/es\/blog\/wp-content\/uploads\/2024\/06\/evora-portugal-1024x683.jpeg?strip=info&#038;w=1600&#038;ssl=1 1600w\" alt=\"evora portugal\" data-height=\"1067\" data-id=\"59538\" data-link=\"https:\/\/passporterapp.com\/es\/blog\/?attachment_id=59538\" data-url=\"https:\/\/passporterapp.com\/es\/blog\/wp-content\/uploads\/2024\/06\/evora-portugal-1024x683.jpeg\" data-width=\"1600\" src=\"https:\/\/i0.wp.com\/passporterapp.com\/es\/blog\/wp-content\/uploads\/2024\/06\/evora-portugal-1024x683.jpeg?ssl=1\" data-amp-layout=\"responsive\"\/><\/figure><figure class=\"tiled-gallery__item\"><img decoding=\"async\" role=\"button\" tabindex=\"0\" aria-label=\"Open image 2 of 5 in full-screen\"srcset=\"https:\/\/i2.wp.com\/passporterapp.com\/es\/blog\/wp-content\/uploads\/2024\/06\/mejores-alojamientos-evora-1024x683.jpeg?strip=info&#038;w=600&#038;ssl=1 600w,https:\/\/i2.wp.com\/passporterapp.com\/es\/blog\/wp-content\/uploads\/2024\/06\/mejores-alojamientos-evora-1024x683.jpeg?strip=info&#038;w=900&#038;ssl=1 900w,https:\/\/i2.wp.com\/passporterapp.com\/es\/blog\/wp-content\/uploads\/2024\/06\/mejores-alojamientos-evora-1024x683.jpeg?strip=info&#038;w=1200&#038;ssl=1 1200w,https:\/\/i2.wp.com\/passporterapp.com\/es\/blog\/wp-content\/uploads\/2024\/06\/mejores-alojamientos-evora-1024x683.jpeg?strip=info&#038;w=1500&#038;ssl=1 1500w,https:\/\/i2.wp.com\/passporterapp.com\/es\/blog\/wp-content\/uploads\/2024\/06\/mejores-alojamientos-evora-1024x683.jpeg?strip=info&#038;w=1600&#038;ssl=1 1600w\" alt=\"donde alojarse en evora\" data-height=\"1067\" data-id=\"59539\" data-link=\"https:\/\/passporterapp.com\/es\/blog\/?attachment_id=59539\" data-url=\"https:\/\/passporterapp.com\/es\/blog\/wp-content\/uploads\/2024\/06\/mejores-alojamientos-evora-1024x683.jpeg\" data-width=\"1600\" src=\"https:\/\/i2.wp.com\/passporterapp.com\/es\/blog\/wp-content\/uploads\/2024\/06\/mejores-alojamientos-evora-1024x683.jpeg?ssl=1\" data-amp-layout=\"responsive\"\/><\/figure><\/div><div class=\"tiled-gallery__col\" style=\"flex-basis:47.20880%\"><figure class=\"tiled-gallery__item\"><img decoding=\"async\" role=\"button\" tabindex=\"0\" aria-label=\"Open image 3 of 5 in full-screen\"srcset=\"https:\/\/i2.wp.com\/passporterapp.com\/es\/blog\/wp-content\/uploads\/2024\/06\/donde-alojarse-en-evora-681x1024.jpeg?strip=info&#038;w=600&#038;ssl=1 600w,https:\/\/i2.wp.com\/passporterapp.com\/es\/blog\/wp-content\/uploads\/2024\/06\/donde-alojarse-en-evora-681x1024.jpeg?strip=info&#038;w=900&#038;ssl=1 900w,https:\/\/i2.wp.com\/passporterapp.com\/es\/blog\/wp-content\/uploads\/2024\/06\/donde-alojarse-en-evora-681x1024.jpeg?strip=info&#038;w=1064&#038;ssl=1 1064w\" alt=\"donde dormir en evora\" data-height=\"1600\" data-id=\"59540\" data-link=\"https:\/\/passporterapp.com\/es\/blog\/?attachment_id=59540\" data-url=\"https:\/\/passporterapp.com\/es\/blog\/wp-content\/uploads\/2024\/06\/donde-alojarse-en-evora-681x1024.jpeg\" data-width=\"1064\" src=\"https:\/\/i2.wp.com\/passporterapp.com\/es\/blog\/wp-content\/uploads\/2024\/06\/donde-alojarse-en-evora-681x1024.jpeg?ssl=1\" data-amp-layout=\"responsive\"\/><\/figure><\/div><\/div><div class=\"tiled-gallery__row\"><div class=\"tiled-gallery__col\" style=\"flex-basis:30.83698%\"><figure class=\"tiled-gallery__item\"><img decoding=\"async\" role=\"button\" tabindex=\"0\" aria-label=\"Open image 4 of 5 in full-screen\"srcset=\"https:\/\/i1.wp.com\/passporterapp.com\/es\/blog\/wp-content\/uploads\/2024\/06\/viajar-a-evora-683x1024.jpeg?strip=info&#038;w=600&#038;ssl=1 600w,https:\/\/i1.wp.com\/passporterapp.com\/es\/blog\/wp-content\/uploads\/2024\/06\/viajar-a-evora-683x1024.jpeg?strip=info&#038;w=900&#038;ssl=1 900w,https:\/\/i1.wp.com\/passporterapp.com\/es\/blog\/wp-content\/uploads\/2024\/06\/viajar-a-evora-683x1024.jpeg?strip=info&#038;w=1067&#038;ssl=1 1067w\" alt=\"viaje a evora\" data-height=\"1600\" data-id=\"59542\" data-link=\"https:\/\/passporterapp.com\/es\/blog\/?attachment_id=59542\" data-url=\"https:\/\/passporterapp.com\/es\/blog\/wp-content\/uploads\/2024\/06\/viajar-a-evora-683x1024.jpeg\" data-width=\"1067\" src=\"https:\/\/i1.wp.com\/passporterapp.com\/es\/blog\/wp-content\/uploads\/2024\/06\/viajar-a-evora-683x1024.jpeg?ssl=1\" data-amp-layout=\"responsive\"\/><\/figure><\/div><div class=\"tiled-gallery__col\" style=\"flex-basis:69.16302%\"><figure class=\"tiled-gallery__item\"><img decoding=\"async\" role=\"button\" tabindex=\"0\" aria-label=\"Open image 5 of 5 in full-screen\"srcset=\"https:\/\/i0.wp.com\/passporterapp.com\/es\/blog\/wp-content\/uploads\/2024\/06\/evora-1024x683.jpeg?strip=info&#038;w=600&#038;ssl=1 600w,https:\/\/i0.wp.com\/passporterapp.com\/es\/blog\/wp-content\/uploads\/2024\/06\/evora-1024x683.jpeg?strip=info&#038;w=900&#038;ssl=1 900w,https:\/\/i0.wp.com\/passporterapp.com\/es\/blog\/wp-content\/uploads\/2024\/06\/evora-1024x683.jpeg?strip=info&#038;w=1200&#038;ssl=1 1200w,https:\/\/i0.wp.com\/passporterapp.com\/es\/blog\/wp-content\/uploads\/2024\/06\/evora-1024x683.jpeg?strip=info&#038;w=1500&#038;ssl=1 1500w,https:\/\/i0.wp.com\/passporterapp.com\/es\/blog\/wp-content\/uploads\/2024\/06\/evora-1024x683.jpeg?strip=info&#038;w=1600&#038;ssl=1 1600w\" alt=\"evora portugal\" data-height=\"1067\" data-id=\"59544\" data-link=\"https:\/\/passporterapp.com\/es\/blog\/?attachment_id=59544\" data-url=\"https:\/\/passporterapp.com\/es\/blog\/wp-content\/uploads\/2024\/06\/evora-1024x683.jpeg\" data-width=\"1600\" src=\"https:\/\/i0.wp.com\/passporterapp.com\/es\/blog\/wp-content\/uploads\/2024\/06\/evora-1024x683.jpeg?ssl=1\" data-amp-layout=\"responsive\"\/><\/figure><\/div><\/div><\/div><\/div>\n\n\n\n<h2 class=\"wp-block-heading\" id=\"h-4-busca-el-alojamiento-que-se-ajuste-a-tus-expectativas-para-disfrutar-de-vora\"><span class=\"ez-toc-section\" id=\"4-Busca-el-alojamiento-que-se-ajuste-a-tus-expectativas-para-disfrutar-de-Evora\"><\/span>4. Busca el alojamiento que se ajuste a tus expectativas para disfrutar de \u00c9vora<span class=\"ez-toc-section-end\"><\/span><\/h2>\n\n\n\n<p>\u00c9vora, situada en la regi\u00f3n de Alentejo, ofrece una variedad de opciones de alojamiento que van desde hist\u00f3ricos hoteles en edificios de \u00e9poca hasta modernas posadas. Esta ciudad Patrimonio de la Humanidad es famosa por su arquitectura bien conservada y su ambiente rom\u00e1ntico que invita a quedarse varios d\u00edas alojado.<\/p>\n\n\n\n<p>Los mejores barrios para alojarse en \u00c9vora son:<\/p>\n\n\n\n<ul class=\"wp-block-list\">\n<li><strong>Centro Hist\u00f3rico<\/strong>: es ideal para quienes quieren estar cerca de las principales atracciones, con precios medios a altos.<\/li>\n\n\n\n<li><strong>Horta das Figueiras<\/strong>: es una zona tranquila y residencial, con opciones de alojamiento m\u00e1s asequibles.<\/li>\n\n\n\n<li><strong>Malagueira<\/strong>: conocido por sus viviendas modernas y accesibles, ofrece precios econ\u00f3micos.<\/li>\n\n\n\n<li><strong>Santo Ant\u00e3o<\/strong>: cerca del centro, es una opci\u00f3n conveniente y econ\u00f3mica para turistas.<\/li>\n\n\n\n<li><strong>Rossio de S\u00e3o Br\u00e1s<\/strong>: perfecto para quienes buscan un entorno m\u00e1s natural y relajado, con precios moderados.<\/li>\n<\/ul>\n\n\n\n<p>Te animamos a reservar tu alojamiento a trav\u00e9s de la App de Passporter, donde podr\u00e1s hacer tus reservas y llevar la informaci\u00f3n de tu hotel de manera accesible a trav\u00e9s de Booking. <\/p>\n\n\n\n<figure class=\"wp-block-gallery has-nested-images columns-default is-cropped wp-block-gallery-2 is-layout-flex wp-block-gallery-is-layout-flex\">\n<figure class=\"wp-block-image size-large\"><img data-recalc-dims=\"1\" loading=\"lazy\" decoding=\"async\" width=\"768\" height=\"1024\" data-id=\"59533\" src=\"https:\/\/i0.wp.com\/passporterapp.com\/es\/blog\/wp-content\/uploads\/2024\/06\/recomendaciones-de-viaje-evora-768x1024.jpeg?resize=768%2C1024&#038;ssl=1\" alt=\"\" class=\"wp-image-59533\" srcset=\"https:\/\/i0.wp.com\/passporterapp.com\/es\/blog\/wp-content\/uploads\/2024\/06\/recomendaciones-de-viaje-evora.jpeg?resize=768%2C1024&amp;ssl=1 768w, https:\/\/i0.wp.com\/passporterapp.com\/es\/blog\/wp-content\/uploads\/2024\/06\/recomendaciones-de-viaje-evora.jpeg?resize=225%2C300&amp;ssl=1 225w, https:\/\/i0.wp.com\/passporterapp.com\/es\/blog\/wp-content\/uploads\/2024\/06\/recomendaciones-de-viaje-evora.jpeg?w=1080&amp;ssl=1 1080w\" sizes=\"auto, (max-width: 768px) 100vw, 768px\" \/><figcaption class=\"wp-element-caption\">@sagra_sl<\/figcaption><\/figure>\n\n\n\n<figure class=\"wp-block-image size-large\"><img data-recalc-dims=\"1\" loading=\"lazy\" decoding=\"async\" width=\"683\" height=\"1024\" data-id=\"59532\" src=\"https:\/\/i0.wp.com\/passporterapp.com\/es\/blog\/wp-content\/uploads\/2024\/06\/viaje-a-evora-683x1024.jpeg?resize=683%2C1024&#038;ssl=1\" alt=\"\" class=\"wp-image-59532\" srcset=\"https:\/\/i0.wp.com\/passporterapp.com\/es\/blog\/wp-content\/uploads\/2024\/06\/viaje-a-evora.jpeg?resize=683%2C1024&amp;ssl=1 683w, https:\/\/i0.wp.com\/passporterapp.com\/es\/blog\/wp-content\/uploads\/2024\/06\/viaje-a-evora.jpeg?resize=200%2C300&amp;ssl=1 200w, https:\/\/i0.wp.com\/passporterapp.com\/es\/blog\/wp-content\/uploads\/2024\/06\/viaje-a-evora.jpeg?resize=768%2C1152&amp;ssl=1 768w, https:\/\/i0.wp.com\/passporterapp.com\/es\/blog\/wp-content\/uploads\/2024\/06\/viaje-a-evora.jpeg?resize=1024%2C1536&amp;ssl=1 1024w, https:\/\/i0.wp.com\/passporterapp.com\/es\/blog\/wp-content\/uploads\/2024\/06\/viaje-a-evora.jpeg?w=1080&amp;ssl=1 1080w\" sizes=\"auto, (max-width: 683px) 100vw, 683px\" \/><figcaption class=\"wp-element-caption\">@alemesto<\/figcaption><\/figure>\n<\/figure>\n\n\n\n<h2 class=\"wp-block-heading\" id=\"h-5-d-nde-y-qu-comer-en-vora\"><span class=\"ez-toc-section\" id=\"5-%C2%BFDonde-y-que-comer-en-Evora\"><\/span>5. \u00bfD\u00f3nde y qu\u00e9 comer en \u00c9vora?<span class=\"ez-toc-section-end\"><\/span><\/h2>\n\n\n\n<p>La gastronom\u00eda de \u00c9vora, en la regi\u00f3n de Alentejo, se caracteriza por sus platos sencillos pero llenos de sabor, que utilizan ingredientes locales como el <strong>cerdo, el cordero, el pan y las hierbas arom\u00e1ticas<\/strong>. La cocina alentejana destaca por su capacidad de transformar ingredientes humildes en aut\u00e9nticas delicias culinarias.<\/p>\n\n\n\n<p>Aqu\u00ed te dejamos los platos que no te puedes perder:<\/p>\n\n\n\n<ol class=\"wp-block-list\">\n<li><strong>A\u00e7orda \u00e0 Alentejana<\/strong>: sopa de pan con cilantro, ajo y huevo escalfado.<\/li>\n\n\n\n<li><strong>Ensopado de Borrego<\/strong>: estofado de cordero con patatas y hierbas.<\/li>\n\n\n\n<li><strong>Sopa de Ca\u00e7\u00e3o<\/strong>: sopa de caz\u00f3n con cilantro y ajo.<\/li>\n\n\n\n<li><strong>Migas com Carne de Porco<\/strong>: migas de pan con carne de cerdo frita.<\/li>\n\n\n\n<li><strong>Sericaia<\/strong>: postre tradicional a base de huevos, az\u00facar y canela, servido con ciruelas en alm\u00edbar.<\/li>\n<\/ol>\n\n\n\n<p><strong>Una bebida caracter\u00edstica de \u00c9vora es el vino del Alentejo,<\/strong> especialmente el P\u00eara Manca. Adem\u00e1s, es tradicional el consumo de \u00abMedronho\u00bb, un aguardiente elaborado con bayas de madro\u00f1o. <\/p>\n\n\n\n<h2 class=\"wp-block-heading\"><span class=\"ez-toc-section\" id=\"6-Elige-las-actividades-que-quieres-hacer-en-Evora\"><\/span>6. Elige las actividades que quieres hacer en \u00c9vora<span class=\"ez-toc-section-end\"><\/span><\/h2>\n\n\n\n<p>\u00c9vora es un destino fascinante en Portugal, donde un <strong>d\u00eda es suficiente para conocer sus principales atracciones.<\/strong> Sin embargo, para disfrutar plenamente de su riqueza hist\u00f3rica y cultural, se recomienda pasar al menos dos d\u00edas, as\u00ed tambi\u00e9n podr\u00e1s disfrutar de la ciudad cuando se pone el sol. <\/p>\n\n\n\n<p>Apunta que te contamos los imprescindibles que ver:<\/p>\n\n\n\n<ol class=\"wp-block-list\">\n<li><strong>Templo Romano de \u00c9vora (Templo de Diana)<\/strong>: este impresionante templo del siglo I es uno de los mejores ejemplos de arquitectura romana en Portugal. La entrada es gratuita.<\/li>\n\n\n\n<li><strong>Capilla de los Huesos (Capela dos Ossos)<\/strong>: ubicada en la Iglesia de San Francisco, esta macabra capilla est\u00e1 decorada con los huesos de m\u00e1s de 5,000 personas. Entrada: 5\u20ac adultos, 3,5\u20ac j\u00f3venes y mayores de 65 a\u00f1os.<\/li>\n\n\n\n<li><strong>Catedral de \u00c9vora (S\u00e9 de \u00c9vora)<\/strong>: esta impresionante catedral combina estilos rom\u00e1nico y g\u00f3tico. Entrada: 4,50\u20ac para la visita completa (catedral, claustro, museo y vista panor\u00e1mica).<\/li>\n\n\n\n<li><strong>Pra\u00e7a do Giraldo<\/strong>: la plaza principal de \u00c9vora, rodeada de edificios hist\u00f3ricos, cafeter\u00edas y tiendas. Es un lugar perfecto para relajarse y disfrutar del ambiente local.<\/li>\n\n\n\n<li><strong>Museo de \u00c9vora<\/strong>: alberga una vasta colecci\u00f3n de arte, arqueolog\u00eda y objetos hist\u00f3ricos. Entrada: 3\u20ac, 1,50\u20ac para estudiantes y mayores de 65 a\u00f1os.<\/li>\n\n\n\n<li><strong>Acueducto de Agua de Plata (Aqueduto da \u00c1gua de Prata)<\/strong>: un fascinante acueducto del siglo XVI que a\u00fan atraviesa la ciudad. <\/li>\n\n\n\n<li><strong>Universidad de \u00c9vora<\/strong>: fundada en 1559, su edificio principal, el Colegio del Esp\u00edritu Santo, es un lugar lleno de historia y arquitectura impresionante. Entrada: 3\u20ac.<\/li>\n\n\n\n<li><strong>Termas Romanas<\/strong>: restos de las antiguas termas romanas, situadas en el vest\u00edbulo de la c\u00e1mara municipal. <\/li>\n\n\n\n<li><strong>Palacio de Don Manuel<\/strong>: situado en el Jardim P\u00fablico de \u00c9vora, este palacio del siglo XV ofrece una interesante mezcla de estilos arquitect\u00f3nicos. <\/li>\n\n\n\n<li><strong>Cr\u00f3mlech de los Almendros (Cromeleque dos Almendres)<\/strong>: un impresionante conjunto megal\u00edtico a las afueras de \u00c9vora, considerado uno de los m\u00e1s importantes de Europa. <\/li>\n<\/ol>\n\n\n\n<p>Sabemos que est\u00e1s deseando saber m\u00e1s sobre Evora, por eso te invitamos a seguir inform\u00e1ndote en este post: <a href=\"https:\/\/passporterapp.com\/es\/blog\/portugal\/que-ver-en-evora\/\" target=\"_blank\" rel=\"noreferrer noopener\">\u00bfQu\u00e9 ver y hacer en \u00c9vora Portugal?<\/a><\/p>\n\n\n\n<h2 class=\"wp-block-heading\" id=\"h-7-organiza-un-viaje-con-amigos-a-vora\"><span class=\"ez-toc-section\" id=\"7-Organiza-un-viaje-con-amigos-a-Evora\"><\/span>7. Organiza un viaje con amigos a \u00c9vora<span class=\"ez-toc-section-end\"><\/span><\/h2>\n\n\n\n<p>Un viaje a \u00c9vora con amigos es una oportunidad para explorar la rica historia y cultura de esta ciudad. Adem\u00e1s, la diversidad de intereses de los intereses del grupo puede enriquecer el itinerario, llev\u00e1ndote a lugares \u00fanicos. Sin embargo, coordinar los gustos y horarios de todos puede ser un reto. Por eso te animamos a utilizar la App de Passporter para facilitar la organizaci\u00f3n del viaje. \u00bfQuieres saber c\u00f3mo hacerlo? Sigue leyendo en este post: <a href=\"https:\/\/passporterapp.com\/es\/blog\/viajes\/viajes-en-grupo\/\" target=\"_blank\" rel=\"noreferrer noopener\">Viajes en grupo: La mejor forma de viajar con tu grupo de amigos.<\/a><\/p>\n\n\n\n<figure class=\"wp-block-gallery has-nested-images columns-default is-cropped wp-block-gallery-3 is-layout-flex wp-block-gallery-is-layout-flex\">\n<figure class=\"wp-block-image size-large\"><img data-recalc-dims=\"1\" loading=\"lazy\" decoding=\"async\" width=\"667\" height=\"1024\" data-id=\"59546\" src=\"https:\/\/i0.wp.com\/passporterapp.com\/es\/blog\/wp-content\/uploads\/2024\/06\/que-comer-en-evora-667x1024.jpeg?resize=667%2C1024&#038;ssl=1\" alt=\"\" class=\"wp-image-59546\" srcset=\"https:\/\/i0.wp.com\/passporterapp.com\/es\/blog\/wp-content\/uploads\/2024\/06\/que-comer-en-evora.jpeg?resize=667%2C1024&amp;ssl=1 667w, https:\/\/i0.wp.com\/passporterapp.com\/es\/blog\/wp-content\/uploads\/2024\/06\/que-comer-en-evora.jpeg?resize=195%2C300&amp;ssl=1 195w, https:\/\/i0.wp.com\/passporterapp.com\/es\/blog\/wp-content\/uploads\/2024\/06\/que-comer-en-evora.jpeg?resize=768%2C1179&amp;ssl=1 768w, https:\/\/i0.wp.com\/passporterapp.com\/es\/blog\/wp-content\/uploads\/2024\/06\/que-comer-en-evora.jpeg?resize=1000%2C1536&amp;ssl=1 1000w, https:\/\/i0.wp.com\/passporterapp.com\/es\/blog\/wp-content\/uploads\/2024\/06\/que-comer-en-evora.jpeg?w=1042&amp;ssl=1 1042w\" sizes=\"auto, (max-width: 667px) 100vw, 667px\" \/><\/figure>\n\n\n\n<figure class=\"wp-block-image size-large\"><img data-recalc-dims=\"1\" loading=\"lazy\" decoding=\"async\" width=\"683\" height=\"1024\" data-id=\"59545\" src=\"https:\/\/i0.wp.com\/passporterapp.com\/es\/blog\/wp-content\/uploads\/2024\/06\/platos-tipicos-evora-683x1024.jpeg?resize=683%2C1024&#038;ssl=1\" alt=\"\" class=\"wp-image-59545\" srcset=\"https:\/\/i0.wp.com\/passporterapp.com\/es\/blog\/wp-content\/uploads\/2024\/06\/platos-tipicos-evora.jpeg?resize=683%2C1024&amp;ssl=1 683w, https:\/\/i0.wp.com\/passporterapp.com\/es\/blog\/wp-content\/uploads\/2024\/06\/platos-tipicos-evora.jpeg?resize=200%2C300&amp;ssl=1 200w, https:\/\/i0.wp.com\/passporterapp.com\/es\/blog\/wp-content\/uploads\/2024\/06\/platos-tipicos-evora.jpeg?resize=768%2C1152&amp;ssl=1 768w, https:\/\/i0.wp.com\/passporterapp.com\/es\/blog\/wp-content\/uploads\/2024\/06\/platos-tipicos-evora.jpeg?resize=1024%2C1536&amp;ssl=1 1024w, https:\/\/i0.wp.com\/passporterapp.com\/es\/blog\/wp-content\/uploads\/2024\/06\/platos-tipicos-evora.jpeg?w=1067&amp;ssl=1 1067w\" sizes=\"auto, (max-width: 683px) 100vw, 683px\" \/><\/figure>\n<\/figure>\n\n\n\n<h2 class=\"wp-block-heading\" id=\"h-8-consejos-para-planificar-un-viaje-a-vora\"><span class=\"ez-toc-section\" id=\"8-Consejos-para-planificar-un-viaje-a-Evora\"><\/span>8. Consejos para planificar un viaje a \u00c9vora<span class=\"ez-toc-section-end\"><\/span><\/h2>\n\n\n\n<ul class=\"wp-block-list\">\n<li><strong>La moneda en Portugal es el Euro (EUR)<\/strong>, y aunque muchas tiendas aceptan tarjetas de cr\u00e9dito, es conveniente llevar algo de efectivo, especialmente para peque\u00f1as compras o en zonas rurales.<\/li>\n\n\n\n<li>En Portugal se utilizan los<strong> enchufes tipo C y F, con un voltaje de 230V <\/strong>y una frecuencia de 50Hz.<\/li>\n\n\n\n<li><strong>El idioma oficial es el portugu\u00e9s<\/strong>, aunque el espa\u00f1ol y el ingl\u00e9s son tambi\u00e9n ampliamente hablados.<\/li>\n\n\n\n<li>Es aconsejable <strong>reservar vuelos y alojamiento con anticipaci\u00f3n<\/strong>, especialmente si planeas visitar durante la temporada alta tur\u00edstica (verano y Navidad).<\/li>\n\n\n\n<li>Si decides alquilar un coche, verifica siempre las normas locales de tr\u00e1fico y el estado de las carreteras, especialmente en \u00e1reas rurales, y <strong>familiar\u00edzate con el sistema de peajes electr\u00f3nicos.<\/strong><\/li>\n\n\n\n<li>Para pagar los peajes electr\u00f3nicos en las autopistas, puedes utilizar el sistema \u00abEasyToll\u00bb, que asocia tu tarjeta a la matr\u00edcula del coche.<\/li>\n\n\n\n<li>En Portugal hay que pagar una tasa tur\u00edstica por noche que oscila entre 1\u20ac y 4\u20ac seg\u00fan donde pernoctes. <\/li>\n\n\n\n<li>Al igual que en cualquier destino tur\u00edstico, <strong>es prudente estar atento a tus pertenencias,<\/strong> especialmente en lugares concurridos y en el transporte p\u00fablico, evitando llevar objetos de valor visibles.<\/li>\n\n\n\n<li>El clima en Portugal puede variar significativamente dependiendo de la regi\u00f3n, as\u00ed que lleva ropa adecuada para climas c\u00e1lidos en el sur (Algarve) y m\u00e1s frescos en el norte (Oporto).<\/li>\n\n\n\n<li>Si deseas tener <strong>internet m\u00f3vil durante tu estancia <\/strong>te recomendamos hacerte con una<a href=\"https:\/\/passporterapp.com\/es\/blog\/colombia\/esim-internet-colombia\/\" target=\"_blank\" rel=\"noreferrer noopener\"> eSIM de Holafly con datos ilimitados.<\/a><\/li>\n\n\n\n<li>Prot\u00e9gete ante emergencias m\u00e9dicas:<strong> viaja asegurado.<\/strong> <a href=\"https:\/\/heymondo.es\/?utm_medium=Afiliado&amp;utm_source=PASSPORTER&amp;utm_campaign=PRINCIPAL&amp;cod_descuento=PASSPORTER&amp;ag_campaign=que-ver-en-lieja-belgica&amp;agencia=TmQ6oVUdKUtb48XOjACNv0Y0djarI5oI6wsdlQr5\" target=\"_blank\" rel=\"noreferrer noopener\">Elige un buen seguro de viaje, como por ejemplo el de Mondo.<\/a><\/li>\n<\/ul>\n\n\n\n<h2 class=\"wp-block-heading\" id=\"h-9-c-mo-preparar-lo-que-ver-en-tu-viaje-a-vora\"><span class=\"ez-toc-section\" id=\"9-%C2%BFComo-preparar-lo-que-ver-en-tu-viaje-a-Evora\"><\/span> 9. \u00bfC\u00f3mo preparar lo que ver en tu viaje a \u00c9vora?<span class=\"ez-toc-section-end\"><\/span><\/h2>\n\n\n\n<p>Desc\u00e1rgate la App de Passporter y descubre todas sus posibilidades.<\/p>\n\n\n\n<ul class=\"wp-block-list\">\n<li>Insp\u00edrate con las experiencias de otros viajeros, sus fotos y sus itinerarios.<\/li>\n\n\n\n<li>Organiza tu viaje por las categor\u00edas que m\u00e1s te convengan: fechas, n\u00famero de d\u00edas o tipolog\u00eda (playa, monta\u00f1a, restaurantes\u2026).<\/li>\n\n\n\n<li><strong>A\u00f1ade a tus amigos&nbsp;<\/strong>para que puedan ver y modificar todos los planes y la informaci\u00f3n del viaje.<\/li>\n\n\n\n<li>Crea tu propio itinerario de tu destino con todo lo que te apetezca visitar cada d\u00eda.<\/li>\n\n\n\n<li>A\u00f1ade las paradas que m\u00e1s te interesen, incluyendo tu alojamiento, restaurantes, museos\u2026<\/li>\n\n\n\n<li>Reserva tus vuelos, alojamientos, traslados y actividades&nbsp;<strong>a trav\u00e9s de una sola app.<\/strong><\/li>\n\n\n\n<li><strong>Guarda todos tus documentos en la app&nbsp;<\/strong>para tener todo siempre a mano: reservas, tarjetas de embarque, documentaci\u00f3n importante\u2026<\/li>\n\n\n\n<li>Haz las modificaciones que necesites y ya estar\u00e1 todo listo para tu viaje.<\/li>\n\n\n\n<li><strong>Comparte tu experiencia con otros usuarios<\/strong>. Sube a la app las fotos de los lugares que hayas visitado en tu viaje a inspira a otros viajeros con tu experiencia. Adem\u00e1s, podr\u00e1s compartir tu experiencia sobre c\u00f3mo planificar tu viaje a \u00c9vora.<\/li>\n<\/ul>\n\n\n\n<p>Si tienes dudas de c\u00f3mo crear tu itinerario, puedes consultar nuestro post:<a href=\"https:\/\/passporterapp.com\/es\/blog\/viajes\/itinerario-de-viaje\/\" target=\"_blank\" rel=\"noreferrer noopener\">&nbsp;<strong>Como crear un itinerario de viaje en Passporter<\/strong>.<\/a><\/p>\n\n\n\n<h2 class=\"wp-block-heading\" id=\"h-10-preguntas-frecuentes-sobre-un-viaje-a-vora\"><span class=\"ez-toc-section\" id=\"10-Preguntas-frecuentes-sobre-un-viaje-a-Evora\"><\/span>10. Preguntas frecuentes sobre un viaje a \u00c9vora<span class=\"ez-toc-section-end\"><\/span><\/h2>\n\n\n\n<div class=\"schema-faq wp-block-yoast-faq-block\"><div class=\"schema-faq-section\" id=\"faq-question-1703775056171\"><strong class=\"schema-faq-question\">\u00bfCu\u00e1l es la mejor \u00e9poca para viajar a \u00c9vora?<\/strong> <p class=\"schema-faq-answer\">\u00c9vora es mejor visitarla en primavera y oto\u00f1o por su clima agradable y menor afluencia de turistas. Destaca la Feira de S\u00e3o Jo\u00e3o en junio, llenando la ciudad de festividades locales.<\/p> <\/div> <div class=\"schema-faq-section\" id=\"faq-question-1705070815176\"><strong class=\"schema-faq-question\">\u00bfQu\u00e9 documentaci\u00f3n necesito para viajar a \u00c9vora? <\/strong> <p class=\"schema-faq-answer\">Mientras que los ciudadanos de la Uni\u00f3n Europea pueden viajar con motivos tur\u00edsticos por tiempo ilimitado tan solo con el DNI, y algunos pa\u00edses como Andorra o Brasil pueden permanecer hasta 90 d\u00eda tan solo con el pasaporte en regla, el resto de pa\u00edses deber\u00e1n solicitar el visado Schengen, que tiene un precio de 80\u20ac y tarda en tramitarse unas dos semanas.<\/p> <\/div> <div class=\"schema-faq-section\" id=\"faq-question-1705083454022\"><strong class=\"schema-faq-question\">\u00bfEs \u00c9vora un lugar seguro donde viajar?<\/strong> <p class=\"schema-faq-answer\">S\u00ed, \u00c9vora es un lugar seguro para viajar. Es conocida por su ambiente tranquilo y su baja tasa de criminalidad. Como siempre, es aconsejable tomar las precauciones b\u00e1sicas de seguridad al visitar cualquier lugar nuevo.<\/p> <\/div> <div class=\"schema-faq-section\" id=\"faq-question-1708630932732\"><strong class=\"schema-faq-question\">\u00bfEs potable el agua en \u00c9vora?<\/strong> <p class=\"schema-faq-answer\">S\u00ed, el agua en \u00c9vora es potable y segura para beber directamente del grifo.<\/p> <\/div> <div class=\"schema-faq-section\" id=\"faq-question-1708631300961\"><strong class=\"schema-faq-question\">\u00bfC\u00f3mo planificar un viaje a \u00c9vora?<\/strong> <p class=\"schema-faq-answer\">Desc\u00e1rgate la App gratuita de Passporter crear el itinerario de viaje perfecto en \u00c9vora.<\/p> <\/div> <div class=\"schema-faq-section\" id=\"faq-question-1710485151152\"><strong class=\"schema-faq-question\">\u00bfCu\u00e1les son los platos m\u00e1s t\u00edpicos de \u00c9vora?<\/strong> <p class=\"schema-faq-answer\">Algunos de los platos m\u00e1s caracter\u00edsticos de \u00c9vora son A\u00e7orda \u00e0 Alentejana, Ensopado de Borrego, Sopa de Ca\u00e7\u00e3o, Migas com Carne de Porco, Sericaia.<\/p> <\/div> <div class=\"schema-faq-section\" id=\"faq-question-1717839422378\"><strong class=\"schema-faq-question\">\u00bfCu\u00e1les son las mejores zonas donde alojarse en \u00c9vora?<\/strong> <p class=\"schema-faq-answer\">Los mejores barrios para alojarse en \u00c9vora son: Centro Hist\u00f3rico, Horta das Figueiras, Malagueira, Santo Ant\u00e3o, Rossio de S\u00e3o Br\u00e1s.<\/p> <\/div> <div class=\"schema-faq-section\" id=\"faq-question-1715114556408\"><strong class=\"schema-faq-question\">\u00bfC\u00f3mo llegar a \u00c9vora? <\/strong> <p class=\"schema-faq-answer\">Como \u00c9vora no dispone de aeropuerto propio, la mayor\u00eda de los turistas viajan desde Lisboa. En la capital podr\u00e1s alquilar un coche o comprar un billete para ir en tren o autob\u00fas por un precio muy econ\u00f3mico. <\/p> <\/div> <\/div>\n","protected":false},"excerpt":{"rendered":"<p>La clave para que tus vacaciones a \u00c9vora, o a cualquier otro destino, sean un \u00e9xito, reside en la planificaci\u00f3n anticipada. Al organizar las vacaciones con tiempo podr\u00e1s elegir entre m\u00e1s opciones de alojamiento, encontrar billetes m\u00e1s econ\u00f3micos, y asegurarte la disponibilidad en todos los puntos de inter\u00e9s. Por eso, te animamos a empezar hoy mismo con los preparativos. Ad\u00e9ntrate en este post y d\u00e9janos ayudarte a planificar tu viaje a Evora. \u00c9vora, en la regi\u00f3n de Alentejo, es una ciudad hist\u00f3rica que alberga numerosos monumentos bien conservados, como el Templo Romano, la Catedral de \u00c9vora y la Capilla de los Huesos. Adem\u00e1s, su centro hist\u00f3rico, considerado Patrimonio de la Humanidad por la UNESCO, invita a a explorar sus calles empedradas y encantadoras plazas. Definitivamente es una parada imprescindible en tu viaje a Portugal. 1. [&hellip;]<\/p>\n","protected":false},"author":183705635,"featured_media":59531,"comment_status":"open","ping_status":"open","sticky":false,"template":"","format":"standard","meta":{"_coblocks_attr":"","_coblocks_dimensions":"","_coblocks_responsive_height":"","_coblocks_accordion_ie_support":"","content-type":"","jetpack_post_was_ever_published":false,"_jetpack_newsletter_access":"","_jetpack_dont_email_post_to_subs":false,"_jetpack_newsletter_tier_id":0,"_jetpack_memberships_contains_paywalled_content":false,"_jetpack_memberships_contains_paid_content":false,"footnotes":"","jetpack_publicize_message":"","jetpack_publicize_feature_enabled":true,"jetpack_social_post_already_shared":true,"jetpack_social_options":{"image_generator_settings":{"template":"highway","default_image_id":0,"font":"","enabled":false},"version":2}},"categories":[1480],"tags":[1590],"class_list":["post-59431","post","type-post","status-publish","format-standard","has-post-thumbnail","hentry","category-portugal","tag-planificar"],"yoast_head":"<!-- This site is optimized with the Yoast SEO Premium plugin v27.0 (Yoast SEO v27.4) - https:\/\/yoast.com\/product\/yoast-seo-premium-wordpress\/ -->\n<title>\u00bfC\u00f3mo planificar un viaje a \u00c9vora? - Passporter Blog<\/title>\n<meta name=\"description\" content=\"Comienza hoy mismo a planificar tu viaje a \u00c9vora con la ayuda de la App de Passporter. Disfruta de tus pr\u00f3ximas vacaciones.\" \/>\n<meta name=\"robots\" content=\"index, follow, max-snippet:-1, max-image-preview:large, max-video-preview:-1\" \/>\n<link rel=\"canonical\" href=\"https:\/\/passporterapp.com\/es\/blog\/portugal\/planificar-viaje-evora\/\" \/>\n<meta property=\"og:locale\" content=\"es_ES\" \/>\n<meta property=\"og:type\" content=\"article\" \/>\n<meta property=\"og:title\" content=\"\u00bfC\u00f3mo planificar un viaje a \u00c9vora?\" \/>\n<meta property=\"og:description\" content=\"Comienza hoy mismo a planificar tu viaje a \u00c9vora con la ayuda de la App de Passporter. Disfruta de tus pr\u00f3ximas vacaciones.\" \/>\n<meta property=\"og:url\" content=\"https:\/\/passporterapp.com\/es\/blog\/portugal\/planificar-viaje-evora\/\" \/>\n<meta property=\"og:site_name\" content=\"Passporter Blog\" \/>\n<meta property=\"article:published_time\" content=\"2024-06-19T12:55:50+00:00\" \/>\n<meta property=\"article:modified_time\" content=\"2024-06-19T12:55:51+00:00\" \/>\n<meta property=\"og:image\" content=\"https:\/\/passporterapp.com\/es\/blog\/wp-content\/uploads\/2024\/06\/planificar-viaje-a-Evora.jpeg\" \/>\n\t<meta property=\"og:image:width\" content=\"1600\" \/>\n\t<meta property=\"og:image:height\" content=\"1067\" \/>\n\t<meta property=\"og:image:type\" content=\"image\/jpeg\" \/>\n<meta name=\"author\" content=\"Ana Donoro\" \/>\n<meta name=\"twitter:card\" content=\"summary_large_image\" \/>\n<meta name=\"twitter:label1\" content=\"Escrito por\" \/>\n\t<meta name=\"twitter:data1\" content=\"Ana Donoro\" \/>\n\t<meta name=\"twitter:label2\" content=\"Tiempo de lectura\" \/>\n\t<meta name=\"twitter:data2\" content=\"14 minutos\" \/>\n<script type=\"application\/ld+json\" class=\"yoast-schema-graph\">{\"@context\":\"https:\\\/\\\/schema.org\",\"@graph\":[{\"@type\":\"Article\",\"@id\":\"https:\\\/\\\/passporterapp.com\\\/es\\\/blog\\\/portugal\\\/planificar-viaje-evora\\\/#article\",\"isPartOf\":{\"@id\":\"https:\\\/\\\/passporterapp.com\\\/es\\\/blog\\\/portugal\\\/planificar-viaje-evora\\\/\"},\"author\":{\"name\":\"Ana Donoro\",\"@id\":\"https:\\\/\\\/passporterapp.com\\\/es\\\/blog\\\/#\\\/schema\\\/person\\\/fb842b4e0c21a413bc34da6576aa54d4\"},\"headline\":\"\u00bfC\u00f3mo planificar un viaje a \u00c9vora?\",\"datePublished\":\"2024-06-19T12:55:50+00:00\",\"dateModified\":\"2024-06-19T12:55:51+00:00\",\"mainEntityOfPage\":{\"@id\":\"https:\\\/\\\/passporterapp.com\\\/es\\\/blog\\\/portugal\\\/planificar-viaje-evora\\\/\"},\"wordCount\":2498,\"commentCount\":0,\"image\":{\"@id\":\"https:\\\/\\\/passporterapp.com\\\/es\\\/blog\\\/portugal\\\/planificar-viaje-evora\\\/#primaryimage\"},\"thumbnailUrl\":\"https:\\\/\\\/i0.wp.com\\\/passporterapp.com\\\/es\\\/blog\\\/wp-content\\\/uploads\\\/2024\\\/06\\\/planificar-viaje-a-Evora.jpeg?fit=1600%2C1067&ssl=1\",\"keywords\":[\"Planificar\"],\"articleSection\":[\"Portugal\"],\"inLanguage\":\"es\",\"potentialAction\":[{\"@type\":\"CommentAction\",\"name\":\"Comment\",\"target\":[\"https:\\\/\\\/passporterapp.com\\\/es\\\/blog\\\/portugal\\\/planificar-viaje-evora\\\/#respond\"]}]},{\"@type\":[\"WebPage\",\"FAQPage\"],\"@id\":\"https:\\\/\\\/passporterapp.com\\\/es\\\/blog\\\/portugal\\\/planificar-viaje-evora\\\/\",\"url\":\"https:\\\/\\\/passporterapp.com\\\/es\\\/blog\\\/portugal\\\/planificar-viaje-evora\\\/\",\"name\":\"\u00bfC\u00f3mo planificar un viaje a \u00c9vora? - Passporter Blog\",\"isPartOf\":{\"@id\":\"https:\\\/\\\/passporterapp.com\\\/es\\\/blog\\\/#website\"},\"primaryImageOfPage\":{\"@id\":\"https:\\\/\\\/passporterapp.com\\\/es\\\/blog\\\/portugal\\\/planificar-viaje-evora\\\/#primaryimage\"},\"image\":{\"@id\":\"https:\\\/\\\/passporterapp.com\\\/es\\\/blog\\\/portugal\\\/planificar-viaje-evora\\\/#primaryimage\"},\"thumbnailUrl\":\"https:\\\/\\\/i0.wp.com\\\/passporterapp.com\\\/es\\\/blog\\\/wp-content\\\/uploads\\\/2024\\\/06\\\/planificar-viaje-a-Evora.jpeg?fit=1600%2C1067&ssl=1\",\"datePublished\":\"2024-06-19T12:55:50+00:00\",\"dateModified\":\"2024-06-19T12:55:51+00:00\",\"author\":{\"@id\":\"https:\\\/\\\/passporterapp.com\\\/es\\\/blog\\\/#\\\/schema\\\/person\\\/fb842b4e0c21a413bc34da6576aa54d4\"},\"description\":\"Comienza hoy mismo a planificar tu viaje a \u00c9vora con la ayuda de la App de Passporter. Disfruta de tus pr\u00f3ximas vacaciones.\",\"breadcrumb\":{\"@id\":\"https:\\\/\\\/passporterapp.com\\\/es\\\/blog\\\/portugal\\\/planificar-viaje-evora\\\/#breadcrumb\"},\"mainEntity\":[{\"@id\":\"https:\\\/\\\/passporterapp.com\\\/es\\\/blog\\\/portugal\\\/planificar-viaje-evora\\\/#faq-question-1703775056171\"},{\"@id\":\"https:\\\/\\\/passporterapp.com\\\/es\\\/blog\\\/portugal\\\/planificar-viaje-evora\\\/#faq-question-1705070815176\"},{\"@id\":\"https:\\\/\\\/passporterapp.com\\\/es\\\/blog\\\/portugal\\\/planificar-viaje-evora\\\/#faq-question-1705083454022\"},{\"@id\":\"https:\\\/\\\/passporterapp.com\\\/es\\\/blog\\\/portugal\\\/planificar-viaje-evora\\\/#faq-question-1708630932732\"},{\"@id\":\"https:\\\/\\\/passporterapp.com\\\/es\\\/blog\\\/portugal\\\/planificar-viaje-evora\\\/#faq-question-1708631300961\"},{\"@id\":\"https:\\\/\\\/passporterapp.com\\\/es\\\/blog\\\/portugal\\\/planificar-viaje-evora\\\/#faq-question-1710485151152\"},{\"@id\":\"https:\\\/\\\/passporterapp.com\\\/es\\\/blog\\\/portugal\\\/planificar-viaje-evora\\\/#faq-question-1717839422378\"},{\"@id\":\"https:\\\/\\\/passporterapp.com\\\/es\\\/blog\\\/portugal\\\/planificar-viaje-evora\\\/#faq-question-1715114556408\"}],\"inLanguage\":\"es\",\"potentialAction\":[{\"@type\":\"ReadAction\",\"target\":[\"https:\\\/\\\/passporterapp.com\\\/es\\\/blog\\\/portugal\\\/planificar-viaje-evora\\\/\"]}]},{\"@type\":\"ImageObject\",\"inLanguage\":\"es\",\"@id\":\"https:\\\/\\\/passporterapp.com\\\/es\\\/blog\\\/portugal\\\/planificar-viaje-evora\\\/#primaryimage\",\"url\":\"https:\\\/\\\/i0.wp.com\\\/passporterapp.com\\\/es\\\/blog\\\/wp-content\\\/uploads\\\/2024\\\/06\\\/planificar-viaje-a-Evora.jpeg?fit=1600%2C1067&ssl=1\",\"contentUrl\":\"https:\\\/\\\/i0.wp.com\\\/passporterapp.com\\\/es\\\/blog\\\/wp-content\\\/uploads\\\/2024\\\/06\\\/planificar-viaje-a-Evora.jpeg?fit=1600%2C1067&ssl=1\",\"width\":1600,\"height\":1067,\"caption\":\"organizar viaje a evora\"},{\"@type\":\"BreadcrumbList\",\"@id\":\"https:\\\/\\\/passporterapp.com\\\/es\\\/blog\\\/portugal\\\/planificar-viaje-evora\\\/#breadcrumb\",\"itemListElement\":[{\"@type\":\"ListItem\",\"position\":1,\"name\":\"Home\",\"item\":\"https:\\\/\\\/passporterapp.com\\\/es\\\/blog\\\/\"},{\"@type\":\"ListItem\",\"position\":2,\"name\":\"\u00bfC\u00f3mo planificar un viaje a \u00c9vora?\"}]},{\"@type\":\"WebSite\",\"@id\":\"https:\\\/\\\/passporterapp.com\\\/es\\\/blog\\\/#website\",\"url\":\"https:\\\/\\\/passporterapp.com\\\/es\\\/blog\\\/\",\"name\":\"Passporter Blog\",\"description\":\"Passporter Blog\",\"potentialAction\":[{\"@type\":\"SearchAction\",\"target\":{\"@type\":\"EntryPoint\",\"urlTemplate\":\"https:\\\/\\\/passporterapp.com\\\/es\\\/blog\\\/?s={search_term_string}\"},\"query-input\":{\"@type\":\"PropertyValueSpecification\",\"valueRequired\":true,\"valueName\":\"search_term_string\"}}],\"inLanguage\":\"es\"},{\"@type\":\"Person\",\"@id\":\"https:\\\/\\\/passporterapp.com\\\/es\\\/blog\\\/#\\\/schema\\\/person\\\/fb842b4e0c21a413bc34da6576aa54d4\",\"name\":\"Ana Donoro\",\"image\":{\"@type\":\"ImageObject\",\"inLanguage\":\"es\",\"@id\":\"https:\\\/\\\/secure.gravatar.com\\\/avatar\\\/c3a9570532d76a9a49ca8ed5f03595035fdb3fc90c6603ffab4322d74a25101f?s=96&d=identicon&r=g\",\"url\":\"https:\\\/\\\/secure.gravatar.com\\\/avatar\\\/c3a9570532d76a9a49ca8ed5f03595035fdb3fc90c6603ffab4322d74a25101f?s=96&d=identicon&r=g\",\"contentUrl\":\"https:\\\/\\\/secure.gravatar.com\\\/avatar\\\/c3a9570532d76a9a49ca8ed5f03595035fdb3fc90c6603ffab4322d74a25101f?s=96&d=identicon&r=g\",\"caption\":\"Ana Donoro\"},\"url\":\"https:\\\/\\\/passporterapp.com\\\/es\\\/blog\\\/author\\\/ana-donoro\\\/\"},{\"@type\":\"Question\",\"@id\":\"https:\\\/\\\/passporterapp.com\\\/es\\\/blog\\\/portugal\\\/planificar-viaje-evora\\\/#faq-question-1703775056171\",\"position\":1,\"url\":\"https:\\\/\\\/passporterapp.com\\\/es\\\/blog\\\/portugal\\\/planificar-viaje-evora\\\/#faq-question-1703775056171\",\"name\":\"\u00bfCu\u00e1l es la mejor \u00e9poca para viajar a \u00c9vora?\",\"answerCount\":1,\"acceptedAnswer\":{\"@type\":\"Answer\",\"text\":\"\u00c9vora es mejor visitarla en primavera y oto\u00f1o por su clima agradable y menor afluencia de turistas. Destaca la Feira de S\u00e3o Jo\u00e3o en junio, llenando la ciudad de festividades locales.\",\"inLanguage\":\"es\"},\"inLanguage\":\"es\"},{\"@type\":\"Question\",\"@id\":\"https:\\\/\\\/passporterapp.com\\\/es\\\/blog\\\/portugal\\\/planificar-viaje-evora\\\/#faq-question-1705070815176\",\"position\":2,\"url\":\"https:\\\/\\\/passporterapp.com\\\/es\\\/blog\\\/portugal\\\/planificar-viaje-evora\\\/#faq-question-1705070815176\",\"name\":\"\u00bfQu\u00e9 documentaci\u00f3n necesito para viajar a \u00c9vora?\",\"answerCount\":1,\"acceptedAnswer\":{\"@type\":\"Answer\",\"text\":\"Mientras que los ciudadanos de la Uni\u00f3n Europea pueden viajar con motivos tur\u00edsticos por tiempo ilimitado tan solo con el DNI, y algunos pa\u00edses como Andorra o Brasil pueden permanecer hasta 90 d\u00eda tan solo con el pasaporte en regla, el resto de pa\u00edses deber\u00e1n solicitar el visado Schengen, que tiene un precio de 80\u20ac y tarda en tramitarse unas dos semanas.\",\"inLanguage\":\"es\"},\"inLanguage\":\"es\"},{\"@type\":\"Question\",\"@id\":\"https:\\\/\\\/passporterapp.com\\\/es\\\/blog\\\/portugal\\\/planificar-viaje-evora\\\/#faq-question-1705083454022\",\"position\":3,\"url\":\"https:\\\/\\\/passporterapp.com\\\/es\\\/blog\\\/portugal\\\/planificar-viaje-evora\\\/#faq-question-1705083454022\",\"name\":\"\u00bfEs \u00c9vora un lugar seguro donde viajar?\",\"answerCount\":1,\"acceptedAnswer\":{\"@type\":\"Answer\",\"text\":\"S\u00ed, \u00c9vora es un lugar seguro para viajar. Es conocida por su ambiente tranquilo y su baja tasa de criminalidad. Como siempre, es aconsejable tomar las precauciones b\u00e1sicas de seguridad al visitar cualquier lugar nuevo.\",\"inLanguage\":\"es\"},\"inLanguage\":\"es\"},{\"@type\":\"Question\",\"@id\":\"https:\\\/\\\/passporterapp.com\\\/es\\\/blog\\\/portugal\\\/planificar-viaje-evora\\\/#faq-question-1708630932732\",\"position\":4,\"url\":\"https:\\\/\\\/passporterapp.com\\\/es\\\/blog\\\/portugal\\\/planificar-viaje-evora\\\/#faq-question-1708630932732\",\"name\":\"\u00bfEs potable el agua en \u00c9vora?\",\"answerCount\":1,\"acceptedAnswer\":{\"@type\":\"Answer\",\"text\":\"S\u00ed, el agua en \u00c9vora es potable y segura para beber directamente del grifo.\",\"inLanguage\":\"es\"},\"inLanguage\":\"es\"},{\"@type\":\"Question\",\"@id\":\"https:\\\/\\\/passporterapp.com\\\/es\\\/blog\\\/portugal\\\/planificar-viaje-evora\\\/#faq-question-1708631300961\",\"position\":5,\"url\":\"https:\\\/\\\/passporterapp.com\\\/es\\\/blog\\\/portugal\\\/planificar-viaje-evora\\\/#faq-question-1708631300961\",\"name\":\"\u00bfC\u00f3mo planificar un viaje a \u00c9vora?\",\"answerCount\":1,\"acceptedAnswer\":{\"@type\":\"Answer\",\"text\":\"Desc\u00e1rgate la App gratuita de Passporter crear el itinerario de viaje perfecto en \u00c9vora.\",\"inLanguage\":\"es\"},\"inLanguage\":\"es\"},{\"@type\":\"Question\",\"@id\":\"https:\\\/\\\/passporterapp.com\\\/es\\\/blog\\\/portugal\\\/planificar-viaje-evora\\\/#faq-question-1710485151152\",\"position\":6,\"url\":\"https:\\\/\\\/passporterapp.com\\\/es\\\/blog\\\/portugal\\\/planificar-viaje-evora\\\/#faq-question-1710485151152\",\"name\":\"\u00bfCu\u00e1les son los platos m\u00e1s t\u00edpicos de \u00c9vora?\",\"answerCount\":1,\"acceptedAnswer\":{\"@type\":\"Answer\",\"text\":\"Algunos de los platos m\u00e1s caracter\u00edsticos de \u00c9vora son A\u00e7orda \u00e0 Alentejana, Ensopado de Borrego, Sopa de Ca\u00e7\u00e3o, Migas com Carne de Porco, Sericaia.\",\"inLanguage\":\"es\"},\"inLanguage\":\"es\"},{\"@type\":\"Question\",\"@id\":\"https:\\\/\\\/passporterapp.com\\\/es\\\/blog\\\/portugal\\\/planificar-viaje-evora\\\/#faq-question-1717839422378\",\"position\":7,\"url\":\"https:\\\/\\\/passporterapp.com\\\/es\\\/blog\\\/portugal\\\/planificar-viaje-evora\\\/#faq-question-1717839422378\",\"name\":\"\u00bfCu\u00e1les son las mejores zonas donde alojarse en \u00c9vora?\",\"answerCount\":1,\"acceptedAnswer\":{\"@type\":\"Answer\",\"text\":\"Los mejores barrios para alojarse en \u00c9vora son: Centro Hist\u00f3rico, Horta das Figueiras, Malagueira, Santo Ant\u00e3o, Rossio de S\u00e3o Br\u00e1s.\",\"inLanguage\":\"es\"},\"inLanguage\":\"es\"},{\"@type\":\"Question\",\"@id\":\"https:\\\/\\\/passporterapp.com\\\/es\\\/blog\\\/portugal\\\/planificar-viaje-evora\\\/#faq-question-1715114556408\",\"position\":8,\"url\":\"https:\\\/\\\/passporterapp.com\\\/es\\\/blog\\\/portugal\\\/planificar-viaje-evora\\\/#faq-question-1715114556408\",\"name\":\"\u00bfC\u00f3mo llegar a \u00c9vora?\",\"answerCount\":1,\"acceptedAnswer\":{\"@type\":\"Answer\",\"text\":\"Como \u00c9vora no dispone de aeropuerto propio, la mayor\u00eda de los turistas viajan desde Lisboa. En la capital podr\u00e1s alquilar un coche o comprar un billete para ir en tren o autob\u00fas por un precio muy econ\u00f3mico. \",\"inLanguage\":\"es\"},\"inLanguage\":\"es\"}]}<\/script>\n<!-- \/ Yoast SEO Premium plugin. -->","yoast_head_json":{"title":"\u00bfC\u00f3mo planificar un viaje a \u00c9vora? - Passporter Blog","description":"Comienza hoy mismo a planificar tu viaje a \u00c9vora con la ayuda de la App de Passporter. Disfruta de tus pr\u00f3ximas vacaciones.","robots":{"index":"index","follow":"follow","max-snippet":"max-snippet:-1","max-image-preview":"max-image-preview:large","max-video-preview":"max-video-preview:-1"},"canonical":"https:\/\/passporterapp.com\/es\/blog\/portugal\/planificar-viaje-evora\/","og_locale":"es_ES","og_type":"article","og_title":"\u00bfC\u00f3mo planificar un viaje a \u00c9vora?","og_description":"Comienza hoy mismo a planificar tu viaje a \u00c9vora con la ayuda de la App de Passporter. Disfruta de tus pr\u00f3ximas vacaciones.","og_url":"https:\/\/passporterapp.com\/es\/blog\/portugal\/planificar-viaje-evora\/","og_site_name":"Passporter Blog","article_published_time":"2024-06-19T12:55:50+00:00","article_modified_time":"2024-06-19T12:55:51+00:00","og_image":[{"width":1600,"height":1067,"url":"https:\/\/passporterapp.com\/es\/blog\/wp-content\/uploads\/2024\/06\/planificar-viaje-a-Evora.jpeg","type":"image\/jpeg"}],"author":"Ana Donoro","twitter_card":"summary_large_image","twitter_misc":{"Escrito por":"Ana Donoro","Tiempo de lectura":"14 minutos"},"schema":{"@context":"https:\/\/schema.org","@graph":[{"@type":"Article","@id":"https:\/\/passporterapp.com\/es\/blog\/portugal\/planificar-viaje-evora\/#article","isPartOf":{"@id":"https:\/\/passporterapp.com\/es\/blog\/portugal\/planificar-viaje-evora\/"},"author":{"name":"Ana Donoro","@id":"https:\/\/passporterapp.com\/es\/blog\/#\/schema\/person\/fb842b4e0c21a413bc34da6576aa54d4"},"headline":"\u00bfC\u00f3mo planificar un viaje a \u00c9vora?","datePublished":"2024-06-19T12:55:50+00:00","dateModified":"2024-06-19T12:55:51+00:00","mainEntityOfPage":{"@id":"https:\/\/passporterapp.com\/es\/blog\/portugal\/planificar-viaje-evora\/"},"wordCount":2498,"commentCount":0,"image":{"@id":"https:\/\/passporterapp.com\/es\/blog\/portugal\/planificar-viaje-evora\/#primaryimage"},"thumbnailUrl":"https:\/\/i0.wp.com\/passporterapp.com\/es\/blog\/wp-content\/uploads\/2024\/06\/planificar-viaje-a-Evora.jpeg?fit=1600%2C1067&ssl=1","keywords":["Planificar"],"articleSection":["Portugal"],"inLanguage":"es","potentialAction":[{"@type":"CommentAction","name":"Comment","target":["https:\/\/passporterapp.com\/es\/blog\/portugal\/planificar-viaje-evora\/#respond"]}]},{"@type":["WebPage","FAQPage"],"@id":"https:\/\/passporterapp.com\/es\/blog\/portugal\/planificar-viaje-evora\/","url":"https:\/\/passporterapp.com\/es\/blog\/portugal\/planificar-viaje-evora\/","name":"\u00bfC\u00f3mo planificar un viaje a \u00c9vora? - Passporter Blog","isPartOf":{"@id":"https:\/\/passporterapp.com\/es\/blog\/#website"},"primaryImageOfPage":{"@id":"https:\/\/passporterapp.com\/es\/blog\/portugal\/planificar-viaje-evora\/#primaryimage"},"image":{"@id":"https:\/\/passporterapp.com\/es\/blog\/portugal\/planificar-viaje-evora\/#primaryimage"},"thumbnailUrl":"https:\/\/i0.wp.com\/passporterapp.com\/es\/blog\/wp-content\/uploads\/2024\/06\/planificar-viaje-a-Evora.jpeg?fit=1600%2C1067&ssl=1","datePublished":"2024-06-19T12:55:50+00:00","dateModified":"2024-06-19T12:55:51+00:00","author":{"@id":"https:\/\/passporterapp.com\/es\/blog\/#\/schema\/person\/fb842b4e0c21a413bc34da6576aa54d4"},"description":"Comienza hoy mismo a planificar tu viaje a \u00c9vora con la ayuda de la App de Passporter. Disfruta de tus pr\u00f3ximas vacaciones.","breadcrumb":{"@id":"https:\/\/passporterapp.com\/es\/blog\/portugal\/planificar-viaje-evora\/#breadcrumb"},"mainEntity":[{"@id":"https:\/\/passporterapp.com\/es\/blog\/portugal\/planificar-viaje-evora\/#faq-question-1703775056171"},{"@id":"https:\/\/passporterapp.com\/es\/blog\/portugal\/planificar-viaje-evora\/#faq-question-1705070815176"},{"@id":"https:\/\/passporterapp.com\/es\/blog\/portugal\/planificar-viaje-evora\/#faq-question-1705083454022"},{"@id":"https:\/\/passporterapp.com\/es\/blog\/portugal\/planificar-viaje-evora\/#faq-question-1708630932732"},{"@id":"https:\/\/passporterapp.com\/es\/blog\/portugal\/planificar-viaje-evora\/#faq-question-1708631300961"},{"@id":"https:\/\/passporterapp.com\/es\/blog\/portugal\/planificar-viaje-evora\/#faq-question-1710485151152"},{"@id":"https:\/\/passporterapp.com\/es\/blog\/portugal\/planificar-viaje-evora\/#faq-question-1717839422378"},{"@id":"https:\/\/passporterapp.com\/es\/blog\/portugal\/planificar-viaje-evora\/#faq-question-1715114556408"}],"inLanguage":"es","potentialAction":[{"@type":"ReadAction","target":["https:\/\/passporterapp.com\/es\/blog\/portugal\/planificar-viaje-evora\/"]}]},{"@type":"ImageObject","inLanguage":"es","@id":"https:\/\/passporterapp.com\/es\/blog\/portugal\/planificar-viaje-evora\/#primaryimage","url":"https:\/\/i0.wp.com\/passporterapp.com\/es\/blog\/wp-content\/uploads\/2024\/06\/planificar-viaje-a-Evora.jpeg?fit=1600%2C1067&ssl=1","contentUrl":"https:\/\/i0.wp.com\/passporterapp.com\/es\/blog\/wp-content\/uploads\/2024\/06\/planificar-viaje-a-Evora.jpeg?fit=1600%2C1067&ssl=1","width":1600,"height":1067,"caption":"organizar viaje a evora"},{"@type":"BreadcrumbList","@id":"https:\/\/passporterapp.com\/es\/blog\/portugal\/planificar-viaje-evora\/#breadcrumb","itemListElement":[{"@type":"ListItem","position":1,"name":"Home","item":"https:\/\/passporterapp.com\/es\/blog\/"},{"@type":"ListItem","position":2,"name":"\u00bfC\u00f3mo planificar un viaje a \u00c9vora?"}]},{"@type":"WebSite","@id":"https:\/\/passporterapp.com\/es\/blog\/#website","url":"https:\/\/passporterapp.com\/es\/blog\/","name":"Passporter Blog","description":"Passporter Blog","potentialAction":[{"@type":"SearchAction","target":{"@type":"EntryPoint","urlTemplate":"https:\/\/passporterapp.com\/es\/blog\/?s={search_term_string}"},"query-input":{"@type":"PropertyValueSpecification","valueRequired":true,"valueName":"search_term_string"}}],"inLanguage":"es"},{"@type":"Person","@id":"https:\/\/passporterapp.com\/es\/blog\/#\/schema\/person\/fb842b4e0c21a413bc34da6576aa54d4","name":"Ana Donoro","image":{"@type":"ImageObject","inLanguage":"es","@id":"https:\/\/secure.gravatar.com\/avatar\/c3a9570532d76a9a49ca8ed5f03595035fdb3fc90c6603ffab4322d74a25101f?s=96&d=identicon&r=g","url":"https:\/\/secure.gravatar.com\/avatar\/c3a9570532d76a9a49ca8ed5f03595035fdb3fc90c6603ffab4322d74a25101f?s=96&d=identicon&r=g","contentUrl":"https:\/\/secure.gravatar.com\/avatar\/c3a9570532d76a9a49ca8ed5f03595035fdb3fc90c6603ffab4322d74a25101f?s=96&d=identicon&r=g","caption":"Ana Donoro"},"url":"https:\/\/passporterapp.com\/es\/blog\/author\/ana-donoro\/"},{"@type":"Question","@id":"https:\/\/passporterapp.com\/es\/blog\/portugal\/planificar-viaje-evora\/#faq-question-1703775056171","position":1,"url":"https:\/\/passporterapp.com\/es\/blog\/portugal\/planificar-viaje-evora\/#faq-question-1703775056171","name":"\u00bfCu\u00e1l es la mejor \u00e9poca para viajar a \u00c9vora?","answerCount":1,"acceptedAnswer":{"@type":"Answer","text":"\u00c9vora es mejor visitarla en primavera y oto\u00f1o por su clima agradable y menor afluencia de turistas. Destaca la Feira de S\u00e3o Jo\u00e3o en junio, llenando la ciudad de festividades locales.","inLanguage":"es"},"inLanguage":"es"},{"@type":"Question","@id":"https:\/\/passporterapp.com\/es\/blog\/portugal\/planificar-viaje-evora\/#faq-question-1705070815176","position":2,"url":"https:\/\/passporterapp.com\/es\/blog\/portugal\/planificar-viaje-evora\/#faq-question-1705070815176","name":"\u00bfQu\u00e9 documentaci\u00f3n necesito para viajar a \u00c9vora?","answerCount":1,"acceptedAnswer":{"@type":"Answer","text":"Mientras que los ciudadanos de la Uni\u00f3n Europea pueden viajar con motivos tur\u00edsticos por tiempo ilimitado tan solo con el DNI, y algunos pa\u00edses como Andorra o Brasil pueden permanecer hasta 90 d\u00eda tan solo con el pasaporte en regla, el resto de pa\u00edses deber\u00e1n solicitar el visado Schengen, que tiene un precio de 80\u20ac y tarda en tramitarse unas dos semanas.","inLanguage":"es"},"inLanguage":"es"},{"@type":"Question","@id":"https:\/\/passporterapp.com\/es\/blog\/portugal\/planificar-viaje-evora\/#faq-question-1705083454022","position":3,"url":"https:\/\/passporterapp.com\/es\/blog\/portugal\/planificar-viaje-evora\/#faq-question-1705083454022","name":"\u00bfEs \u00c9vora un lugar seguro donde viajar?","answerCount":1,"acceptedAnswer":{"@type":"Answer","text":"S\u00ed, \u00c9vora es un lugar seguro para viajar. Es conocida por su ambiente tranquilo y su baja tasa de criminalidad. Como siempre, es aconsejable tomar las precauciones b\u00e1sicas de seguridad al visitar cualquier lugar nuevo.","inLanguage":"es"},"inLanguage":"es"},{"@type":"Question","@id":"https:\/\/passporterapp.com\/es\/blog\/portugal\/planificar-viaje-evora\/#faq-question-1708630932732","position":4,"url":"https:\/\/passporterapp.com\/es\/blog\/portugal\/planificar-viaje-evora\/#faq-question-1708630932732","name":"\u00bfEs potable el agua en \u00c9vora?","answerCount":1,"acceptedAnswer":{"@type":"Answer","text":"S\u00ed, el agua en \u00c9vora es potable y segura para beber directamente del grifo.","inLanguage":"es"},"inLanguage":"es"},{"@type":"Question","@id":"https:\/\/passporterapp.com\/es\/blog\/portugal\/planificar-viaje-evora\/#faq-question-1708631300961","position":5,"url":"https:\/\/passporterapp.com\/es\/blog\/portugal\/planificar-viaje-evora\/#faq-question-1708631300961","name":"\u00bfC\u00f3mo planificar un viaje a \u00c9vora?","answerCount":1,"acceptedAnswer":{"@type":"Answer","text":"Desc\u00e1rgate la App gratuita de Passporter crear el itinerario de viaje perfecto en \u00c9vora.","inLanguage":"es"},"inLanguage":"es"},{"@type":"Question","@id":"https:\/\/passporterapp.com\/es\/blog\/portugal\/planificar-viaje-evora\/#faq-question-1710485151152","position":6,"url":"https:\/\/passporterapp.com\/es\/blog\/portugal\/planificar-viaje-evora\/#faq-question-1710485151152","name":"\u00bfCu\u00e1les son los platos m\u00e1s t\u00edpicos de \u00c9vora?","answerCount":1,"acceptedAnswer":{"@type":"Answer","text":"Algunos de los platos m\u00e1s caracter\u00edsticos de \u00c9vora son A\u00e7orda \u00e0 Alentejana, Ensopado de Borrego, Sopa de Ca\u00e7\u00e3o, Migas com Carne de Porco, Sericaia.","inLanguage":"es"},"inLanguage":"es"},{"@type":"Question","@id":"https:\/\/passporterapp.com\/es\/blog\/portugal\/planificar-viaje-evora\/#faq-question-1717839422378","position":7,"url":"https:\/\/passporterapp.com\/es\/blog\/portugal\/planificar-viaje-evora\/#faq-question-1717839422378","name":"\u00bfCu\u00e1les son las mejores zonas donde alojarse en \u00c9vora?","answerCount":1,"acceptedAnswer":{"@type":"Answer","text":"Los mejores barrios para alojarse en \u00c9vora son: Centro Hist\u00f3rico, Horta das Figueiras, Malagueira, Santo Ant\u00e3o, Rossio de S\u00e3o Br\u00e1s.","inLanguage":"es"},"inLanguage":"es"},{"@type":"Question","@id":"https:\/\/passporterapp.com\/es\/blog\/portugal\/planificar-viaje-evora\/#faq-question-1715114556408","position":8,"url":"https:\/\/passporterapp.com\/es\/blog\/portugal\/planificar-viaje-evora\/#faq-question-1715114556408","name":"\u00bfC\u00f3mo llegar a \u00c9vora?","answerCount":1,"acceptedAnswer":{"@type":"Answer","text":"Como \u00c9vora no dispone de aeropuerto propio, la mayor\u00eda de los turistas viajan desde Lisboa. En la capital podr\u00e1s alquilar un coche o comprar un billete para ir en tren o autob\u00fas por un precio muy econ\u00f3mico. ","inLanguage":"es"},"inLanguage":"es"}]}},"jetpack_publicize_connections":[],"jetpack_featured_media_url":"https:\/\/i0.wp.com\/passporterapp.com\/es\/blog\/wp-content\/uploads\/2024\/06\/planificar-viaje-a-Evora.jpeg?fit=1600%2C1067&ssl=1","jetpack_likes_enabled":true,"jetpack_shortlink":"https:\/\/wp.me\/peeF4J-fsz","jetpack_sharing_enabled":true,"_links":{"self":[{"href":"https:\/\/passporterapp.com\/es\/blog\/wp-json\/wp\/v2\/posts\/59431","targetHints":{"allow":["GET"]}}],"collection":[{"href":"https:\/\/passporterapp.com\/es\/blog\/wp-json\/wp\/v2\/posts"}],"about":[{"href":"https:\/\/passporterapp.com\/es\/blog\/wp-json\/wp\/v2\/types\/post"}],"author":[{"embeddable":true,"href":"https:\/\/passporterapp.com\/es\/blog\/wp-json\/wp\/v2\/users\/183705635"}],"replies":[{"embeddable":true,"href":"https:\/\/passporterapp.com\/es\/blog\/wp-json\/wp\/v2\/comments?post=59431"}],"version-history":[{"count":0,"href":"https:\/\/passporterapp.com\/es\/blog\/wp-json\/wp\/v2\/posts\/59431\/revisions"}],"wp:featuredmedia":[{"embeddable":true,"href":"https:\/\/passporterapp.com\/es\/blog\/wp-json\/wp\/v2\/media\/59531"}],"wp:attachment":[{"href":"https:\/\/passporterapp.com\/es\/blog\/wp-json\/wp\/v2\/media?parent=59431"}],"wp:term":[{"taxonomy":"category","embeddable":true,"href":"https:\/\/passporterapp.com\/es\/blog\/wp-json\/wp\/v2\/categories?post=59431"},{"taxonomy":"post_tag","embeddable":true,"href":"https:\/\/passporterapp.com\/es\/blog\/wp-json\/wp\/v2\/tags?post=59431"}],"curies":[{"name":"wp","href":"https:\/\/api.w.org\/{rel}","templated":true}]}}