{"id":10561,"date":"2021-02-09T14:25:35","date_gmt":"2021-02-09T13:25:35","guid":{"rendered":"https:\/\/passporterapp.com\/es\/blog\/?p=10561"},"modified":"2024-04-18T17:55:01","modified_gmt":"2024-04-18T15:55:01","slug":"que-ver-en-cullera","status":"publish","type":"post","link":"https:\/\/passporterapp.com\/es\/blog\/espana\/que-ver-en-cullera\/","title":{"rendered":"\u00bfQu\u00e9 ver y hacer en Cullera Espa\u00f1a?"},"content":{"rendered":"\n\n<div class=\"kk-star-ratings kksr-auto kksr-align-left kksr-valign-top\"\n    data-payload='{&quot;align&quot;:&quot;left&quot;,&quot;id&quot;:&quot;10561&quot;,&quot;slug&quot;:&quot;default&quot;,&quot;valign&quot;:&quot;top&quot;,&quot;ignore&quot;:&quot;&quot;,&quot;reference&quot;:&quot;auto&quot;,&quot;class&quot;:&quot;&quot;,&quot;count&quot;:&quot;16&quot;,&quot;legendonly&quot;:&quot;&quot;,&quot;readonly&quot;:&quot;&quot;,&quot;score&quot;:&quot;4.9&quot;,&quot;starsonly&quot;:&quot;&quot;,&quot;best&quot;:&quot;5&quot;,&quot;gap&quot;:&quot;4&quot;,&quot;greet&quot;:&quot;Valorar post&quot;,&quot;legend&quot;:&quot;4.9\\\/5&quot;,&quot;size&quot;:&quot;24&quot;,&quot;title&quot;:&quot;\u00bfQu\u00e9 ver y hacer en Cullera Espa\u00f1a?&quot;,&quot;width&quot;:&quot;135.2&quot;,&quot;_legend&quot;:&quot;{score}\\\/{best}&quot;,&quot;font_factor&quot;:&quot;1.25&quot;}'>\n            \n<div class=\"kksr-stars\">\n    \n<div class=\"kksr-stars-inactive\">\n            <div class=\"kksr-star\" data-star=\"1\" style=\"padding-right: 4px\">\n            \n\n<div class=\"kksr-icon\" style=\"width: 24px; height: 24px;\"><\/div>\n        <\/div>\n            <div class=\"kksr-star\" data-star=\"2\" style=\"padding-right: 4px\">\n            \n\n<div class=\"kksr-icon\" style=\"width: 24px; height: 24px;\"><\/div>\n        <\/div>\n            <div class=\"kksr-star\" data-star=\"3\" style=\"padding-right: 4px\">\n            \n\n<div class=\"kksr-icon\" style=\"width: 24px; height: 24px;\"><\/div>\n        <\/div>\n            <div class=\"kksr-star\" data-star=\"4\" style=\"padding-right: 4px\">\n            \n\n<div class=\"kksr-icon\" style=\"width: 24px; height: 24px;\"><\/div>\n        <\/div>\n            <div class=\"kksr-star\" data-star=\"5\" style=\"padding-right: 4px\">\n            \n\n<div class=\"kksr-icon\" style=\"width: 24px; height: 24px;\"><\/div>\n        <\/div>\n    <\/div>\n    \n<div class=\"kksr-stars-active\" style=\"width: 135.2px;\">\n            <div class=\"kksr-star\" style=\"padding-right: 4px\">\n            \n\n<div class=\"kksr-icon\" style=\"width: 24px; height: 24px;\"><\/div>\n        <\/div>\n            <div class=\"kksr-star\" style=\"padding-right: 4px\">\n            \n\n<div class=\"kksr-icon\" style=\"width: 24px; height: 24px;\"><\/div>\n        <\/div>\n            <div class=\"kksr-star\" style=\"padding-right: 4px\">\n            \n\n<div class=\"kksr-icon\" style=\"width: 24px; height: 24px;\"><\/div>\n        <\/div>\n            <div class=\"kksr-star\" style=\"padding-right: 4px\">\n            \n\n<div class=\"kksr-icon\" style=\"width: 24px; height: 24px;\"><\/div>\n        <\/div>\n            <div class=\"kksr-star\" style=\"padding-right: 4px\">\n            \n\n<div class=\"kksr-icon\" style=\"width: 24px; height: 24px;\"><\/div>\n        <\/div>\n    <\/div>\n<\/div>\n                \n\n<div class=\"kksr-legend\" style=\"font-size: 19.2px;\">\n            4.9\/5    <\/div>\n    <\/div>\n\n<p>Cullera es un <strong>municipio de la provincia de Valencia<\/strong> situado a unos 35 minutos en coche de la ciudad.  Si en tu viaje por Espa\u00f1a tienes previsto visitar la <a href=\"https:\/\/passporterapp.com\/es\/blog\/espana\/que-ver-en-valencia\/\" target=\"_blank\" rel=\"noreferrer noopener\"><strong>ciudad de Valencia<\/strong><\/a>, aprovecha su cercan\u00eda y recorre los distintos sitios y diversos planes que puedes ver y hacer en <em>Cullera<\/em>.<\/p>\n\n\n\n<p>A continuaci\u00f3n, te mostraremos algunos de los lugares para que disfrutes de la visita a Cullera. Algunos de ellos son museos e incre\u00edbles playas, que sin duda alguna te cautivaran. <\/p>\n\n\n\n<div id=\"ez-toc-container\" class=\"ez-toc-v2_0_81 counter-hierarchy ez-toc-counter ez-toc-custom ez-toc-container-direction\">\n<p class=\"ez-toc-title\" style=\"cursor:inherit\">Contenido del post<\/p>\n<label for=\"ez-toc-cssicon-toggle-item-69f01dde30062\" class=\"ez-toc-cssicon-toggle-label\"><span class=\"\"><span class=\"eztoc-hide\" style=\"display:none;\">Toggle<\/span><span class=\"ez-toc-icon-toggle-span\"><svg style=\"fill: #000000;color:#000000\" xmlns=\"http:\/\/www.w3.org\/2000\/svg\" class=\"list-377408\" width=\"20px\" height=\"20px\" viewBox=\"0 0 24 24\" fill=\"none\"><path d=\"M6 6H4v2h2V6zm14 0H8v2h12V6zM4 11h2v2H4v-2zm16 0H8v2h12v-2zM4 16h2v2H4v-2zm16 0H8v2h12v-2z\" fill=\"currentColor\"><\/path><\/svg><svg style=\"fill: #000000;color:#000000\" class=\"arrow-unsorted-368013\" xmlns=\"http:\/\/www.w3.org\/2000\/svg\" width=\"10px\" height=\"10px\" viewBox=\"0 0 24 24\" version=\"1.2\" baseProfile=\"tiny\"><path d=\"M18.2 9.3l-6.2-6.3-6.2 6.3c-.2.2-.3.4-.3.7s.1.5.3.7c.2.2.4.3.7.3h11c.3 0 .5-.1.7-.3.2-.2.3-.5.3-.7s-.1-.5-.3-.7zM5.8 14.7l6.2 6.3 6.2-6.3c.2-.2.3-.5.3-.7s-.1-.5-.3-.7c-.2-.2-.4-.3-.7-.3h-11c-.3 0-.5.1-.7.3-.2.2-.3.5-.3.7s.1.5.3.7z\"\/><\/svg><\/span><\/span><\/label><input type=\"checkbox\"  id=\"ez-toc-cssicon-toggle-item-69f01dde30062\" checked aria-label=\"Toggle\" \/><nav><ul class='ez-toc-list ez-toc-list-level-1 ' ><li class='ez-toc-page-1 ez-toc-heading-level-2'><a class=\"ez-toc-link ez-toc-heading-1\" href=\"https:\/\/passporterapp.com\/es\/blog\/espana\/que-ver-en-cullera\/#%C2%BFCuales-son-los-mejores-lugares-que-ver-en-Cullera\" >\u00bfCu\u00e1les son los mejores lugares que ver en Cullera?<\/a><ul class='ez-toc-list-level-3' ><li class='ez-toc-heading-level-3'><a class=\"ez-toc-link ez-toc-heading-2\" href=\"https:\/\/passporterapp.com\/es\/blog\/espana\/que-ver-en-cullera\/#1-Recorre-el-Castillo-de-Cullera\" >1. Recorre el Castillo de Cullera<\/a><\/li><li class='ez-toc-page-1 ez-toc-heading-level-3'><a class=\"ez-toc-link ez-toc-heading-3\" href=\"https:\/\/passporterapp.com\/es\/blog\/espana\/que-ver-en-cullera\/#2-Ayuntamiento-de-Cullera\" >2. Ayuntamiento de Cullera<\/a><\/li><li class='ez-toc-page-1 ez-toc-heading-level-3'><a class=\"ez-toc-link ez-toc-heading-4\" href=\"https:\/\/passporterapp.com\/es\/blog\/espana\/que-ver-en-cullera\/#3-Santuario-de-la-Virgen-del-Castillo-de-Cullera\" >3. Santuario de la Virgen del Castillo de Cullera<\/a><\/li><li class='ez-toc-page-1 ez-toc-heading-level-3'><a class=\"ez-toc-link ez-toc-heading-5\" href=\"https:\/\/passporterapp.com\/es\/blog\/espana\/que-ver-en-cullera\/#4-Faro-de-Cullera\" >4. Faro de Cullera<\/a><\/li><li class='ez-toc-page-1 ez-toc-heading-level-3'><a class=\"ez-toc-link ez-toc-heading-6\" href=\"https:\/\/passporterapp.com\/es\/blog\/espana\/que-ver-en-cullera\/#5-Torre-de-Santa-Ana\" >5. Torre de Santa Ana<\/a><\/li><li class='ez-toc-page-1 ez-toc-heading-level-3'><a class=\"ez-toc-link ez-toc-heading-7\" href=\"https:\/\/passporterapp.com\/es\/blog\/espana\/que-ver-en-cullera\/#6-La-Torre-del-Marenyet\" >6. La Torre del Marenyet<\/a><\/li><li class='ez-toc-page-1 ez-toc-heading-level-3'><a class=\"ez-toc-link ez-toc-heading-8\" href=\"https:\/\/passporterapp.com\/es\/blog\/espana\/que-ver-en-cullera\/#7-Contempla-la-Parroquia-Santos-Juanes\" >7. Contempla la Parroquia Santos Juanes<\/a><\/li><li class='ez-toc-page-1 ez-toc-heading-level-3'><a class=\"ez-toc-link ez-toc-heading-9\" href=\"https:\/\/passporterapp.com\/es\/blog\/espana\/que-ver-en-cullera\/#8-Refugio-Museo-de-la-Guerra-Civil\" >8. Refugio Museo de la Guerra Civil<\/a><\/li><li class='ez-toc-page-1 ez-toc-heading-level-3'><a class=\"ez-toc-link ez-toc-heading-10\" href=\"https:\/\/passporterapp.com\/es\/blog\/espana\/que-ver-en-cullera\/#9-Mercado-de-Cullera\" >9. Mercado de Cullera<\/a><\/li><li class='ez-toc-page-1 ez-toc-heading-level-3'><a class=\"ez-toc-link ez-toc-heading-11\" href=\"https:\/\/passporterapp.com\/es\/blog\/espana\/que-ver-en-cullera\/#10-Lago-del-Estany\" >10. Lago del Estany<\/a><\/li><li class='ez-toc-page-1 ez-toc-heading-level-3'><a class=\"ez-toc-link ez-toc-heading-12\" href=\"https:\/\/passporterapp.com\/es\/blog\/espana\/que-ver-en-cullera\/#11-Pinturas-Rupestres-Abric-Lambert\" >11. Pinturas Rupestres Abric Lambert<\/a><\/li><\/ul><\/li><li class='ez-toc-page-1 ez-toc-heading-level-2'><a class=\"ez-toc-link ez-toc-heading-13\" href=\"https:\/\/passporterapp.com\/es\/blog\/espana\/que-ver-en-cullera\/#%C2%BFQue-ver-en-los-alrededores-de-Cullera\" >\u00bfQu\u00e9 ver en los alrededores de Cullera?<\/a><ul class='ez-toc-list-level-3' ><li class='ez-toc-heading-level-3'><a class=\"ez-toc-link ez-toc-heading-14\" href=\"https:\/\/passporterapp.com\/es\/blog\/espana\/que-ver-en-cullera\/#1-Montana-de-Cullera\" >1. Monta\u00f1a de Cullera<\/a><\/li><li class='ez-toc-page-1 ez-toc-heading-level-3'><a class=\"ez-toc-link ez-toc-heading-15\" href=\"https:\/\/passporterapp.com\/es\/blog\/espana\/que-ver-en-cullera\/#2-Recorre-la-Senda-de-la-Lloma\" >2. Recorre la Senda de la Lloma<\/a><\/li><li class='ez-toc-page-1 ez-toc-heading-level-3'><a class=\"ez-toc-link ez-toc-heading-16\" href=\"https:\/\/passporterapp.com\/es\/blog\/espana\/que-ver-en-cullera\/#3-Bassa-de-Sant-Llorenc\" >3. Bassa de Sant Lloren\u00e7<\/a><\/li><li class='ez-toc-page-1 ez-toc-heading-level-3'><a class=\"ez-toc-link ez-toc-heading-17\" href=\"https:\/\/passporterapp.com\/es\/blog\/espana\/que-ver-en-cullera\/#4-Rio-Jucar\" >4. R\u00edo J\u00facar<\/a><\/li><\/ul><\/li><li class='ez-toc-page-1 ez-toc-heading-level-2'><a class=\"ez-toc-link ez-toc-heading-18\" href=\"https:\/\/passporterapp.com\/es\/blog\/espana\/que-ver-en-cullera\/#%C2%BFQue-playas-que-ver-en-Cullera\" >\u00bfQu\u00e9 playas qu\u00e9 ver en Cullera?<\/a><ul class='ez-toc-list-level-3' ><li class='ez-toc-heading-level-3'><a class=\"ez-toc-link ez-toc-heading-19\" href=\"https:\/\/passporterapp.com\/es\/blog\/espana\/que-ver-en-cullera\/#1-Playa-de-San-Antonio\" >1. Playa de San Antonio<\/a><\/li><li class='ez-toc-page-1 ez-toc-heading-level-3'><a class=\"ez-toc-link ez-toc-heading-20\" href=\"https:\/\/passporterapp.com\/es\/blog\/espana\/que-ver-en-cullera\/#2-Playa-de-LEstany\" >2. Playa de L&#8217;Estany<\/a><\/li><\/ul><\/li><li class='ez-toc-page-1 ez-toc-heading-level-2'><a class=\"ez-toc-link ez-toc-heading-21\" href=\"https:\/\/passporterapp.com\/es\/blog\/espana\/que-ver-en-cullera\/#%C2%BFQue-ver-en-Cullera-con-ninos\" >\u00bfQu\u00e9 ver en Cullera con ni\u00f1os?<\/a><ul class='ez-toc-list-level-3' ><li class='ez-toc-heading-level-3'><a class=\"ez-toc-link ez-toc-heading-22\" href=\"https:\/\/passporterapp.com\/es\/blog\/espana\/que-ver-en-cullera\/#1-Museo-Cueva-de-Dragut\" >1. Museo Cueva de Dragut<\/a><\/li><li class='ez-toc-page-1 ez-toc-heading-level-3'><a class=\"ez-toc-link ez-toc-heading-23\" href=\"https:\/\/passporterapp.com\/es\/blog\/espana\/que-ver-en-cullera\/#2-Aquopolis-Cullera\" >2. Aquopolis Cullera<\/a><\/li><li class='ez-toc-page-1 ez-toc-heading-level-3'><a class=\"ez-toc-link ez-toc-heading-24\" href=\"https:\/\/passporterapp.com\/es\/blog\/espana\/que-ver-en-cullera\/#3-Biblioteca-Municipal-de-Cullera\" >3. Biblioteca Municipal de Cullera<\/a><\/li><\/ul><\/li><li class='ez-toc-page-1 ez-toc-heading-level-2'><a class=\"ez-toc-link ez-toc-heading-25\" href=\"https:\/\/passporterapp.com\/es\/blog\/espana\/que-ver-en-cullera\/#%C2%BFCual-es-la-mejor-epoca-para-viajar-a-Cullera\" >\u00bfCu\u00e1l es la mejor \u00e9poca para viajar a Cullera?<\/a><\/li><li class='ez-toc-page-1 ez-toc-heading-level-2'><a class=\"ez-toc-link ez-toc-heading-26\" href=\"https:\/\/passporterapp.com\/es\/blog\/espana\/que-ver-en-cullera\/#Mapa-de-viaje-a-Cullera\" >Mapa de viaje a Cullera<\/a><\/li><li class='ez-toc-page-1 ez-toc-heading-level-2'><a class=\"ez-toc-link ez-toc-heading-27\" href=\"https:\/\/passporterapp.com\/es\/blog\/espana\/que-ver-en-cullera\/#Itinerario-para-tu-viaje-a-Cullera\" >Itinerario para tu viaje a Cullera<\/a><ul class='ez-toc-list-level-3' ><li class='ez-toc-heading-level-3'><a class=\"ez-toc-link ez-toc-heading-28\" href=\"https:\/\/passporterapp.com\/es\/blog\/espana\/que-ver-en-cullera\/#%C2%BFQue-ver-en-Cullera-en-1-dia\" >\u00bfQu\u00e9 ver en Cullera en 1 d\u00eda?<\/a><\/li><li class='ez-toc-page-1 ez-toc-heading-level-3'><a class=\"ez-toc-link ez-toc-heading-29\" href=\"https:\/\/passporterapp.com\/es\/blog\/espana\/que-ver-en-cullera\/#%C2%BFQue-ver-en-Cullera-en-2-dia\" >\u00bfQu\u00e9 ver en Cullera en 2 d\u00eda?<\/a><\/li><li class='ez-toc-page-1 ez-toc-heading-level-3'><a class=\"ez-toc-link ez-toc-heading-30\" href=\"https:\/\/passporterapp.com\/es\/blog\/espana\/que-ver-en-cullera\/#%C2%BFQue-ver-en-Cullera-en-3-dias\" >\u00bfQu\u00e9 ver en Cullera en 3 d\u00edas?<\/a><\/li><\/ul><\/li><li class='ez-toc-page-1 ez-toc-heading-level-2'><a class=\"ez-toc-link ez-toc-heading-31\" href=\"https:\/\/passporterapp.com\/es\/blog\/espana\/que-ver-en-cullera\/#%C2%BFComo-planificar-tu-itinerario-de-los-lugares-que-quieres-ver-en-Cullera\" >\u00bfC\u00f3mo planificar tu itinerario de los lugares que quieres ver en Cullera?<\/a><\/li><li class='ez-toc-page-1 ez-toc-heading-level-2'><a class=\"ez-toc-link ez-toc-heading-32\" href=\"https:\/\/passporterapp.com\/es\/blog\/espana\/que-ver-en-cullera\/#Preguntas-Frecuentes-Sobre-un-viaje-a-Cullera\" >Preguntas Frecuentes Sobre un viaje a Cullera<\/a><\/li><\/ul><\/nav><\/div>\n<h2 class=\"wp-block-heading\" id=\"h-cu-les-son-los-mejores-lugares-que-ver-en-cullera\"><span class=\"ez-toc-section\" id=\"%C2%BFCuales-son-los-mejores-lugares-que-ver-en-Cullera\"><\/span>\u00bfCu\u00e1les son los mejores lugares que ver en Cullera?<span class=\"ez-toc-section-end\"><\/span><\/h2>\n\n\n\n<h3 class=\"wp-block-heading\" id=\"h-1-recorre-el-castillo-de-cullera\"><span class=\"ez-toc-section\" id=\"1-Recorre-el-Castillo-de-Cullera\"><\/span>1. Recorre el Castillo de Cullera<span class=\"ez-toc-section-end\"><\/span><\/h3>\n\n\n\n<p>El Castillo de Cullera <strong>ubicado en la Colina de la Monta\u00f1a de los Zorros <\/strong>cerca del r\u00edo J\u00facar es uno de los lugares que te recomendamos visitar de este municipio. El precio de la entrada para recorrer todo el interior del castillo es de aproximadamente 3 euros.<\/p>\n\n\n\n<p>En el santuario se encuentra la capilla g\u00f3tica donde <strong>se alberga el Museo Arqueol\u00f3gico Municipal<\/strong> con exposiciones de gran inter\u00e9s acerca de <em>Cullera<\/em> y de <em>Espa\u00f1a<\/em>. Adem\u00e1s, puedes explorar el baluarte y el ca\u00f1\u00f3n de largo alcance conocido como el \u201c<em>sacre<\/em>\u201d los cuales formaban el mecanismo de defensa del castillo.<\/p>\n\n\n\n<p>Puedes tambi\u00e9n encontrar el <strong>patio de los<\/strong> <strong>aljibes<\/strong>,<strong> cuya \u00fanica estructura se mantiene original<\/strong> ya que el resto del castillo ha sido reconstruido. Tambi\u00e9n podr\u00e1s aprovechar su buena ubicaci\u00f3n para apreciar las incre\u00edbles vistas de Cullera.<\/p>\n\n\n\n<figure class=\"wp-block-gallery has-nested-images columns-default is-cropped wp-block-gallery-1 is-layout-flex wp-block-gallery-is-layout-flex\">\n<figure class=\"wp-block-image size-large\"><img data-recalc-dims=\"1\" loading=\"lazy\" decoding=\"async\" width=\"880\" height=\"1024\" data-id=\"30487\" src=\"https:\/\/i0.wp.com\/passporterapp.com\/es\/blog\/wp-content\/uploads\/2021\/07\/castillo-cullera-espana-880x1024.jpeg?resize=880%2C1024&#038;ssl=1\" alt=\"\" class=\"wp-image-30487\" srcset=\"https:\/\/i0.wp.com\/passporterapp.com\/es\/blog\/wp-content\/uploads\/2021\/07\/castillo-cullera-espana.jpeg?resize=880%2C1024&amp;ssl=1 880w, https:\/\/i0.wp.com\/passporterapp.com\/es\/blog\/wp-content\/uploads\/2021\/07\/castillo-cullera-espana.jpeg?resize=258%2C300&amp;ssl=1 258w, https:\/\/i0.wp.com\/passporterapp.com\/es\/blog\/wp-content\/uploads\/2021\/07\/castillo-cullera-espana.jpeg?resize=768%2C894&amp;ssl=1 768w, https:\/\/i0.wp.com\/passporterapp.com\/es\/blog\/wp-content\/uploads\/2021\/07\/castillo-cullera-espana.jpeg?w=928&amp;ssl=1 928w\" sizes=\"auto, (max-width: 880px) 100vw, 880px\" \/><\/figure>\n\n\n\n<figure class=\"wp-block-image size-large\"><img data-recalc-dims=\"1\" loading=\"lazy\" decoding=\"async\" width=\"683\" height=\"1024\" data-id=\"30489\" src=\"https:\/\/i0.wp.com\/passporterapp.com\/es\/blog\/wp-content\/uploads\/2021\/07\/castillo-de-cullera-683x1024.jpeg?resize=683%2C1024&#038;ssl=1\" alt=\"\" class=\"wp-image-30489\" srcset=\"https:\/\/i0.wp.com\/passporterapp.com\/es\/blog\/wp-content\/uploads\/2021\/07\/castillo-de-cullera.jpeg?resize=683%2C1024&amp;ssl=1 683w, https:\/\/i0.wp.com\/passporterapp.com\/es\/blog\/wp-content\/uploads\/2021\/07\/castillo-de-cullera.jpeg?resize=200%2C300&amp;ssl=1 200w, https:\/\/i0.wp.com\/passporterapp.com\/es\/blog\/wp-content\/uploads\/2021\/07\/castillo-de-cullera.jpeg?w=720&amp;ssl=1 720w\" sizes=\"auto, (max-width: 683px) 100vw, 683px\" \/><\/figure>\n\n\n\n<figure class=\"wp-block-image size-large\"><img data-recalc-dims=\"1\" loading=\"lazy\" decoding=\"async\" width=\"912\" height=\"1024\" data-id=\"30488\" src=\"https:\/\/i0.wp.com\/passporterapp.com\/es\/blog\/wp-content\/uploads\/2021\/07\/castillo-de-cullera-espana-912x1024.jpeg?resize=912%2C1024&#038;ssl=1\" alt=\"\" class=\"wp-image-30488\" srcset=\"https:\/\/i0.wp.com\/passporterapp.com\/es\/blog\/wp-content\/uploads\/2021\/07\/castillo-de-cullera-espana.jpeg?resize=912%2C1024&amp;ssl=1 912w, https:\/\/i0.wp.com\/passporterapp.com\/es\/blog\/wp-content\/uploads\/2021\/07\/castillo-de-cullera-espana.jpeg?resize=267%2C300&amp;ssl=1 267w, https:\/\/i0.wp.com\/passporterapp.com\/es\/blog\/wp-content\/uploads\/2021\/07\/castillo-de-cullera-espana.jpeg?resize=768%2C862&amp;ssl=1 768w, https:\/\/i0.wp.com\/passporterapp.com\/es\/blog\/wp-content\/uploads\/2021\/07\/castillo-de-cullera-espana.jpeg?w=962&amp;ssl=1 962w\" sizes=\"auto, (max-width: 912px) 100vw, 912px\" \/><\/figure>\n<figcaption class=\"blocks-gallery-caption wp-element-caption\">Castillo de Cullera @jorgecervera__<\/figcaption><\/figure>\n\n\n\n<h3 class=\"wp-block-heading\" id=\"h-2-ayuntamiento-de-cullera\"><span class=\"ez-toc-section\" id=\"2-Ayuntamiento-de-Cullera\"><\/span>2. Ayuntamiento de Cullera<span class=\"ez-toc-section-end\"><\/span><\/h3>\n\n\n\n<p>En tu escapada a Cullera, aprovecha para conocer el ayuntamiento donde antes se encontraba la <em>casa consistorial del municipio<\/em>. <strong>Su estructura mezcla lo colonial con lo moderno<\/strong>, resultando totalmente atractivo para los visitantes sobre todo cuando atardece, donde podr\u00e1s observar el sol caer y disfrutar de una iluminaci\u00f3n inigualable.<\/p>\n\n\n\n<p>Si vas en \u00e9poca de primavera, puedes disfrutar del <em>desfile de las bandas Ateneo Musical y Santa<\/em> <em>Cecilia<\/em> en las fiestas patronales a la <em>Virgen del Castillo<\/em>.<\/p>\n\n\n\n<h3 class=\"wp-block-heading\" id=\"h-3-santuario-de-la-virgen-del-castillo-de-cullera\"><span class=\"ez-toc-section\" id=\"3-Santuario-de-la-Virgen-del-Castillo-de-Cullera\"><\/span>3. Santuario de la Virgen del Castillo de Cullera<span class=\"ez-toc-section-end\"><\/span><\/h3>\n\n\n\n<p>Conocido tambi\u00e9n como el Santuario del Castillo, debido a su ubicaci\u00f3n cercana al castillo de Cullera.<strong> De \u00e9ste santuario se destaca su imponente arquitectura y la decoraci\u00f3n del interior<\/strong>, resaltando su bonita c\u00fapula y distintos vinilos con gran variedad de dise\u00f1os incre\u00edblemente llamativos. &nbsp;<\/p>\n\n\n\n<p>No te pierdas esta visita, ya que <strong>al estar en la cima de la monta\u00f1a, se respira una absoluta paz y armon\u00eda<\/strong>. Para llegar a ella, puedes subir caminando desde el pueblo y disfrutar del recorrido en pareja, con amigos o en familia, pero si no te apetece caminar, puedes subir en coche y encontrar\u00e1s aparcamientos donde estacionar muy cerca.  <\/p>\n\n\n\n<figure class=\"wp-block-gallery has-nested-images columns-default is-cropped wp-block-gallery-2 is-layout-flex wp-block-gallery-is-layout-flex\">\n<figure class=\"wp-block-image size-large\"><img data-recalc-dims=\"1\" loading=\"lazy\" decoding=\"async\" width=\"683\" height=\"1024\" data-id=\"30492\" src=\"https:\/\/i0.wp.com\/passporterapp.com\/es\/blog\/wp-content\/uploads\/2021\/07\/santuario-virgen-castillo-cullera-683x1024.jpeg?resize=683%2C1024&#038;ssl=1\" alt=\"\" class=\"wp-image-30492\" srcset=\"https:\/\/i0.wp.com\/passporterapp.com\/es\/blog\/wp-content\/uploads\/2021\/07\/santuario-virgen-castillo-cullera.jpeg?resize=683%2C1024&amp;ssl=1 683w, https:\/\/i0.wp.com\/passporterapp.com\/es\/blog\/wp-content\/uploads\/2021\/07\/santuario-virgen-castillo-cullera.jpeg?resize=200%2C300&amp;ssl=1 200w, https:\/\/i0.wp.com\/passporterapp.com\/es\/blog\/wp-content\/uploads\/2021\/07\/santuario-virgen-castillo-cullera.jpeg?w=720&amp;ssl=1 720w\" sizes=\"auto, (max-width: 683px) 100vw, 683px\" \/><\/figure>\n\n\n\n<figure class=\"wp-block-image size-large\"><img data-recalc-dims=\"1\" loading=\"lazy\" decoding=\"async\" width=\"678\" height=\"1024\" data-id=\"30494\" src=\"https:\/\/i0.wp.com\/passporterapp.com\/es\/blog\/wp-content\/uploads\/2021\/07\/santiario-virgen-del-castillo-cullera-678x1024.jpeg?resize=678%2C1024&#038;ssl=1\" alt=\"\" class=\"wp-image-30494\" srcset=\"https:\/\/i0.wp.com\/passporterapp.com\/es\/blog\/wp-content\/uploads\/2021\/07\/santiario-virgen-del-castillo-cullera.jpeg?resize=678%2C1024&amp;ssl=1 678w, https:\/\/i0.wp.com\/passporterapp.com\/es\/blog\/wp-content\/uploads\/2021\/07\/santiario-virgen-del-castillo-cullera.jpeg?resize=199%2C300&amp;ssl=1 199w, https:\/\/i0.wp.com\/passporterapp.com\/es\/blog\/wp-content\/uploads\/2021\/07\/santiario-virgen-del-castillo-cullera.jpeg?w=715&amp;ssl=1 715w\" sizes=\"auto, (max-width: 678px) 100vw, 678px\" \/><\/figure>\n\n\n\n<figure class=\"wp-block-image size-large\"><img data-recalc-dims=\"1\" loading=\"lazy\" decoding=\"async\" width=\"683\" height=\"1024\" data-id=\"30493\" src=\"https:\/\/i0.wp.com\/passporterapp.com\/es\/blog\/wp-content\/uploads\/2021\/07\/santuario-de-la-virgen-castillo-cullera-683x1024.jpeg?resize=683%2C1024&#038;ssl=1\" alt=\"\" class=\"wp-image-30493\" srcset=\"https:\/\/i0.wp.com\/passporterapp.com\/es\/blog\/wp-content\/uploads\/2021\/07\/santuario-de-la-virgen-castillo-cullera.jpeg?resize=683%2C1024&amp;ssl=1 683w, https:\/\/i0.wp.com\/passporterapp.com\/es\/blog\/wp-content\/uploads\/2021\/07\/santuario-de-la-virgen-castillo-cullera.jpeg?resize=200%2C300&amp;ssl=1 200w, https:\/\/i0.wp.com\/passporterapp.com\/es\/blog\/wp-content\/uploads\/2021\/07\/santuario-de-la-virgen-castillo-cullera.jpeg?w=720&amp;ssl=1 720w\" sizes=\"auto, (max-width: 683px) 100vw, 683px\" \/><\/figure>\n<figcaption class=\"blocks-gallery-caption wp-element-caption\">Santuario de la Virgen de Cullera @jorgecervera__<\/figcaption><\/figure>\n\n\n\n<h3 class=\"wp-block-heading\" id=\"h-4-faro-de-cullera\"><span class=\"ez-toc-section\" id=\"4-Faro-de-Cullera\"><\/span>4. Faro de Cullera<span class=\"ez-toc-section-end\"><\/span><\/h3>\n\n\n\n<p>El Faro de Cullera ubicado entre la Playa del Rac\u00f3 y la Playa Dosse cuenta con una gran historia debido a que su l\u00e1mpara se encendi\u00f3 por primera vez el 1 de agosto de 1858.<\/p>\n\n\n\n<p>Por motivos de seguridad no se puede acceder su interior, solo podr\u00e1s contemplar su fachada pero <strong>puedes aprovechar sus alrededores, y practicar buceo o pesca deportiva<\/strong> en sus cercanas playas. Ac\u00e9rcate y contempla<strong> su atractiva estructura de tipo circular con su imponente altura<\/strong>. <\/p>\n\n\n<div class=\"wp-block-image\">\n<figure class=\"aligncenter size-large is-resized\"><img data-recalc-dims=\"1\" loading=\"lazy\" decoding=\"async\" src=\"https:\/\/i0.wp.com\/passporterapp.com\/es\/blog\/wp-content\/uploads\/2021\/07\/faro-de-cullera-espana.jpeg?resize=794%2C683&#038;ssl=1\" alt=\"que ver en el faro de cullera espa\u00f1a\" class=\"wp-image-30491\" width=\"794\" height=\"683\"\/><figcaption class=\"wp-element-caption\">Faro de Cullera Espa\u00f1a @jorgecervera__<\/figcaption><\/figure>\n<\/div>\n\n\n<h3 class=\"wp-block-heading\" id=\"h-5-torre-de-santa-ana\"><span class=\"ez-toc-section\" id=\"5-Torre-de-Santa-Ana\"><\/span>5. Torre de Santa Ana<span class=\"ez-toc-section-end\"><\/span><\/h3>\n\n\n\n<p>Si vas al Castillo de Cullera, no te quedes sin ver esta impresionante torre, que <strong>se encuentra justo al lado del castillo.<\/strong><\/p>\n\n\n\n<p>Su construcci\u00f3n se remonta a la \u00e9poca de 1550 debido a que sus habitantes sufr\u00edan saqueos de los <em>berberiscos<\/em> por lo que se vieron en la necesidad <strong>de implementar seguridad para prevenir nuevamente la entrada de estos piratas<\/strong>, ya que proced\u00edan desde el mar mediterr\u00e1neo y fue la forma m\u00e1s efectiva de mitigar sus ataques. <strong>La Torre de Santa Ana es el <em>punto defensivo<\/em> m\u00e1s importante de <em>Cullera<\/em>.<\/strong><\/p>\n\n\n\n<p>Si deseas conocer un poco m\u00e1s acerca de su historia, te invito a que te acerques a ella, recorriendo el camino del Calvario. <\/p>\n\n\n\n<h3 class=\"wp-block-heading\" id=\"h-6-la-torre-del-marenyet\"><span class=\"ez-toc-section\" id=\"6-La-Torre-del-Marenyet\"><\/span>6. La Torre del Marenyet<span class=\"ez-toc-section-end\"><\/span><\/h3>\n\n\n\n<p>La Torre del Marenyet es otra de las torres que se construyeron en el 1557, con el mismo objetivo que la Torre de Santa Ana, ofrecer control y defensa de la costa mediterr\u00e1nea. Su ubicaci\u00f3n es estrat\u00e9gica, ya que <strong>est\u00e1 cerca del r\u00edo J\u00facar, en una zona pantanosa; de ah\u00ed el nombre de Marenyet.<\/strong><\/p>\n\n\n\n<p>De acuerdo a su estructura, <strong>es una torre de aproximadamente 15 metros de altura que cuenta con dos pisos y una terraza que funciona como mirador<\/strong> la cual te permitir\u00e1 contemplar los alrededores de Cullera. \u00a1Prepara un buen plan y ven a conocerla!<\/p>\n\n\n\n<h3 class=\"wp-block-heading\" id=\"h-7-contempla-la-parroquia-santos-juanes\"><span class=\"ez-toc-section\" id=\"7-Contempla-la-Parroquia-Santos-Juanes\"><\/span>7. Contempla la Parroquia Santos Juanes<span class=\"ez-toc-section-end\"><\/span><\/h3>\n\n\n\n<p>Un atractivo imprescindible que ver en Cullera si disfrutas contemplando las reliquias que guardan las iglesias. Consiste en una iglesia neocl\u00e1sica del siglo XVII, cuya estructura y dise\u00f1o refleja cada detalle de su historia y cultura.<\/p>\n\n\n\n<p>Te cautivar\u00e1 no solo su llamativo exterior, sino tambi\u00e9n su interior con los distintos vinilos y capillas y el imponente sagrario que resulta monumental, as\u00ed como tambi\u00e9n los Santos Juanes, bautista y evangelista. \u00a1Totalmente imprescindible!<\/p>\n\n\n\n<figure class=\"wp-block-gallery has-nested-images columns-default is-cropped wp-block-gallery-3 is-layout-flex wp-block-gallery-is-layout-flex\">\n<figure class=\"wp-block-image size-large\"><img data-recalc-dims=\"1\" loading=\"lazy\" decoding=\"async\" width=\"683\" height=\"1024\" data-id=\"30498\" src=\"https:\/\/i0.wp.com\/passporterapp.com\/es\/blog\/wp-content\/uploads\/2021\/07\/parroquia-santos-juanes-cullera-683x1024.jpeg?resize=683%2C1024&#038;ssl=1\" alt=\"\" class=\"wp-image-30498\" srcset=\"https:\/\/i0.wp.com\/passporterapp.com\/es\/blog\/wp-content\/uploads\/2021\/07\/parroquia-santos-juanes-cullera.jpeg?resize=683%2C1024&amp;ssl=1 683w, https:\/\/i0.wp.com\/passporterapp.com\/es\/blog\/wp-content\/uploads\/2021\/07\/parroquia-santos-juanes-cullera.jpeg?resize=200%2C300&amp;ssl=1 200w, https:\/\/i0.wp.com\/passporterapp.com\/es\/blog\/wp-content\/uploads\/2021\/07\/parroquia-santos-juanes-cullera.jpeg?w=720&amp;ssl=1 720w\" sizes=\"auto, (max-width: 683px) 100vw, 683px\" \/><figcaption class=\"wp-element-caption\">Parroquia Santos Juanes<\/figcaption><\/figure>\n\n\n\n<figure class=\"wp-block-image size-large\"><img data-recalc-dims=\"1\" loading=\"lazy\" decoding=\"async\" width=\"683\" height=\"1024\" data-id=\"30504\" src=\"https:\/\/i0.wp.com\/passporterapp.com\/es\/blog\/wp-content\/uploads\/2021\/07\/refugio-guerra-civil-cullera-683x1024.jpeg?resize=683%2C1024&#038;ssl=1\" alt=\"\" class=\"wp-image-30504\" srcset=\"https:\/\/i0.wp.com\/passporterapp.com\/es\/blog\/wp-content\/uploads\/2021\/07\/refugio-guerra-civil-cullera.jpeg?resize=683%2C1024&amp;ssl=1 683w, https:\/\/i0.wp.com\/passporterapp.com\/es\/blog\/wp-content\/uploads\/2021\/07\/refugio-guerra-civil-cullera.jpeg?resize=200%2C300&amp;ssl=1 200w, https:\/\/i0.wp.com\/passporterapp.com\/es\/blog\/wp-content\/uploads\/2021\/07\/refugio-guerra-civil-cullera.jpeg?w=720&amp;ssl=1 720w\" sizes=\"auto, (max-width: 683px) 100vw, 683px\" \/><figcaption class=\"wp-element-caption\">Refugio Museo de la Guerra Civil<\/figcaption><\/figure>\n\n\n\n<figure class=\"wp-block-image size-large\"><img data-recalc-dims=\"1\" loading=\"lazy\" decoding=\"async\" width=\"683\" height=\"1024\" data-id=\"30497\" src=\"https:\/\/i0.wp.com\/passporterapp.com\/es\/blog\/wp-content\/uploads\/2021\/07\/torre-marenyet-cullera-683x1024.jpeg?resize=683%2C1024&#038;ssl=1\" alt=\"\" class=\"wp-image-30497\" srcset=\"https:\/\/i0.wp.com\/passporterapp.com\/es\/blog\/wp-content\/uploads\/2021\/07\/torre-marenyet-cullera.jpeg?resize=683%2C1024&amp;ssl=1 683w, https:\/\/i0.wp.com\/passporterapp.com\/es\/blog\/wp-content\/uploads\/2021\/07\/torre-marenyet-cullera.jpeg?resize=200%2C300&amp;ssl=1 200w, https:\/\/i0.wp.com\/passporterapp.com\/es\/blog\/wp-content\/uploads\/2021\/07\/torre-marenyet-cullera.jpeg?w=720&amp;ssl=1 720w\" sizes=\"auto, (max-width: 683px) 100vw, 683px\" \/><figcaption class=\"wp-element-caption\">Torre del Marenyet<\/figcaption><\/figure>\n<figcaption class=\"blocks-gallery-caption wp-element-caption\">@jorgecervera__<\/figcaption><\/figure>\n\n\n\n<h3 class=\"wp-block-heading\" id=\"h-8-refugio-museo-de-la-guerra-civil\"><span class=\"ez-toc-section\" id=\"8-Refugio-Museo-de-la-Guerra-Civil\"><\/span>8. Refugio Museo de la Guerra Civil<span class=\"ez-toc-section-end\"><\/span><\/h3>\n\n\n\n<p>Lugares como este son realmente curiosos de ver, debido a su valor hist\u00f3rico y cultural en cada una de las exposiciones que se presentan en este museo; cada detalle es significativo. A pesar de no ser el museo m\u00e1s grande de todos, lo hace agradable al hacer de su visita algo m\u00e1s ameno, lo cual es el objetivo final de este museo, dejar un mensaje acerca de la guerra, r\u00e1pida y clara.<\/p>\n\n\n\n<h3 class=\"wp-block-heading\" id=\"h-9-mercado-de-cullera\"><span class=\"ez-toc-section\" id=\"9-Mercado-de-Cullera\"><\/span>9. Mercado de Cullera<span class=\"ez-toc-section-end\"><\/span><\/h3>\n\n\n\n<p>Es uno de los sitios mas visitados de Cullera, tanto por locales como por viajeros que se animan de presenciar la vida y lo concurrida que son las calles en Cullera. <\/p>\n\n\n\n<p>Quiz\u00e1 no sea el sitio con mayores paisajes o puestas del sol junto al mar, pero sin duda es de los lugares que te har\u00e1n apreciar cada detalle de la vida.<\/p>\n\n\n\n<h3 class=\"wp-block-heading\" id=\"h-10-lago-del-estany\"><span class=\"ez-toc-section\" id=\"10-Lago-del-Estany\"><\/span>10. Lago del Estany<span class=\"ez-toc-section-end\"><\/span><\/h3>\n\n\n\n<p><strong>Al sur de la desembocadura del r\u00edo J\u00facar<\/strong>, podemos encontrar este precioso lago, tranquilo y sereno, con sus aguas cristalinas, reflejando el azul del cielo. Podr\u00e1s pasar una de las tardes m\u00e1s tranquilas y relajantes. Este lago promete maravillarte por la gran biodiversidad que viene a descansar en las aguas y orillas de este lago.<\/p>\n\n\n\n<h3 class=\"wp-block-heading\" id=\"h-11-pinturas-rupestres-abric-lambert\"><span class=\"ez-toc-section\" id=\"11-Pinturas-Rupestres-Abric-Lambert\"><\/span>11. Pinturas Rupestres Abric Lambert<span class=\"ez-toc-section-end\"><\/span><\/h3>\n\n\n\n<p>Cerca de la monta\u00f1a de Cullera se encuentra el Abric Lambert, el cual <strong>constituye una zona arqueol\u00f3gica de alto inter\u00e9s tur\u00edstico e investigativo<\/strong>, en donde podemos ver abrigos que contienen pinturas rupestres del denominado arte esquem\u00e1tico que tiene origen en el neol\u00edtico.<\/p>\n\n\n\n<p><strong>Si eres amante de la arqueolog\u00eda y la evoluci\u00f3n humana, este lugar es perfecto para ti,<\/strong> ya que cuenta con todo lo que un amante de la ciencia puede pedir.<\/p>\n\n\n\n<h2 class=\"wp-block-heading\" id=\"h-qu-ver-en-los-alrededores-de-cullera\"><span class=\"ez-toc-section\" id=\"%C2%BFQue-ver-en-los-alrededores-de-Cullera\"><\/span>\u00bfQu\u00e9 ver en los alrededores de Cullera?<span class=\"ez-toc-section-end\"><\/span><\/h2>\n\n\n\n<p>Los alrededores de Cullera se caracterizan por guardar lugares con paisajes verdes y un aire lleno de vida y pureza. Si quieres explorar sus alrededores de Cullera, estos son los mejores lugares que no te puedes perder.<\/p>\n\n\n\n<h3 class=\"wp-block-heading\" id=\"h-1-monta-a-de-cullera\"><span class=\"ez-toc-section\" id=\"1-Montana-de-Cullera\"><\/span>1. Monta\u00f1a de Cullera<span class=\"ez-toc-section-end\"><\/span><\/h3>\n\n\n\n<figure class=\"wp-block-gallery has-nested-images columns-default is-cropped aligncenter wp-block-gallery-4 is-layout-flex wp-block-gallery-is-layout-flex\">\n<figure class=\"wp-block-image size-large\"><img data-recalc-dims=\"1\" loading=\"lazy\" decoding=\"async\" width=\"682\" height=\"1024\" data-id=\"11482\" src=\"https:\/\/i0.wp.com\/passporterapp.com\/es\/blog\/wp-content\/uploads\/2021\/02\/cullera-montana-682x1024.jpg?resize=682%2C1024&#038;ssl=1\" alt=\"\" class=\"wp-image-11482\" srcset=\"https:\/\/i0.wp.com\/passporterapp.com\/es\/blog\/wp-content\/uploads\/2021\/02\/cullera-montana.jpg?resize=682%2C1024&amp;ssl=1 682w, https:\/\/i0.wp.com\/passporterapp.com\/es\/blog\/wp-content\/uploads\/2021\/02\/cullera-montana.jpg?resize=200%2C300&amp;ssl=1 200w, https:\/\/i0.wp.com\/passporterapp.com\/es\/blog\/wp-content\/uploads\/2021\/02\/cullera-montana.jpg?resize=768%2C1153&amp;ssl=1 768w, https:\/\/i0.wp.com\/passporterapp.com\/es\/blog\/wp-content\/uploads\/2021\/02\/cullera-montana.jpg?resize=1023%2C1536&amp;ssl=1 1023w, https:\/\/i0.wp.com\/passporterapp.com\/es\/blog\/wp-content\/uploads\/2021\/02\/cullera-montana.jpg?w=1066&amp;ssl=1 1066w\" sizes=\"auto, (max-width: 682px) 100vw, 682px\" \/><\/figure>\n\n\n\n<figure class=\"wp-block-image size-large\"><img data-recalc-dims=\"1\" loading=\"lazy\" decoding=\"async\" width=\"682\" height=\"1024\" data-id=\"11483\" src=\"https:\/\/i0.wp.com\/passporterapp.com\/es\/blog\/wp-content\/uploads\/2021\/02\/montana-de-cullera-682x1024.jpg?resize=682%2C1024&#038;ssl=1\" alt=\"\" class=\"wp-image-11483\" srcset=\"https:\/\/i0.wp.com\/passporterapp.com\/es\/blog\/wp-content\/uploads\/2021\/02\/montana-de-cullera.jpg?resize=682%2C1024&amp;ssl=1 682w, https:\/\/i0.wp.com\/passporterapp.com\/es\/blog\/wp-content\/uploads\/2021\/02\/montana-de-cullera.jpg?resize=200%2C300&amp;ssl=1 200w, https:\/\/i0.wp.com\/passporterapp.com\/es\/blog\/wp-content\/uploads\/2021\/02\/montana-de-cullera.jpg?resize=768%2C1153&amp;ssl=1 768w, https:\/\/i0.wp.com\/passporterapp.com\/es\/blog\/wp-content\/uploads\/2021\/02\/montana-de-cullera.jpg?resize=1023%2C1536&amp;ssl=1 1023w, https:\/\/i0.wp.com\/passporterapp.com\/es\/blog\/wp-content\/uploads\/2021\/02\/montana-de-cullera.jpg?w=1066&amp;ssl=1 1066w\" sizes=\"auto, (max-width: 682px) 100vw, 682px\" \/><\/figure>\n<figcaption class=\"blocks-gallery-caption wp-element-caption\">Monta\u00f1a de Cullera &#8211; Fuente: @chrisdepay<\/figcaption><\/figure>\n\n\n\n<p>La monta\u00f1a de Cullera, <strong>tambi\u00e9n conocida como la<\/strong> <strong>Sierra de los Zorros<\/strong>, tiene un tesoro oculto en la cima de esta imponente estructura natural. No es secreto para nadie que las vistas desde la monta\u00f1a son sin duda las mejores, gan\u00e1ndole a los miradores de las ciudades.<strong> Las vistas que esta monta\u00f1a te ofrece son incre\u00edbles<\/strong>.<\/p>\n\n\n\n<h3 class=\"wp-block-heading\" id=\"h-2-recorre-la-senda-de-la-lloma\"><span class=\"ez-toc-section\" id=\"2-Recorre-la-Senda-de-la-Lloma\"><\/span>2. Recorre la Senda de la Lloma<span class=\"ez-toc-section-end\"><\/span><\/h3>\n\n\n\n<p>La Senda de la Lloma corresponde a un recorrido que te lleva a apreciar la majestuosidad de la naturaleza en Cullera, y adem\u00e1s <strong>te muestra una de las vistas m\u00e1s bonitas de la cima<\/strong>. He de advertirte que es uno de los recorridos m\u00e1s largos<strong> y aptos para los viajeros m\u00e1s aventureros y exigentes<\/strong>.<\/p>\n\n\n\n<h3 class=\"wp-block-heading\" id=\"h-3-bassa-de-sant-lloren\"><span class=\"ez-toc-section\" id=\"3-Bassa-de-Sant-Llorenc\"><\/span>3. Bassa de Sant Lloren\u00e7<span class=\"ez-toc-section-end\"><\/span><\/h3>\n\n\n\n<p>La Bassa de Sant Lloren\u00e7 es otra de las joyas naturales que debes ver a las afueras del municipio de Cullera. Tambi\u00e9n conocida como la monta\u00f1a de Cullera. Dicha balsa esta delimitada por el monte de El Cabecol, con unos impresionantes 60 metros de altura lo cual divide a la Bassa de Sant Llorenc en dos.<\/p>\n\n\n\n<h3 class=\"wp-block-heading\" id=\"h-4-r-o-j-car\"><span class=\"ez-toc-section\" id=\"4-Rio-Jucar\"><\/span>4. R\u00edo J\u00facar<span class=\"ez-toc-section-end\"><\/span><\/h3>\n\n\n\n<p>En el interior de Espa\u00f1a, m\u00e1s precisamente, en Cullera, puedes encontrar grandes llanuras y amplios valles verdes llenos de vida, en los cuales se encuentra uno de los r\u00edos mas visitados y hermosos de Espa\u00f1a, el r\u00edo J\u00facar. Este r\u00edo <strong>atraviesa las provincias de Cuenca, Albacete y Valencia y desemboca en el mar Mediterr\u00e1neo, <\/strong>haciendo de este <strong>uno de los r\u00edos mas largos que puedes ver en el territorio espa\u00f1ol<\/strong>.<\/p>\n\n\n\n<p>Inicialmente, el paisaje que te muestra este r\u00edo est\u00e1 predominado por huertos y una vegetaci\u00f3n espectacular. Sin embargo, a lo largo r\u00edo, el paisaje se va volviendo un poco m\u00e1s estrecho, ya que el r\u00edo comienza a enrollarse haciendo meandros afilados que fluyen por gargantas de m\u00e1s de 100 metros de altura.<\/p>\n\n\n\n<h2 class=\"wp-block-heading\" id=\"h-qu-playas-qu-ver-en-cullera\"><span class=\"ez-toc-section\" id=\"%C2%BFQue-playas-que-ver-en-Cullera\"><\/span>\u00bfQu\u00e9 playas qu\u00e9 ver en Cullera?<span class=\"ez-toc-section-end\"><\/span><\/h2>\n\n\n\n<figure class=\"wp-block-gallery has-nested-images columns-default is-cropped aligncenter wp-block-gallery-5 is-layout-flex wp-block-gallery-is-layout-flex\">\n<figure class=\"wp-block-image size-large\"><img data-recalc-dims=\"1\" loading=\"lazy\" decoding=\"async\" width=\"680\" height=\"1024\" data-id=\"11487\" src=\"https:\/\/i0.wp.com\/passporterapp.com\/es\/blog\/wp-content\/uploads\/2021\/02\/playa-de-san-antonio-680x1024.jpg?resize=680%2C1024&#038;ssl=1\" alt=\"\" class=\"wp-image-11487\" srcset=\"https:\/\/i0.wp.com\/passporterapp.com\/es\/blog\/wp-content\/uploads\/2021\/02\/playa-de-san-antonio.jpg?resize=680%2C1024&amp;ssl=1 680w, https:\/\/i0.wp.com\/passporterapp.com\/es\/blog\/wp-content\/uploads\/2021\/02\/playa-de-san-antonio.jpg?resize=199%2C300&amp;ssl=1 199w, https:\/\/i0.wp.com\/passporterapp.com\/es\/blog\/wp-content\/uploads\/2021\/02\/playa-de-san-antonio.jpg?resize=768%2C1156&amp;ssl=1 768w, https:\/\/i0.wp.com\/passporterapp.com\/es\/blog\/wp-content\/uploads\/2021\/02\/playa-de-san-antonio.jpg?resize=1020%2C1536&amp;ssl=1 1020w, https:\/\/i0.wp.com\/passporterapp.com\/es\/blog\/wp-content\/uploads\/2021\/02\/playa-de-san-antonio.jpg?w=1080&amp;ssl=1 1080w\" sizes=\"auto, (max-width: 680px) 100vw, 680px\" \/><\/figure>\n\n\n\n<figure class=\"wp-block-image size-large\"><img data-recalc-dims=\"1\" loading=\"lazy\" decoding=\"async\" width=\"861\" height=\"1024\" data-id=\"11488\" src=\"https:\/\/i0.wp.com\/passporterapp.com\/es\/blog\/wp-content\/uploads\/2021\/02\/playa-de-san-antonio-cullera-861x1024.jpg?resize=861%2C1024&#038;ssl=1\" alt=\"\" class=\"wp-image-11488\" srcset=\"https:\/\/i0.wp.com\/passporterapp.com\/es\/blog\/wp-content\/uploads\/2021\/02\/playa-de-san-antonio-cullera.jpg?resize=861%2C1024&amp;ssl=1 861w, https:\/\/i0.wp.com\/passporterapp.com\/es\/blog\/wp-content\/uploads\/2021\/02\/playa-de-san-antonio-cullera.jpg?resize=252%2C300&amp;ssl=1 252w, https:\/\/i0.wp.com\/passporterapp.com\/es\/blog\/wp-content\/uploads\/2021\/02\/playa-de-san-antonio-cullera.jpg?resize=768%2C913&amp;ssl=1 768w, https:\/\/i0.wp.com\/passporterapp.com\/es\/blog\/wp-content\/uploads\/2021\/02\/playa-de-san-antonio-cullera.jpg?w=1080&amp;ssl=1 1080w\" sizes=\"auto, (max-width: 861px) 100vw, 861px\" \/><\/figure>\n<figcaption class=\"blocks-gallery-caption wp-element-caption\">Playa el Dosel &#8211; Fuente: @bananacorner<\/figcaption><\/figure>\n\n\n\n<h3 class=\"wp-block-heading\" id=\"h-1-playa-de-san-antonio\"><span class=\"ez-toc-section\" id=\"1-Playa-de-San-Antonio\"><\/span>1. Playa de San Antonio<span class=\"ez-toc-section-end\"><\/span><\/h3>\n\n\n\n<p>Probablemente la imagen m\u00e1s representativa de Cullera y uno de sus mayores atractivos. La playa de San Antonio <strong>cuenta con una gran extensi\u00f3n de arena<\/strong>, la cual te permitir\u00e1 disfrutar de un d\u00eda de playa as\u00ed como jugar distintos deportes, esta es una de las playas m\u00e1s llamativas para los viajeros y locales. <strong>Suele estar bastante concurrida en \u00e9poca de verano<\/strong>. Esta playa cuenta con torres de socorristas y todas los servicios necesarios para mantenerte a salvo. <\/p>\n\n\n\n<h3 class=\"wp-block-heading\" id=\"h-2-playa-de-l-estany\"><span class=\"ez-toc-section\" id=\"2-Playa-de-LEstany\"><\/span>2. Playa de L&#8217;Estany<span class=\"ez-toc-section-end\"><\/span><\/h3>\n\n\n\n<p><strong>Si buscas una playa un poco m\u00e1s peque\u00f1a y personal, esta playa es la indicada para ti<\/strong>. Se encuentra <strong>ubicada en la parte norte de la Laguna<\/strong> del Estany, en la cual podr\u00e1s disfrutar de una tranquilidad sin precedentes, dise\u00f1adas principalmente para disfrutar de la familia con aguas limpias y arena fina.<\/p>\n\n\n<div class=\"wp-block-image\">\n<figure class=\"aligncenter size-large is-resized\"><img data-recalc-dims=\"1\" loading=\"lazy\" decoding=\"async\" src=\"https:\/\/i0.wp.com\/passporterapp.com\/es\/blog\/wp-content\/uploads\/2021\/02\/playa-tavernes-cullera.jpg?resize=818%2C543&#038;ssl=1\" alt=\"que ver playa taverne en cullera\" class=\"wp-image-11493\" width=\"818\" height=\"543\" srcset=\"https:\/\/i0.wp.com\/passporterapp.com\/es\/blog\/wp-content\/uploads\/2021\/02\/playa-tavernes-cullera.jpg?w=690&amp;ssl=1 690w, https:\/\/i0.wp.com\/passporterapp.com\/es\/blog\/wp-content\/uploads\/2021\/02\/playa-tavernes-cullera.jpg?resize=300%2C200&amp;ssl=1 300w\" sizes=\"auto, (max-width: 818px) 100vw, 818px\" \/><figcaption class=\"wp-element-caption\">Playa en Cullera &#8211; Fuente: @bananacorner<\/figcaption><\/figure>\n<\/div>\n\n\n<h2 class=\"wp-block-heading\" id=\"h-qu-ver-en-cullera-con-ni-os\"><span class=\"ez-toc-section\" id=\"%C2%BFQue-ver-en-Cullera-con-ninos\"><\/span>\u00bfQu\u00e9 ver en Cullera con ni\u00f1os?<span class=\"ez-toc-section-end\"><\/span><\/h2>\n\n\n\n<p>Los m\u00e1s peque\u00f1os de la casa no van a tener excusa para no divertirse en los innumerables lugares que Cullera tiene para ellos. Con una gran variedad de parques, museos de chocolates e incluso bibliotecas, este municipio tiene todo para entretener a tus hijos.<\/p>\n\n\n\n<h3 class=\"wp-block-heading\" id=\"h-1-museo-cueva-de-dragut\"><span class=\"ez-toc-section\" id=\"1-Museo-Cueva-de-Dragut\"><\/span>1. Museo Cueva de Dragut<span class=\"ez-toc-section-end\"><\/span><\/h3>\n\n\n\n<figure class=\"wp-block-gallery has-nested-images columns-default is-cropped wp-block-gallery-6 is-layout-flex wp-block-gallery-is-layout-flex\">\n<figure class=\"wp-block-image size-large\"><img data-recalc-dims=\"1\" loading=\"lazy\" decoding=\"async\" width=\"683\" height=\"1024\" data-id=\"30500\" src=\"https:\/\/i0.wp.com\/passporterapp.com\/es\/blog\/wp-content\/uploads\/2021\/07\/museo-cueva-pirata-dragut-cullera-espana-683x1024.jpeg?resize=683%2C1024&#038;ssl=1\" alt=\"\" class=\"wp-image-30500\" srcset=\"https:\/\/i0.wp.com\/passporterapp.com\/es\/blog\/wp-content\/uploads\/2021\/07\/museo-cueva-pirata-dragut-cullera-espana.jpeg?resize=683%2C1024&amp;ssl=1 683w, https:\/\/i0.wp.com\/passporterapp.com\/es\/blog\/wp-content\/uploads\/2021\/07\/museo-cueva-pirata-dragut-cullera-espana.jpeg?resize=200%2C300&amp;ssl=1 200w, https:\/\/i0.wp.com\/passporterapp.com\/es\/blog\/wp-content\/uploads\/2021\/07\/museo-cueva-pirata-dragut-cullera-espana.jpeg?w=720&amp;ssl=1 720w\" sizes=\"auto, (max-width: 683px) 100vw, 683px\" \/><\/figure>\n\n\n\n<figure class=\"wp-block-image size-large\"><img data-recalc-dims=\"1\" loading=\"lazy\" decoding=\"async\" width=\"683\" height=\"1024\" data-id=\"30502\" src=\"https:\/\/i0.wp.com\/passporterapp.com\/es\/blog\/wp-content\/uploads\/2021\/07\/museo-cueva-pirata-dragut-cullera-683x1024.jpeg?resize=683%2C1024&#038;ssl=1\" alt=\"\" class=\"wp-image-30502\" srcset=\"https:\/\/i0.wp.com\/passporterapp.com\/es\/blog\/wp-content\/uploads\/2021\/07\/museo-cueva-pirata-dragut-cullera.jpeg?resize=683%2C1024&amp;ssl=1 683w, https:\/\/i0.wp.com\/passporterapp.com\/es\/blog\/wp-content\/uploads\/2021\/07\/museo-cueva-pirata-dragut-cullera.jpeg?resize=200%2C300&amp;ssl=1 200w, https:\/\/i0.wp.com\/passporterapp.com\/es\/blog\/wp-content\/uploads\/2021\/07\/museo-cueva-pirata-dragut-cullera.jpeg?w=720&amp;ssl=1 720w\" sizes=\"auto, (max-width: 683px) 100vw, 683px\" \/><\/figure>\n\n\n\n<figure class=\"wp-block-image size-large\"><img data-recalc-dims=\"1\" loading=\"lazy\" decoding=\"async\" width=\"683\" height=\"1024\" data-id=\"30503\" src=\"https:\/\/i0.wp.com\/passporterapp.com\/es\/blog\/wp-content\/uploads\/2021\/07\/museo-dragut-cullera-683x1024.jpeg?resize=683%2C1024&#038;ssl=1\" alt=\"\" class=\"wp-image-30503\" srcset=\"https:\/\/i0.wp.com\/passporterapp.com\/es\/blog\/wp-content\/uploads\/2021\/07\/museo-dragut-cullera.jpeg?resize=683%2C1024&amp;ssl=1 683w, https:\/\/i0.wp.com\/passporterapp.com\/es\/blog\/wp-content\/uploads\/2021\/07\/museo-dragut-cullera.jpeg?resize=200%2C300&amp;ssl=1 200w, https:\/\/i0.wp.com\/passporterapp.com\/es\/blog\/wp-content\/uploads\/2021\/07\/museo-dragut-cullera.jpeg?w=720&amp;ssl=1 720w\" sizes=\"auto, (max-width: 683px) 100vw, 683px\" \/><\/figure>\n<figcaption class=\"blocks-gallery-caption wp-element-caption\">Museo Cueva de Dragut en Cullera @jorgecervera__<\/figcaption><\/figure>\n\n\n\n<p>Aprovecha este <a href=\"https:\/\/passporterapp.com\/es\/spots\/7fcb8f05-b549-4066-a641-bed9afd74a9e?ref=blogpassporter&amp;utm_source=blog&amp;utm_medium=que-ver-cullera&amp;utm_term=museo-pirata-dragut\" target=\"_blank\" rel=\"noreferrer noopener\">maravilloso museo<\/a> para que los peque\u00f1os conozcan la historia de Cullera, ya que no hay mejor plan que disfrutar con los peques e interactuar con las <strong>distintas exposiciones acerca de los&nbsp;ataques y saqueos de los piratas<\/strong> <strong>turcos y berberiscos.<\/strong><\/p>\n\n\n\n<p><strong>Este museo se encuentra en una cueva<\/strong> que resulta simb\u00f3lica debido a que ah\u00ed se realiz\u00f3 el intercambio de rehenes por las riquezas&nbsp;de los rescates de las personas secuestradas por los piratas. Interesante \u00bfno crees?<\/p>\n\n\n\n<p>Adem\u00e1s, tienen una sala que cuenta con los avances de los sistemas de navegaci\u00f3n de aquella \u00e9poca<strong>,<\/strong> que les encantar\u00e1 a tus ni\u00f1os. <strong>A las afueras de este museo podr\u00e1s apreciar una vista incre\u00edble del<\/strong> <strong>mar<\/strong>, disfrutando de las frescas brisas provenientes de este. &nbsp;<\/p>\n\n\n\n<h3 class=\"wp-block-heading\" id=\"h-2-aquopolis-cullera\"><span class=\"ez-toc-section\" id=\"2-Aquopolis-Cullera\"><\/span>2. Aquopolis Cullera<span class=\"ez-toc-section-end\"><\/span><\/h3>\n\n\n\n<p>En tu escapada a Cullera ven a ver este incre\u00edble parque acu\u00e1tico, que os ofrecer\u00e1 momentos inolvidables. <strong>Aqu\u00ed puedes disfrutar de las distintas actividades acu\u00e1ticas<\/strong>, desde deslizarte por los toboganes, nadar en piscina con simulaci\u00f3n de olas que te transportar\u00e1n a la playa, hasta disfrutar de un hidromasaje en un jacuzzi para los m\u00e1s peques. <strong>Resultar\u00e1 el plan perfecto para visitarlo en temporadas de calor.<\/strong><\/p>\n\n\n\n<h3 class=\"wp-block-heading\" id=\"h-3-biblioteca-municipal-de-cullera\"><span class=\"ez-toc-section\" id=\"3-Biblioteca-Municipal-de-Cullera\"><\/span>3. Biblioteca Municipal de Cullera<span class=\"ez-toc-section-end\"><\/span><\/h3>\n\n\n\n<p>Esta impresionante biblioteca mantiene un ritmo din\u00e1mico que no permitir\u00e1 que te aburras, ya que <strong>cuenta con una programaci\u00f3n bastante extensa de actividades<\/strong>, en las cuales, los ni\u00f1os, pueden aprender de diversos temas y procurando siempre, la fomentaci\u00f3n de la lectura.<\/p>\n\n\n\n<h2 class=\"wp-block-heading\" id=\"h-cu-l-es-la-mejor-poca-para-viajar-a-cullera\"><span class=\"ez-toc-section\" id=\"%C2%BFCual-es-la-mejor-epoca-para-viajar-a-Cullera\"><\/span>\u00bfCu\u00e1l es la mejor \u00e9poca para viajar a Cullera?<span class=\"ez-toc-section-end\"><\/span><\/h2>\n\n\n\n<p>Una de las variantes a tener en cuenta es el clima; donde en promedio, el a\u00f1o en Cullera suele ser c\u00e1lido y fresco. Los veranos son c\u00e1lidos, alcanzando una temperatura entre 30\u00b0 C a 32\u00b0C. Mientras, que los inviernos son largos y fr\u00edos con temperatura entre 3\u00b0C a 7\u00b0C. Por tanto, <strong>la mejor \u00e9poca para viajar a Cullera y disfrutar de sus atractivos sin limitaci\u00f3n alguna es en los meses entre mayo y septiembre.<\/strong> <\/p>\n\n\n\n<figure class=\"wp-block-gallery has-nested-images columns-default is-cropped aligncenter wp-block-gallery-7 is-layout-flex wp-block-gallery-is-layout-flex\">\n<figure class=\"wp-block-image size-large\"><img data-recalc-dims=\"1\" loading=\"lazy\" decoding=\"async\" width=\"683\" height=\"1024\" data-id=\"11484\" src=\"https:\/\/i0.wp.com\/passporterapp.com\/es\/blog\/wp-content\/uploads\/2021\/02\/cullera-museo-cueva-dragut-683x1024.jpg?resize=683%2C1024&#038;ssl=1\" alt=\"\" class=\"wp-image-11484\" srcset=\"https:\/\/i0.wp.com\/passporterapp.com\/es\/blog\/wp-content\/uploads\/2021\/02\/cullera-museo-cueva-dragut.jpg?resize=683%2C1024&amp;ssl=1 683w, https:\/\/i0.wp.com\/passporterapp.com\/es\/blog\/wp-content\/uploads\/2021\/02\/cullera-museo-cueva-dragut.jpg?resize=200%2C300&amp;ssl=1 200w, https:\/\/i0.wp.com\/passporterapp.com\/es\/blog\/wp-content\/uploads\/2021\/02\/cullera-museo-cueva-dragut.jpg?resize=768%2C1152&amp;ssl=1 768w, https:\/\/i0.wp.com\/passporterapp.com\/es\/blog\/wp-content\/uploads\/2021\/02\/cullera-museo-cueva-dragut.jpg?resize=1024%2C1536&amp;ssl=1 1024w, https:\/\/i0.wp.com\/passporterapp.com\/es\/blog\/wp-content\/uploads\/2021\/02\/cullera-museo-cueva-dragut.jpg?w=1080&amp;ssl=1 1080w\" sizes=\"auto, (max-width: 683px) 100vw, 683px\" \/><\/figure>\n\n\n\n<figure class=\"wp-block-image size-large\"><img data-recalc-dims=\"1\" loading=\"lazy\" decoding=\"async\" width=\"683\" height=\"1024\" data-id=\"11485\" src=\"https:\/\/i0.wp.com\/passporterapp.com\/es\/blog\/wp-content\/uploads\/2021\/02\/museo-cueva-dragut-cullera-683x1024.jpg?resize=683%2C1024&#038;ssl=1\" alt=\"\" class=\"wp-image-11485\" srcset=\"https:\/\/i0.wp.com\/passporterapp.com\/es\/blog\/wp-content\/uploads\/2021\/02\/museo-cueva-dragut-cullera.jpg?resize=683%2C1024&amp;ssl=1 683w, https:\/\/i0.wp.com\/passporterapp.com\/es\/blog\/wp-content\/uploads\/2021\/02\/museo-cueva-dragut-cullera.jpg?resize=200%2C300&amp;ssl=1 200w, https:\/\/i0.wp.com\/passporterapp.com\/es\/blog\/wp-content\/uploads\/2021\/02\/museo-cueva-dragut-cullera.jpg?resize=768%2C1152&amp;ssl=1 768w, https:\/\/i0.wp.com\/passporterapp.com\/es\/blog\/wp-content\/uploads\/2021\/02\/museo-cueva-dragut-cullera.jpg?resize=1024%2C1536&amp;ssl=1 1024w, https:\/\/i0.wp.com\/passporterapp.com\/es\/blog\/wp-content\/uploads\/2021\/02\/museo-cueva-dragut-cullera.jpg?w=1080&amp;ssl=1 1080w\" sizes=\"auto, (max-width: 683px) 100vw, 683px\" \/><\/figure>\n<figcaption class=\"blocks-gallery-caption wp-element-caption\">Alrededores del Museo Cueva de Dragut &#8211; Fuente: @bytarner<\/figcaption><\/figure>\n\n\n\n<h2 class=\"wp-block-heading\"><span class=\"ez-toc-section\" id=\"Mapa-de-viaje-a-Cullera\"><\/span>Mapa de viaje a Cullera<span class=\"ez-toc-section-end\"><\/span><\/h2>\n\n\n\n<p>Ac\u00e1 te dejamos nuestro mapa con los lugares que recomendamos visitar en Cullera para que organices tu viaje f\u00e1cil y r\u00e1pido. Puedes tambi\u00e9n agregar documentos importantes como t\u00edquets de viaje, reservas de hotel e incluso invitar a tus amigos a formar parte de la organizaci\u00f3n del itinerario.&nbsp;<strong>Utilizar Passporter no tiene ning\u00fan coste y te ayudar\u00e1 a viajar de forma m\u00e1s organizada.<\/strong>&nbsp;Tienes la opci\u00f3n de&nbsp;<a href=\"https:\/\/passporterapp.com\/es\/auth\/signup?&amp;ref=blogpassporter&amp;utm_source=blog&amp;utm_medium=que-ver-cullera&amp;utm_term=registro-web\" target=\"_blank\" rel=\"noreferrer noopener\">registrarte en la web<\/a>&nbsp;o&nbsp;<a href=\"https:\/\/passporterapp.com\/download\/?ref=blogpassporter&amp;utm_source=blog&amp;utm_medium=que-ver-en-cullera&amp;utm_term=descargar-app\" target=\"_blank\" rel=\"noreferrer noopener\">descargar la app<\/a>&nbsp;para que lleves todo centralizado y en el bolsillo<\/p>\n\n\n\n<p><iframe loading=\"lazy\" width=\"100%\" height=\"400\" style=\"border: 0\" src=\"https:\/\/passporterapp.com\/frame\/itineraries\/ae0cb3d1-c2fe-4566-8742-09a141695bf1?ref=blogpassporter8&amp;utm_source=blog&amp;utm_medium=que-ver-cullera&amp;utm_term=mapita\"><\/p>\n<p><\/iframe><\/p>\n\n\n\n<h2 class=\"wp-block-heading\" id=\"h-itinerario-para-tu-viaje-a-cullera\"><span class=\"ez-toc-section\" id=\"Itinerario-para-tu-viaje-a-Cullera\"><\/span>Itinerario para tu viaje a Cullera<span class=\"ez-toc-section-end\"><\/span><\/h2>\n\n\n\n<p>Ten en cuenta las siguientes rutas para tu viaje a Cullera para poder recorrer los distintos rincones de este municipio. Es por eso, que a continuaci\u00f3n, encontrar\u00e1s los lugares concurridos para ver en Cullera de acuerdo a la duraci\u00f3n de tu estancia. <\/p>\n\n\n\n<h3 class=\"wp-block-heading\" id=\"h-qu-ver-en-cullera-en-1-d-a\"><span class=\"ez-toc-section\" id=\"%C2%BFQue-ver-en-Cullera-en-1-dia\"><\/span>\u00bfQu\u00e9 ver en Cullera en 1 d\u00eda? <span class=\"ez-toc-section-end\"><\/span><\/h3>\n\n\n\n<ul class=\"wp-block-list\">\n<li>Castillo de Cullera<\/li>\n\n\n\n<li>Torre de Santa Ana<\/li>\n\n\n\n<li>Santuario de la Virgen del Castillo de Cullera<\/li>\n\n\n\n<li>Faro de Cullera<\/li>\n\n\n\n<li>Mercado de Cullera<\/li>\n\n\n\n<li>Museo Cueva de Dragut<\/li>\n<\/ul>\n\n\n\n<h3 class=\"wp-block-heading\" id=\"h-qu-ver-en-cullera-en-2-d-a\"><span class=\"ez-toc-section\" id=\"%C2%BFQue-ver-en-Cullera-en-2-dia\"><\/span><strong>\u00bfQu\u00e9 ver en Cullera en 2 d\u00eda?<\/strong><span class=\"ez-toc-section-end\"><\/span><\/h3>\n\n\n\n<ul class=\"wp-block-list\">\n<li>Ayuntamiento de Cullera<\/li>\n\n\n\n<li>Biblioteca de Cullera<\/li>\n\n\n\n<li>Parroquia de Santos Juanes<\/li>\n\n\n\n<li>Torre de Marenyet<\/li>\n\n\n\n<li>Senda de la Lloma<\/li>\n\n\n\n<li>Monta\u00f1a de Cullera<\/li>\n\n\n\n<li>Aquopolis Cullera<\/li>\n\n\n\n<li>Playa de L\u2019Estany<\/li>\n<\/ul>\n\n\n\n<h3 class=\"wp-block-heading\" id=\"h-qu-ver-en-cullera-en-3-d-as\"><span class=\"ez-toc-section\" id=\"%C2%BFQue-ver-en-Cullera-en-3-dias\"><\/span>\u00bfQu\u00e9 ver en Cullera en 3 d\u00edas?<span class=\"ez-toc-section-end\"><\/span><\/h3>\n\n\n\n<ul class=\"wp-block-list\">\n<li>Refugio Museo de la Guerra Civil<\/li>\n\n\n\n<li>R\u00edo J\u00facar<\/li>\n\n\n\n<li>Lago del Estany<\/li>\n\n\n\n<li>Playa de San Antonio<\/li>\n\n\n\n<li>Pinturas Rupestres Abric Lambert<\/li>\n\n\n\n<li>Playa de Tavernes de la Valldigna<\/li>\n<\/ul>\n\n\n\n<h2 class=\"wp-block-heading\" id=\"h-c-mo-planificar-tu-itinerario-de-los-lugares-que-quieres-ver-en-cullera\"><span class=\"ez-toc-section\" id=\"%C2%BFComo-planificar-tu-itinerario-de-los-lugares-que-quieres-ver-en-Cullera\"><\/span>\u00bfC\u00f3mo planificar tu itinerario de los lugares que quieres ver en Cullera?<span class=\"ez-toc-section-end\"><\/span><\/h2>\n\n\n\n<p>Reg\u00edstrate o descarga la app de&nbsp;Passporter&nbsp;y planifica tu viaje de la forma m\u00e1s&nbsp;organizada&nbsp;y seg\u00fan los d\u00edas y lugares que quieras ver en Cullera.&nbsp;<\/p>\n\n\n\n<p>Con Passporter podr\u00e1s:<\/p>\n\n\n\n<ul class=\"wp-block-list\">\n<li>Inspirarte en las experiencias de otros viajeros.&nbsp;<\/li>\n\n\n\n<li>Guardar informaci\u00f3n valiosa sobre los destinos que quieres visitar y que has encontrado en internet. S\u00f3lo debes instalarte la extensi\u00f3n de Chrome y guardar todo lo que sea \u00fatil para tu viaje.&nbsp;<\/li>\n\n\n\n<li>Guardar los t\u00edquets y reservas.&nbsp;<\/li>\n\n\n\n<li>Organizar tu ruta en google maps teniendo como punto de partida tu alojamiento o cualquier otro que t\u00fa le indiques.&nbsp;<\/li>\n\n\n\n<li>Conocer la mejor opci\u00f3n de desplazamiento para cada lugar.&nbsp;<\/li>\n\n\n\n<li>Ir guardando y publicando sobre la marcha tus propias fotos y experiencias en cada uno de los lugares, para cuando alguien te pregunte pueda visitar tu perfil de viajero en Passporter.<\/li>\n<\/ul>\n\n\n\n<figure class=\"wp-block-pullquote\"><blockquote><p><em>Si te interesa saber m\u00e1s sobre c\u00f3mo utilizar y sacarle todo el provecho a la app de Passporter, puedes leer nuestro post:&nbsp;<a href=\"https:\/\/passporterapp.com\/es\/blog\/viajes\/planificador-de-itinerario-de-viaje\/\" target=\"_blank\" rel=\"noreferrer noopener\">C\u00f3mo crear un itinerario de viaje en Passporter.<\/a><\/em><\/p><\/blockquote><\/figure>\n\n\n\n<h2 class=\"wp-block-heading\" id=\"h-preguntas-frecuentes-sobre-un-viaje-a-cullera\"><span class=\"ez-toc-section\" id=\"Preguntas-Frecuentes-Sobre-un-viaje-a-Cullera\"><\/span>Preguntas Frecuentes Sobre un viaje a Cullera<span class=\"ez-toc-section-end\"><\/span><\/h2>\n\n\n\n<div class=\"schema-faq wp-block-yoast-faq-block\"><div class=\"schema-faq-section\" id=\"faq-question-1612503498729\"><strong class=\"schema-faq-question\">\u00bfC\u00f3mo llegar a Cullera desde Valencia?<\/strong> <p class=\"schema-faq-answer\">Para llegar a Cullera desde Valencia dispon\u00e9is de varios medios de transporte. Podr\u00e9is llegar en autob\u00fas, desde la estaci\u00f3n de autobuses de Valencia, as\u00ed como en tren cercan\u00edas desde la estaci\u00f3n del norte. Tambi\u00e9n se puede llegar en veh\u00edculo propio por la A-38.<\/p> <\/div> <div class=\"schema-faq-section\" id=\"faq-question-1612503706749\"><strong class=\"schema-faq-question\">\u00bfD\u00f3nde comer en Cullera?<\/strong> <p class=\"schema-faq-answer\">En Cullera encontrar\u00e9is numerosos restaurantes donde comer la cocina local, por ello aqu\u00ed os dejamos una selecci\u00f3n de los 5 restaurantes mejor valorados donde comer en Cullera.<br\/>&#8211; \u00a0El Rincon del Faro<br\/>&#8211; Cafeteria Alcala<br\/>&#8211; Rocher<br\/>&#8211; Tok Tok<br\/>&#8211; Voramar<\/p> <\/div> <div class=\"schema-faq-section\" id=\"faq-question-1612501483056\"><strong class=\"schema-faq-question\">\u00bfD\u00f3nde alojarse en Cullera?<\/strong> <p class=\"schema-faq-answer\">Cullera es uno de los destinos vacacionales por excelencia, por lo que adem\u00e1s de apartamentos de alquiler, encontrar\u00e1s diferentes opciones para disfrutar de su playa y entorno. <br\/>&#8211; Blau Caf\u00e8 i Habitacions <br\/>&#8211; Hotel Cullera Holiday<br\/>&#8211; Hotel Sicaina<br\/>&#8211; Alqueria de Vilches\u00a0<\/p> <\/div> <\/div>\n","protected":false},"excerpt":{"rendered":"<p>Cullera es un municipio de la provincia de Valencia situado a unos 35 minutos en coche de la ciudad. Si en tu viaje por Espa\u00f1a tienes previsto visitar la ciudad de Valencia, aprovecha su cercan\u00eda y recorre los distintos sitios y diversos planes que puedes ver y hacer en Cullera. A continuaci\u00f3n, te mostraremos algunos de los lugares para que disfrutes de la visita a Cullera. Algunos de ellos son museos e incre\u00edbles playas, que sin duda alguna te cautivaran. \u00bfCu\u00e1les son los mejores lugares que ver en Cullera? 1. Recorre el Castillo de Cullera El Castillo de Cullera ubicado en la Colina de la Monta\u00f1a de los Zorros cerca del r\u00edo J\u00facar es uno de los lugares que te recomendamos visitar de este municipio. El precio de la entrada para recorrer todo el interior [&hellip;]<\/p>\n","protected":false},"author":183705623,"featured_media":11490,"comment_status":"open","ping_status":"open","sticky":false,"template":"","format":"standard","meta":{"_coblocks_attr":"","_coblocks_dimensions":"","_coblocks_responsive_height":"","_coblocks_accordion_ie_support":"","content-type":"","jetpack_post_was_ever_published":false,"_jetpack_newsletter_access":"","_jetpack_dont_email_post_to_subs":false,"_jetpack_newsletter_tier_id":0,"_jetpack_memberships_contains_paywalled_content":false,"_jetpack_memberships_contains_paid_content":false,"footnotes":"","jetpack_publicize_message":"","jetpack_publicize_feature_enabled":true,"jetpack_social_post_already_shared":true,"jetpack_social_options":{"image_generator_settings":{"template":"highway","default_image_id":0,"font":"","enabled":false},"version":2}},"categories":[1473],"tags":[1591],"class_list":["post-10561","post","type-post","status-publish","format-standard","has-post-thumbnail","hentry","category-espana","tag-que-ver"],"yoast_head":"<!-- This site is optimized with the Yoast SEO Premium plugin v27.0 (Yoast SEO v27.4) - https:\/\/yoast.com\/product\/yoast-seo-premium-wordpress\/ -->\n<title>\u00bfQu\u00e9 ver y hacer en Cullera Espa\u00f1a? - Passporter Blog<\/title>\n<meta name=\"description\" content=\"En tu viaje por Cullera descubre los sitios m\u00e1s populares que debes ver y organiza tu itinerario de viaje con la app de Passporter.\" \/>\n<meta name=\"robots\" content=\"index, follow, max-snippet:-1, max-image-preview:large, max-video-preview:-1\" \/>\n<link rel=\"canonical\" href=\"https:\/\/passporterapp.com\/es\/blog\/espana\/que-ver-en-cullera\/\" \/>\n<meta property=\"og:locale\" content=\"es_ES\" \/>\n<meta property=\"og:type\" content=\"article\" \/>\n<meta property=\"og:title\" content=\"\u00bfQu\u00e9 ver y hacer en Cullera Espa\u00f1a?\" \/>\n<meta property=\"og:description\" content=\"En tu viaje por Cullera descubre los sitios m\u00e1s populares que debes ver y organiza tu itinerario de viaje con la app de Passporter.\" \/>\n<meta property=\"og:url\" content=\"https:\/\/passporterapp.com\/es\/blog\/espana\/que-ver-en-cullera\/\" \/>\n<meta property=\"og:site_name\" content=\"Passporter Blog\" \/>\n<meta property=\"article:published_time\" content=\"2021-02-09T13:25:35+00:00\" \/>\n<meta property=\"article:modified_time\" content=\"2024-04-18T15:55:01+00:00\" \/>\n<meta property=\"og:image\" content=\"https:\/\/passporterapp.com\/es\/blog\/wp-content\/uploads\/2021\/02\/que-ver-cullera.jpg\" \/>\n\t<meta property=\"og:image:width\" content=\"1071\" \/>\n\t<meta property=\"og:image:height\" content=\"1092\" \/>\n\t<meta property=\"og:image:type\" content=\"image\/jpeg\" \/>\n<meta name=\"author\" content=\"tatianarojasp\" \/>\n<meta name=\"twitter:card\" content=\"summary_large_image\" \/>\n<meta name=\"twitter:label1\" content=\"Escrito por\" \/>\n\t<meta name=\"twitter:data1\" content=\"tatianarojasp\" \/>\n\t<meta name=\"twitter:label2\" content=\"Tiempo de lectura\" \/>\n\t<meta name=\"twitter:data2\" content=\"16 minutos\" \/>\n<script type=\"application\/ld+json\" class=\"yoast-schema-graph\">{\"@context\":\"https:\\\/\\\/schema.org\",\"@graph\":[{\"@type\":\"Article\",\"@id\":\"https:\\\/\\\/passporterapp.com\\\/es\\\/blog\\\/espana\\\/que-ver-en-cullera\\\/#article\",\"isPartOf\":{\"@id\":\"https:\\\/\\\/passporterapp.com\\\/es\\\/blog\\\/espana\\\/que-ver-en-cullera\\\/\"},\"author\":{\"name\":\"tatianarojasp\",\"@id\":\"https:\\\/\\\/passporterapp.com\\\/es\\\/blog\\\/#\\\/schema\\\/person\\\/307dd663982cb8449a8a79225ff7bc27\"},\"headline\":\"\u00bfQu\u00e9 ver y hacer en Cullera Espa\u00f1a?\",\"datePublished\":\"2021-02-09T13:25:35+00:00\",\"dateModified\":\"2024-04-18T15:55:01+00:00\",\"mainEntityOfPage\":{\"@id\":\"https:\\\/\\\/passporterapp.com\\\/es\\\/blog\\\/espana\\\/que-ver-en-cullera\\\/\"},\"wordCount\":2739,\"commentCount\":0,\"image\":{\"@id\":\"https:\\\/\\\/passporterapp.com\\\/es\\\/blog\\\/espana\\\/que-ver-en-cullera\\\/#primaryimage\"},\"thumbnailUrl\":\"https:\\\/\\\/i0.wp.com\\\/passporterapp.com\\\/es\\\/blog\\\/wp-content\\\/uploads\\\/2021\\\/02\\\/que-ver-cullera.jpg?fit=1071%2C1092&ssl=1\",\"keywords\":[\"Que ver\"],\"articleSection\":[\"Espa\u00f1a\"],\"inLanguage\":\"es\",\"potentialAction\":[{\"@type\":\"CommentAction\",\"name\":\"Comment\",\"target\":[\"https:\\\/\\\/passporterapp.com\\\/es\\\/blog\\\/espana\\\/que-ver-en-cullera\\\/#respond\"]}]},{\"@type\":[\"WebPage\",\"FAQPage\"],\"@id\":\"https:\\\/\\\/passporterapp.com\\\/es\\\/blog\\\/espana\\\/que-ver-en-cullera\\\/\",\"url\":\"https:\\\/\\\/passporterapp.com\\\/es\\\/blog\\\/espana\\\/que-ver-en-cullera\\\/\",\"name\":\"\u00bfQu\u00e9 ver y hacer en Cullera Espa\u00f1a? - Passporter Blog\",\"isPartOf\":{\"@id\":\"https:\\\/\\\/passporterapp.com\\\/es\\\/blog\\\/#website\"},\"primaryImageOfPage\":{\"@id\":\"https:\\\/\\\/passporterapp.com\\\/es\\\/blog\\\/espana\\\/que-ver-en-cullera\\\/#primaryimage\"},\"image\":{\"@id\":\"https:\\\/\\\/passporterapp.com\\\/es\\\/blog\\\/espana\\\/que-ver-en-cullera\\\/#primaryimage\"},\"thumbnailUrl\":\"https:\\\/\\\/i0.wp.com\\\/passporterapp.com\\\/es\\\/blog\\\/wp-content\\\/uploads\\\/2021\\\/02\\\/que-ver-cullera.jpg?fit=1071%2C1092&ssl=1\",\"datePublished\":\"2021-02-09T13:25:35+00:00\",\"dateModified\":\"2024-04-18T15:55:01+00:00\",\"author\":{\"@id\":\"https:\\\/\\\/passporterapp.com\\\/es\\\/blog\\\/#\\\/schema\\\/person\\\/307dd663982cb8449a8a79225ff7bc27\"},\"description\":\"En tu viaje por Cullera descubre los sitios m\u00e1s populares que debes ver y organiza tu itinerario de viaje con la app de Passporter.\",\"breadcrumb\":{\"@id\":\"https:\\\/\\\/passporterapp.com\\\/es\\\/blog\\\/espana\\\/que-ver-en-cullera\\\/#breadcrumb\"},\"mainEntity\":[{\"@id\":\"https:\\\/\\\/passporterapp.com\\\/es\\\/blog\\\/espana\\\/que-ver-en-cullera\\\/#faq-question-1612503498729\"},{\"@id\":\"https:\\\/\\\/passporterapp.com\\\/es\\\/blog\\\/espana\\\/que-ver-en-cullera\\\/#faq-question-1612503706749\"},{\"@id\":\"https:\\\/\\\/passporterapp.com\\\/es\\\/blog\\\/espana\\\/que-ver-en-cullera\\\/#faq-question-1612501483056\"}],\"inLanguage\":\"es\",\"potentialAction\":[{\"@type\":\"ReadAction\",\"target\":[\"https:\\\/\\\/passporterapp.com\\\/es\\\/blog\\\/espana\\\/que-ver-en-cullera\\\/\"]}]},{\"@type\":\"ImageObject\",\"inLanguage\":\"es\",\"@id\":\"https:\\\/\\\/passporterapp.com\\\/es\\\/blog\\\/espana\\\/que-ver-en-cullera\\\/#primaryimage\",\"url\":\"https:\\\/\\\/i0.wp.com\\\/passporterapp.com\\\/es\\\/blog\\\/wp-content\\\/uploads\\\/2021\\\/02\\\/que-ver-cullera.jpg?fit=1071%2C1092&ssl=1\",\"contentUrl\":\"https:\\\/\\\/i0.wp.com\\\/passporterapp.com\\\/es\\\/blog\\\/wp-content\\\/uploads\\\/2021\\\/02\\\/que-ver-cullera.jpg?fit=1071%2C1092&ssl=1\",\"width\":1071,\"height\":1092,\"caption\":\"que ver cullera\"},{\"@type\":\"BreadcrumbList\",\"@id\":\"https:\\\/\\\/passporterapp.com\\\/es\\\/blog\\\/espana\\\/que-ver-en-cullera\\\/#breadcrumb\",\"itemListElement\":[{\"@type\":\"ListItem\",\"position\":1,\"name\":\"Home\",\"item\":\"https:\\\/\\\/passporterapp.com\\\/es\\\/blog\\\/\"},{\"@type\":\"ListItem\",\"position\":2,\"name\":\"\u00bfQu\u00e9 ver y hacer en Cullera Espa\u00f1a?\"}]},{\"@type\":\"WebSite\",\"@id\":\"https:\\\/\\\/passporterapp.com\\\/es\\\/blog\\\/#website\",\"url\":\"https:\\\/\\\/passporterapp.com\\\/es\\\/blog\\\/\",\"name\":\"Passporter Blog\",\"description\":\"Passporter Blog\",\"potentialAction\":[{\"@type\":\"SearchAction\",\"target\":{\"@type\":\"EntryPoint\",\"urlTemplate\":\"https:\\\/\\\/passporterapp.com\\\/es\\\/blog\\\/?s={search_term_string}\"},\"query-input\":{\"@type\":\"PropertyValueSpecification\",\"valueRequired\":true,\"valueName\":\"search_term_string\"}}],\"inLanguage\":\"es\"},{\"@type\":\"Person\",\"@id\":\"https:\\\/\\\/passporterapp.com\\\/es\\\/blog\\\/#\\\/schema\\\/person\\\/307dd663982cb8449a8a79225ff7bc27\",\"name\":\"tatianarojasp\",\"image\":{\"@type\":\"ImageObject\",\"inLanguage\":\"es\",\"@id\":\"https:\\\/\\\/secure.gravatar.com\\\/avatar\\\/b832b15d5042a84e6843b351bfab64a6a270ec7d4dd5a1a711ea513057ffdcaf?s=96&d=identicon&r=g\",\"url\":\"https:\\\/\\\/secure.gravatar.com\\\/avatar\\\/b832b15d5042a84e6843b351bfab64a6a270ec7d4dd5a1a711ea513057ffdcaf?s=96&d=identicon&r=g\",\"contentUrl\":\"https:\\\/\\\/secure.gravatar.com\\\/avatar\\\/b832b15d5042a84e6843b351bfab64a6a270ec7d4dd5a1a711ea513057ffdcaf?s=96&d=identicon&r=g\",\"caption\":\"tatianarojasp\"},\"sameAs\":[\"janeth@passporterapp.com\"],\"url\":\"https:\\\/\\\/passporterapp.com\\\/es\\\/blog\\\/author\\\/tatianarojasp\\\/\"},{\"@type\":\"Question\",\"@id\":\"https:\\\/\\\/passporterapp.com\\\/es\\\/blog\\\/espana\\\/que-ver-en-cullera\\\/#faq-question-1612503498729\",\"position\":1,\"url\":\"https:\\\/\\\/passporterapp.com\\\/es\\\/blog\\\/espana\\\/que-ver-en-cullera\\\/#faq-question-1612503498729\",\"name\":\"\u00bfC\u00f3mo llegar a Cullera desde Valencia?\",\"answerCount\":1,\"acceptedAnswer\":{\"@type\":\"Answer\",\"text\":\"Para llegar a Cullera desde Valencia dispon\u00e9is de varios medios de transporte. Podr\u00e9is llegar en autob\u00fas, desde la estaci\u00f3n de autobuses de Valencia, as\u00ed como en tren cercan\u00edas desde la estaci\u00f3n del norte. Tambi\u00e9n se puede llegar en veh\u00edculo propio por la A-38.\",\"inLanguage\":\"es\"},\"inLanguage\":\"es\"},{\"@type\":\"Question\",\"@id\":\"https:\\\/\\\/passporterapp.com\\\/es\\\/blog\\\/espana\\\/que-ver-en-cullera\\\/#faq-question-1612503706749\",\"position\":2,\"url\":\"https:\\\/\\\/passporterapp.com\\\/es\\\/blog\\\/espana\\\/que-ver-en-cullera\\\/#faq-question-1612503706749\",\"name\":\"\u00bfD\u00f3nde comer en Cullera?\",\"answerCount\":1,\"acceptedAnswer\":{\"@type\":\"Answer\",\"text\":\"En Cullera encontrar\u00e9is numerosos restaurantes donde comer la cocina local, por ello aqu\u00ed os dejamos una selecci\u00f3n de los 5 restaurantes mejor valorados donde comer en Cullera.<br\\\/>- \u00a0El Rincon del Faro<br\\\/>- Cafeteria Alcala<br\\\/>- Rocher<br\\\/>- Tok Tok<br\\\/>- Voramar\",\"inLanguage\":\"es\"},\"inLanguage\":\"es\"},{\"@type\":\"Question\",\"@id\":\"https:\\\/\\\/passporterapp.com\\\/es\\\/blog\\\/espana\\\/que-ver-en-cullera\\\/#faq-question-1612501483056\",\"position\":3,\"url\":\"https:\\\/\\\/passporterapp.com\\\/es\\\/blog\\\/espana\\\/que-ver-en-cullera\\\/#faq-question-1612501483056\",\"name\":\"\u00bfD\u00f3nde alojarse en Cullera?\",\"answerCount\":1,\"acceptedAnswer\":{\"@type\":\"Answer\",\"text\":\"Cullera es uno de los destinos vacacionales por excelencia, por lo que adem\u00e1s de apartamentos de alquiler, encontrar\u00e1s diferentes opciones para disfrutar de su playa y entorno. <br\\\/>- Blau Caf\u00e8 i Habitacions <br\\\/>- Hotel Cullera Holiday<br\\\/>- Hotel Sicaina<br\\\/>- Alqueria de Vilches\u00a0\",\"inLanguage\":\"es\"},\"inLanguage\":\"es\"}]}<\/script>\n<!-- \/ Yoast SEO Premium plugin. -->","yoast_head_json":{"title":"\u00bfQu\u00e9 ver y hacer en Cullera Espa\u00f1a? - Passporter Blog","description":"En tu viaje por Cullera descubre los sitios m\u00e1s populares que debes ver y organiza tu itinerario de viaje con la app de Passporter.","robots":{"index":"index","follow":"follow","max-snippet":"max-snippet:-1","max-image-preview":"max-image-preview:large","max-video-preview":"max-video-preview:-1"},"canonical":"https:\/\/passporterapp.com\/es\/blog\/espana\/que-ver-en-cullera\/","og_locale":"es_ES","og_type":"article","og_title":"\u00bfQu\u00e9 ver y hacer en Cullera Espa\u00f1a?","og_description":"En tu viaje por Cullera descubre los sitios m\u00e1s populares que debes ver y organiza tu itinerario de viaje con la app de Passporter.","og_url":"https:\/\/passporterapp.com\/es\/blog\/espana\/que-ver-en-cullera\/","og_site_name":"Passporter Blog","article_published_time":"2021-02-09T13:25:35+00:00","article_modified_time":"2024-04-18T15:55:01+00:00","og_image":[{"width":1071,"height":1092,"url":"https:\/\/passporterapp.com\/es\/blog\/wp-content\/uploads\/2021\/02\/que-ver-cullera.jpg","type":"image\/jpeg"}],"author":"tatianarojasp","twitter_card":"summary_large_image","twitter_misc":{"Escrito por":"tatianarojasp","Tiempo de lectura":"16 minutos"},"schema":{"@context":"https:\/\/schema.org","@graph":[{"@type":"Article","@id":"https:\/\/passporterapp.com\/es\/blog\/espana\/que-ver-en-cullera\/#article","isPartOf":{"@id":"https:\/\/passporterapp.com\/es\/blog\/espana\/que-ver-en-cullera\/"},"author":{"name":"tatianarojasp","@id":"https:\/\/passporterapp.com\/es\/blog\/#\/schema\/person\/307dd663982cb8449a8a79225ff7bc27"},"headline":"\u00bfQu\u00e9 ver y hacer en Cullera Espa\u00f1a?","datePublished":"2021-02-09T13:25:35+00:00","dateModified":"2024-04-18T15:55:01+00:00","mainEntityOfPage":{"@id":"https:\/\/passporterapp.com\/es\/blog\/espana\/que-ver-en-cullera\/"},"wordCount":2739,"commentCount":0,"image":{"@id":"https:\/\/passporterapp.com\/es\/blog\/espana\/que-ver-en-cullera\/#primaryimage"},"thumbnailUrl":"https:\/\/i0.wp.com\/passporterapp.com\/es\/blog\/wp-content\/uploads\/2021\/02\/que-ver-cullera.jpg?fit=1071%2C1092&ssl=1","keywords":["Que ver"],"articleSection":["Espa\u00f1a"],"inLanguage":"es","potentialAction":[{"@type":"CommentAction","name":"Comment","target":["https:\/\/passporterapp.com\/es\/blog\/espana\/que-ver-en-cullera\/#respond"]}]},{"@type":["WebPage","FAQPage"],"@id":"https:\/\/passporterapp.com\/es\/blog\/espana\/que-ver-en-cullera\/","url":"https:\/\/passporterapp.com\/es\/blog\/espana\/que-ver-en-cullera\/","name":"\u00bfQu\u00e9 ver y hacer en Cullera Espa\u00f1a? - Passporter Blog","isPartOf":{"@id":"https:\/\/passporterapp.com\/es\/blog\/#website"},"primaryImageOfPage":{"@id":"https:\/\/passporterapp.com\/es\/blog\/espana\/que-ver-en-cullera\/#primaryimage"},"image":{"@id":"https:\/\/passporterapp.com\/es\/blog\/espana\/que-ver-en-cullera\/#primaryimage"},"thumbnailUrl":"https:\/\/i0.wp.com\/passporterapp.com\/es\/blog\/wp-content\/uploads\/2021\/02\/que-ver-cullera.jpg?fit=1071%2C1092&ssl=1","datePublished":"2021-02-09T13:25:35+00:00","dateModified":"2024-04-18T15:55:01+00:00","author":{"@id":"https:\/\/passporterapp.com\/es\/blog\/#\/schema\/person\/307dd663982cb8449a8a79225ff7bc27"},"description":"En tu viaje por Cullera descubre los sitios m\u00e1s populares que debes ver y organiza tu itinerario de viaje con la app de Passporter.","breadcrumb":{"@id":"https:\/\/passporterapp.com\/es\/blog\/espana\/que-ver-en-cullera\/#breadcrumb"},"mainEntity":[{"@id":"https:\/\/passporterapp.com\/es\/blog\/espana\/que-ver-en-cullera\/#faq-question-1612503498729"},{"@id":"https:\/\/passporterapp.com\/es\/blog\/espana\/que-ver-en-cullera\/#faq-question-1612503706749"},{"@id":"https:\/\/passporterapp.com\/es\/blog\/espana\/que-ver-en-cullera\/#faq-question-1612501483056"}],"inLanguage":"es","potentialAction":[{"@type":"ReadAction","target":["https:\/\/passporterapp.com\/es\/blog\/espana\/que-ver-en-cullera\/"]}]},{"@type":"ImageObject","inLanguage":"es","@id":"https:\/\/passporterapp.com\/es\/blog\/espana\/que-ver-en-cullera\/#primaryimage","url":"https:\/\/i0.wp.com\/passporterapp.com\/es\/blog\/wp-content\/uploads\/2021\/02\/que-ver-cullera.jpg?fit=1071%2C1092&ssl=1","contentUrl":"https:\/\/i0.wp.com\/passporterapp.com\/es\/blog\/wp-content\/uploads\/2021\/02\/que-ver-cullera.jpg?fit=1071%2C1092&ssl=1","width":1071,"height":1092,"caption":"que ver cullera"},{"@type":"BreadcrumbList","@id":"https:\/\/passporterapp.com\/es\/blog\/espana\/que-ver-en-cullera\/#breadcrumb","itemListElement":[{"@type":"ListItem","position":1,"name":"Home","item":"https:\/\/passporterapp.com\/es\/blog\/"},{"@type":"ListItem","position":2,"name":"\u00bfQu\u00e9 ver y hacer en Cullera Espa\u00f1a?"}]},{"@type":"WebSite","@id":"https:\/\/passporterapp.com\/es\/blog\/#website","url":"https:\/\/passporterapp.com\/es\/blog\/","name":"Passporter Blog","description":"Passporter Blog","potentialAction":[{"@type":"SearchAction","target":{"@type":"EntryPoint","urlTemplate":"https:\/\/passporterapp.com\/es\/blog\/?s={search_term_string}"},"query-input":{"@type":"PropertyValueSpecification","valueRequired":true,"valueName":"search_term_string"}}],"inLanguage":"es"},{"@type":"Person","@id":"https:\/\/passporterapp.com\/es\/blog\/#\/schema\/person\/307dd663982cb8449a8a79225ff7bc27","name":"tatianarojasp","image":{"@type":"ImageObject","inLanguage":"es","@id":"https:\/\/secure.gravatar.com\/avatar\/b832b15d5042a84e6843b351bfab64a6a270ec7d4dd5a1a711ea513057ffdcaf?s=96&d=identicon&r=g","url":"https:\/\/secure.gravatar.com\/avatar\/b832b15d5042a84e6843b351bfab64a6a270ec7d4dd5a1a711ea513057ffdcaf?s=96&d=identicon&r=g","contentUrl":"https:\/\/secure.gravatar.com\/avatar\/b832b15d5042a84e6843b351bfab64a6a270ec7d4dd5a1a711ea513057ffdcaf?s=96&d=identicon&r=g","caption":"tatianarojasp"},"sameAs":["janeth@passporterapp.com"],"url":"https:\/\/passporterapp.com\/es\/blog\/author\/tatianarojasp\/"},{"@type":"Question","@id":"https:\/\/passporterapp.com\/es\/blog\/espana\/que-ver-en-cullera\/#faq-question-1612503498729","position":1,"url":"https:\/\/passporterapp.com\/es\/blog\/espana\/que-ver-en-cullera\/#faq-question-1612503498729","name":"\u00bfC\u00f3mo llegar a Cullera desde Valencia?","answerCount":1,"acceptedAnswer":{"@type":"Answer","text":"Para llegar a Cullera desde Valencia dispon\u00e9is de varios medios de transporte. Podr\u00e9is llegar en autob\u00fas, desde la estaci\u00f3n de autobuses de Valencia, as\u00ed como en tren cercan\u00edas desde la estaci\u00f3n del norte. Tambi\u00e9n se puede llegar en veh\u00edculo propio por la A-38.","inLanguage":"es"},"inLanguage":"es"},{"@type":"Question","@id":"https:\/\/passporterapp.com\/es\/blog\/espana\/que-ver-en-cullera\/#faq-question-1612503706749","position":2,"url":"https:\/\/passporterapp.com\/es\/blog\/espana\/que-ver-en-cullera\/#faq-question-1612503706749","name":"\u00bfD\u00f3nde comer en Cullera?","answerCount":1,"acceptedAnswer":{"@type":"Answer","text":"En Cullera encontrar\u00e9is numerosos restaurantes donde comer la cocina local, por ello aqu\u00ed os dejamos una selecci\u00f3n de los 5 restaurantes mejor valorados donde comer en Cullera.<br\/>- \u00a0El Rincon del Faro<br\/>- Cafeteria Alcala<br\/>- Rocher<br\/>- Tok Tok<br\/>- Voramar","inLanguage":"es"},"inLanguage":"es"},{"@type":"Question","@id":"https:\/\/passporterapp.com\/es\/blog\/espana\/que-ver-en-cullera\/#faq-question-1612501483056","position":3,"url":"https:\/\/passporterapp.com\/es\/blog\/espana\/que-ver-en-cullera\/#faq-question-1612501483056","name":"\u00bfD\u00f3nde alojarse en Cullera?","answerCount":1,"acceptedAnswer":{"@type":"Answer","text":"Cullera es uno de los destinos vacacionales por excelencia, por lo que adem\u00e1s de apartamentos de alquiler, encontrar\u00e1s diferentes opciones para disfrutar de su playa y entorno. <br\/>- Blau Caf\u00e8 i Habitacions <br\/>- Hotel Cullera Holiday<br\/>- Hotel Sicaina<br\/>- Alqueria de Vilches\u00a0","inLanguage":"es"},"inLanguage":"es"}]}},"jetpack_publicize_connections":[],"jetpack_featured_media_url":"https:\/\/i0.wp.com\/passporterapp.com\/es\/blog\/wp-content\/uploads\/2021\/02\/que-ver-cullera.jpg?fit=1071%2C1092&ssl=1","jetpack_likes_enabled":true,"jetpack_shortlink":"https:\/\/wp.me\/peeF4J-2Kl","jetpack_sharing_enabled":true,"_links":{"self":[{"href":"https:\/\/passporterapp.com\/es\/blog\/wp-json\/wp\/v2\/posts\/10561","targetHints":{"allow":["GET"]}}],"collection":[{"href":"https:\/\/passporterapp.com\/es\/blog\/wp-json\/wp\/v2\/posts"}],"about":[{"href":"https:\/\/passporterapp.com\/es\/blog\/wp-json\/wp\/v2\/types\/post"}],"author":[{"embeddable":true,"href":"https:\/\/passporterapp.com\/es\/blog\/wp-json\/wp\/v2\/users\/183705623"}],"replies":[{"embeddable":true,"href":"https:\/\/passporterapp.com\/es\/blog\/wp-json\/wp\/v2\/comments?post=10561"}],"version-history":[{"count":0,"href":"https:\/\/passporterapp.com\/es\/blog\/wp-json\/wp\/v2\/posts\/10561\/revisions"}],"wp:featuredmedia":[{"embeddable":true,"href":"https:\/\/passporterapp.com\/es\/blog\/wp-json\/wp\/v2\/media\/11490"}],"wp:attachment":[{"href":"https:\/\/passporterapp.com\/es\/blog\/wp-json\/wp\/v2\/media?parent=10561"}],"wp:term":[{"taxonomy":"category","embeddable":true,"href":"https:\/\/passporterapp.com\/es\/blog\/wp-json\/wp\/v2\/categories?post=10561"},{"taxonomy":"post_tag","embeddable":true,"href":"https:\/\/passporterapp.com\/es\/blog\/wp-json\/wp\/v2\/tags?post=10561"}],"curies":[{"name":"wp","href":"https:\/\/api.w.org\/{rel}","templated":true}]}}